{"id":11807,"date":"2018-06-15T20:55:21","date_gmt":"2018-06-15T18:55:21","guid":{"rendered":"http:\/\/semndecarte.metarsis.ro\/?p=11807"},"modified":"2018-06-15T20:55:21","modified_gmt":"2018-06-15T18:55:21","slug":"dan-d-farcas-acasa-2","status":"publish","type":"post","link":"https:\/\/semndecarte.metarsis.ro\/?p=11807","title":{"rendered":"Dan D. FARCA\u0218, acas\u0103"},"content":{"rendered":"<p><strong>OZN-uri deasupra Romaniei<\/strong><\/p>\n<p style=\"text-align: justify;\"><a href=\"http:\/\/semndecarte.metarsis.ro\/wp-content\/uploads\/2018\/06\/cop1.jpg\" rel=\"lightbox[11807]\"><img loading=\"lazy\" class=\"alignleft size-full wp-image-11824\" src=\"http:\/\/semndecarte.metarsis.ro\/wp-content\/uploads\/2018\/06\/cop1.jpg\" alt=\"cop1\" width=\"520\" height=\"275\" srcset=\"https:\/\/semndecarte.metarsis.ro\/wp-content\/uploads\/2018\/06\/cop1.jpg 520w, https:\/\/semndecarte.metarsis.ro\/wp-content\/uploads\/2018\/06\/cop1-160x85.jpg 160w, https:\/\/semndecarte.metarsis.ro\/wp-content\/uploads\/2018\/06\/cop1-163x86.jpg 163w\" sizes=\"(max-width: 520px) 100vw, 520px\" \/><\/a>\u201dOZN-uri deasupra\u00a0\u00a0Rom\u00e2niei\u201d, volum semnat Dan D. FARCA\u0218,\u00a0ap\u0103rut \u00een septembrie 2017\u00a0\u00een colec\u021bia TREBUIE S\u0102 \u0218TII\u00a0a\u00a0Grupului Editorial Trei, a fost lansat joi, 14 iunie 2018, la Re\u0219i\u021ba, \u00een prezen\u021ba autorului. Licen\u021biat \u00een matematic\u0103 \u0219i fizic\u0103, doctor \u00een matematic\u0103 \u0219i calculatoare, pre\u0219edinte al\u00a0Asocia\u021biei pentru Studiul Fenomenelor Aerospa\u021biale Neidentificate (ASFAN) din Rom\u00e2nia, cu peste 25 de c\u0103r\u021bi\u00a0publicate (informatic\u0103, filosofia cunoa\u0219terii, despre extratere\u0219tri, OZN-uri etc.), autor al\u00a0peste 1200 de articole, Dan D. FARCA\u0218 revine, anual, ACAS\u0102, unde este \u00eent\u00e2mpinat de prieteni. \u00centre prieteni s-a lansat, acas\u0103, la Re\u0219i\u021ba,\u00a0versiunea rom\u00e2neasc\u0103, realizat\u0103 de autor, dup\u0103 originalul \u00een lumba englez\u0103 \u201dUFOs over Romania\u201d publicat, la cererea editurii britanice Flying Disk Press \u00een 2016.<!--more--><\/p>\n<p style=\"text-align: justify;\">Iulian GEORGEVICI, cititor \u00eemp\u0103timit, a facut, \u00een deschiderea evenimentului, prezentarea autorului:\u00a0\u201dre\u0219i\u021bean de ob\u00e2r\u0219ie, cel care, n\u0103scut \u00eentr-un 1 aprilie 1940 \u2013 de r\u0103zboi, la \u00eenceput a hoin\u0103rit prin Re\u0219i\u021ba, dup\u0103 aceea prin \u021bar\u0103, dup\u0103 aceea prin lume; a hoin\u0103rit dintr-un spirit de curiozitate \u0219i pozitivism&#8230;\u00a0periplul prin lume, motivat, \u00eel poart\u0103 pe urmele lui Erich von D\u00e4niken p\u00e2n\u0103 \u00een Machu Picchu, descoperind lucruri care, la un moment dat, te \u00eensp\u0103im\u00e2nt\u0103\u00a0\u00a0prin lipsa r\u0103spunsurilor pe care le caut\u0103 \u00eentr-o serie de fapte&#8230; Prima carte semnat\u0103 de Dan Dezideriu Farca\u0219 pe care am citit-o, ap\u0103rut\u0103 \u00een 1987 intitulat\u0103 \u201dCui i-e frica de calculatorul electronic?\u201d avea o abordare uimitoare, extrem de liber\u0103, d\u00e2nd exemple din lumea vestic\u0103. O carte scris\u0103 cu curaj, care a spart tiparele, trec\u00e2nd cenzura vremii&#8230; \u00cen 1968, pe c\u00e2nd aveam 12 ani, preocuparea mea era s\u0103 \u0219tiu c\u0103t mai mult despre fenomenele petrecute \u00een p\u0103durile Hoia-Baciu despre care citisem un articol \u00een Stiin\u021b\u0103 \u0219i Tehnic\u0103&#8230; \u0218i tot \u00een martie 1968, dac\u0103 v\u0103 aduce\u021bi aminte, a ap\u0103rut un obiect straniu pe Semenic. Faptele sunt consemnate \u00een acest volum&#8230; O carte care consemneaz\u0103, \u00een spirit matematic, ordonat \u0219i extrem de riguros, ce s-a \u00eent\u00e2mplat \u00een Rom\u00e2nia, care genereaz\u0103, \u00een continuare, \u00eentreb\u0103ri nu doar \u00een Rom\u00e2nia ci \u0219i \u00een lumea \u00eentreag\u0103. O alt\u0103 carte care rupe tiparele este volumul elaborat\u00a0\u00a0cu profesorul Dulcan \u201dEnigma lumilor paralele\u201d. Si aici este prezent pozitivismul matematicianului intr\u00eend, \u00eens\u0103, \u00een lumea bioenergiilor \u0219i a tr\u0103irilor pe care mul\u021bi dintre noi le sim\u021bim \u0219i le raport\u0103m&#8230; Este un subiect la fel de fascinant ca celelalte&#8230;\u201d a spus, printre altele Iulian GEORGEVICI.<\/p>\n<p style=\"text-align: justify;\">Jurnalistul Mario BALINT a marturisit c\u0103 \u00eent\u00e2lnirea cu Dan D. FARCA\u0218 s-a petrecut cu mul\u021bi ani \u00een urm\u0103, atunci c\u00eend a citit \u201dDe ce tac civiliza\u021biile extraterestre?\u201d. \u201dV\u0103d \u0219i azi formula matematic\u0103 prin care se exprima mul\u021bimea lumilor locuite doar la nivelul galaxiei noastre, nelu\u00e2nd \u00een calcul celelalte galaxii. De atunci am \u00eenceput s\u0103 cred c\u0103 a te considera unic \u00een imensitatea cosmic\u0103 este o nebunie \u0219i o trufie maxim\u0103&#8230; \u201dOZNuri deasupra Rom\u00e2niei\u201d adun\u0103, \u00een paginile sale, mai multe apari\u021bii spectaculoase deasupra Rom\u00e2niei. Sigur, multe nu sunt cuprinse \u00een aceast\u0103 carte.\u00a0\u00a0Georg Kraus men\u021biona, \u00een Cronica Transilvanie- \u00eent\u00e2mpl\u0103ri din perioada 1608-1665, consemna, foarte interesant, c\u0103 \u00een 1657, pe 2 februarie, au fost observate pe cer trei stele de foc \u00eentr-un nor negru, lupt\u00e2ndu-se una cu alta&#8230; este, poate, descrierea care seaman\u0103 cel mai mult cu descrierea celebrelor vimana din poemele indiene Ramayana \u0219i Mahabharatha \u0219i este clar c\u0103 omenirea a tr\u0103it experien\u021be asem\u0103n\u0103toare&#8230; OZN-urile, \u00een form\u0103 fizic\u0103 sau nu, au leg\u0103tur\u0103 cu povestea celorlalte lumi, pentru c\u0103, a\u0219a cum spunea \u0219i Carl Segan, universurile paralele sunt mai aproape de noi dec\u00e2t m\u00e2inile \u0219i picioarele. Este absurd s\u0103 nu credem c\u0103 exist\u0103 aceste universuri\u00a0paralele&#8230;\u201d a spus Mario BALINT.<\/p>\n<p style=\"text-align: justify;\">Pasionat, citior si creator de literatur\u0103\u00a0\u00a0SF, jurnalistul Daniel BOTGROS a \u00eencheiat \u0219irul prezent\u0103rilor spun\u00e2nd, printre altele:\u00a0\u201d&#8230; Cartea uime\u0219te prin bog\u0103\u021bia informa\u021biilor, uime\u0219te prin intensitatea \u0219i complexitatea observa\u021biilor de cazuri OZN\u00a0\u00a0pe cerul Rom\u00e2niei&#8230; Noi, cei care suntem obi\u0219nui\u021bi cu literatura OZN-istic\u0103, cu apari\u021biile din America, Canada, Brazilia, Europa, p\u00e2n\u0103 am ajuns la cartea profesorului Farca\u0219\u00a0\u00a0nu ne-am imaginat c\u0103 \u0219i Rom\u00e2nia abund\u0103 \u00een astfel de observa\u021bii&#8230; De mai multe ori, \u00een Rom\u00e2nia, au intrat \u00een alert\u0103 unit\u0103\u021bi militare sau au fost ridicate avioane de lupt\u0103 urm\u0103rind obiecte zbur\u0103toare neindentificate. Ar fi aiurea s\u0103 credem c\u0103 toti acei oameni au luat-o razna&#8230; Aceast\u0103 carte este de o bog\u0103\u021bie incredibil\u0103 de informa\u021bii \u0219i cred c\u0103 se constituie\u00a0\u00a0\u00eentr-un adev\u0103rat manual \u0219i pentru cei familiariza\u021bi cu fenomenul OZN dar \u0219i pentru aceeia care nu au citit, poate, at\u00e2t de mult p\u00e2n\u0103 acum&#8230; Tr\u0103im \u00eentr-un univers ciudat \u0219i, cu toate izb\u00e2nzile noastre tehnologice, pare c\u0103, ceva mai puternic dec\u00e2t noi, exist\u0103, \u00een paralel cu noi. Ne-am obi\u0219nuit s\u0103 fim &lt;st\u0103p\u00e2nii&gt; acestei planete, suntem \u00een v\u00e2rful lan\u021bului trofic, nu?, nu mai exist\u0103 nicio fiin\u021b\u0103 la fel de inteligent\u0103 tehnologic vorbind, dar s-ar putea s\u0103 avem fiin\u021be mai inteligente \u00een jurul nostru pe care nu le observ\u0103m&#8230; Lu\u00e2nd \u00een calcul bog\u0103\u021bia de informa\u021bii, nuan\u021b\u00e2nd ni\u0219te fenomene, s-a ajuns la concluzia c\u0103 este mult mai greu s\u0103 ne viziteze at\u00e2t de des \u0219i c\u0103 exist\u0103 o matrice cultural\u0103 adaptat\u0103, de fiecare dat\u0103, la nivelul de dezvoltare al observatorului&#8230; Cartea profesorului Farca\u0219 este o contribu\u021bie inestimabil\u0103 la literatura noastr\u0103 de gen. Avem, iat\u0103, cazuri extrem de stranii, unele dintre ele mai stranii \u0219i mai concludente dec\u00e2t cele celebre consemnate de observatori din alte \u021b\u0103ri. Si m-a\u0219 referi la apra\u021biile din lacul Vidraru, la Fata Padurii din Maramure\u0219, la apari\u021bii multe \u0219i diverse condi\u021bionate, cumva, cultural \u0219i tehnologic de noi, de nivelul la care a ajuns societatea noastr\u0103, apari\u021bii multe dintre ele absurde, \u00een general sfideaz\u0103 logica, sfideaz\u0103 fizica dar las\u0103 urme&#8230; De la r\u0103piri la fenomenul de mising time la urme concrete de radia\u021bii, urme de substan\u021be necunoscute&#8230; Literatura OZN abund\u0103 de astfel de cazuri la care noi nu suntem, intotdeauna aten\u021bi. Tr\u0103im \u00eentr-un confort al nostru&#8230; Care este adev\u0103rata natur\u0103 a Universului nostru? Cu ce lumi interfer\u0103m?\u00a0Poate\u00a0\u00a0tr\u0103im \u00eentr-un soi de Martix \u0219i, atunci, s-ar putea ca\u00a0unele erori ale unui gigant computer care ar genera realitatea noastr\u0103 nou\u0103 s\u0103 ni se par\u0103 fenomene spectaculoase inesplicabile. La fel de bine cineva s-ar putea juca cu logica noastr\u0103 pentru c\u0103 acele obiecte care apar \u0219i acei ocupan\u021bi, acele dialoguri sunt, de multe ori, absurde&#8230; Mai sunt \u0219i personaje extraterestre pozitive care ne \u00eenva\u021b\u0103 s\u0103 fim buni cu animalele, cu plantele protej\u00e2nd planeta pentru a putea intra, \u00eentr-o bun\u0103 zi, \u00eentr-o familie galactic\u0103, a Universului din care acum nu putem face parte nefiind destul de evolua\u021bi spiritual&#8230; \u00cel felicit pe domnul profesor \u0219i-i mul\u021bumesc pentru c\u0103 a adus aceast\u0103 carte uimitoare la Re\u0219i\u021ba. V-o recomand cu c\u0103ldur\u0103&#8230;\u201d\u00a0a subliniat jurnalistul Daniel BORGROS.<\/p>\n<p style=\"text-align: justify;\">Dan D. Farca\u0219 a explicat geneza volumul \u201dUFOs over Rom\u00e2nia\u201d, a vorbit despre ASFAN \u0219i obiectele zbur\u0103toare neindentificate capt\u00e2nd, pentru minute bune, aten\u021bia publicului, st\u00e2rnind curiozitate, intreb\u0103ri si admira\u021bie. Seara s-a \u00eencheiat cu o sesiune de autografe. (Camelia DUCA)<\/p>\n<p style=\"text-align: justify;\"><a href=\"http:\/\/semndecarte.metarsis.ro\/wp-content\/uploads\/2018\/06\/Farcas-Dan-D-2018i_005.jpg\" rel=\"lightbox[11807]\"><img loading=\"lazy\" class=\"alignleft size-thumbnail wp-image-11808\" src=\"http:\/\/semndecarte.metarsis.ro\/wp-content\/uploads\/2018\/06\/Farcas-Dan-D-2018i_005-95x95.jpg\" alt=\"Farcas Dan D 2018i_005\" width=\"95\" height=\"95\" \/><\/a> <a href=\"http:\/\/semndecarte.metarsis.ro\/wp-content\/uploads\/2018\/06\/Farcas-Dan-D-2018i_007.jpg\" rel=\"lightbox[11807]\"><img loading=\"lazy\" class=\"alignleft size-thumbnail wp-image-11809\" src=\"http:\/\/semndecarte.metarsis.ro\/wp-content\/uploads\/2018\/06\/Farcas-Dan-D-2018i_007-95x95.jpg\" alt=\"Farcas Dan D 2018i_007\" width=\"95\" height=\"95\" \/><\/a> <a href=\"http:\/\/semndecarte.metarsis.ro\/wp-content\/uploads\/2018\/06\/Farcas-Dan-D-2018i_009.jpg\" rel=\"lightbox[11807]\"><img loading=\"lazy\" class=\"alignleft size-thumbnail wp-image-11810\" src=\"http:\/\/semndecarte.metarsis.ro\/wp-content\/uploads\/2018\/06\/Farcas-Dan-D-2018i_009-95x95.jpg\" alt=\"Farcas Dan D 2018i_009\" width=\"95\" height=\"95\" \/><\/a> <a href=\"http:\/\/semndecarte.metarsis.ro\/wp-content\/uploads\/2018\/06\/Farcas-Dan-D-2018i_010.jpg\" rel=\"lightbox[11807]\"><img loading=\"lazy\" class=\"alignleft size-thumbnail wp-image-11811\" src=\"http:\/\/semndecarte.metarsis.ro\/wp-content\/uploads\/2018\/06\/Farcas-Dan-D-2018i_010-95x95.jpg\" alt=\"Farcas Dan D 2018i_010\" width=\"95\" height=\"95\" \/><\/a> <a href=\"http:\/\/semndecarte.metarsis.ro\/wp-content\/uploads\/2018\/06\/Farcas-Dan-D-2018i_014.jpg\" rel=\"lightbox[11807]\"><img loading=\"lazy\" class=\"alignleft size-thumbnail wp-image-11812\" src=\"http:\/\/semndecarte.metarsis.ro\/wp-content\/uploads\/2018\/06\/Farcas-Dan-D-2018i_014-95x95.jpg\" alt=\"Farcas Dan D 2018i_014\" width=\"95\" height=\"95\" \/><\/a> <a href=\"http:\/\/semndecarte.metarsis.ro\/wp-content\/uploads\/2018\/06\/Farcas-Dan-D-2018i_019.jpg\" rel=\"lightbox[11807]\"><img loading=\"lazy\" class=\"alignleft size-thumbnail wp-image-11813\" src=\"http:\/\/semndecarte.metarsis.ro\/wp-content\/uploads\/2018\/06\/Farcas-Dan-D-2018i_019-95x95.jpg\" alt=\"Farcas Dan D 2018i_019\" width=\"95\" height=\"95\" \/><\/a> <a href=\"http:\/\/semndecarte.metarsis.ro\/wp-content\/uploads\/2018\/06\/Farcas-Dan-D-2018i_020.jpg\" rel=\"lightbox[11807]\"><img loading=\"lazy\" class=\"alignleft size-thumbnail wp-image-11814\" src=\"http:\/\/semndecarte.metarsis.ro\/wp-content\/uploads\/2018\/06\/Farcas-Dan-D-2018i_020-95x95.jpg\" alt=\"Farcas Dan D 2018i_020\" width=\"95\" height=\"95\" \/><\/a> <a href=\"http:\/\/semndecarte.metarsis.ro\/wp-content\/uploads\/2018\/06\/Farcas-Dan-D-2018i_024.jpg\" rel=\"lightbox[11807]\"><img loading=\"lazy\" class=\"alignleft size-thumbnail wp-image-11815\" src=\"http:\/\/semndecarte.metarsis.ro\/wp-content\/uploads\/2018\/06\/Farcas-Dan-D-2018i_024-95x95.jpg\" alt=\"Farcas Dan D 2018i_024\" width=\"95\" height=\"95\" \/><\/a> <a href=\"http:\/\/semndecarte.metarsis.ro\/wp-content\/uploads\/2018\/06\/Farcas-Dan-D-2018i_025.jpg\" rel=\"lightbox[11807]\"><img loading=\"lazy\" class=\"alignleft size-thumbnail wp-image-11816\" src=\"http:\/\/semndecarte.metarsis.ro\/wp-content\/uploads\/2018\/06\/Farcas-Dan-D-2018i_025-95x95.jpg\" alt=\"Farcas Dan D 2018i_025\" width=\"95\" height=\"95\" \/><\/a> <a href=\"http:\/\/semndecarte.metarsis.ro\/wp-content\/uploads\/2018\/06\/Farcas-Dan-D-2018i_031.jpg\" rel=\"lightbox[11807]\"><img loading=\"lazy\" class=\"alignleft size-thumbnail wp-image-11817\" src=\"http:\/\/semndecarte.metarsis.ro\/wp-content\/uploads\/2018\/06\/Farcas-Dan-D-2018i_031-95x95.jpg\" alt=\"Farcas Dan D 2018i_031\" width=\"95\" height=\"95\" \/><\/a> <a href=\"http:\/\/semndecarte.metarsis.ro\/wp-content\/uploads\/2018\/06\/Farcas-Dan-D-2018i_034.jpg\" rel=\"lightbox[11807]\"><img loading=\"lazy\" class=\"alignleft size-thumbnail wp-image-11818\" src=\"http:\/\/semndecarte.metarsis.ro\/wp-content\/uploads\/2018\/06\/Farcas-Dan-D-2018i_034-95x95.jpg\" alt=\"Farcas Dan D 2018i_034\" width=\"95\" height=\"95\" \/><\/a> <a href=\"http:\/\/semndecarte.metarsis.ro\/wp-content\/uploads\/2018\/06\/Farcas-Dan-D-2018i_038.jpg\" rel=\"lightbox[11807]\"><img loading=\"lazy\" class=\"alignleft size-thumbnail wp-image-11819\" src=\"http:\/\/semndecarte.metarsis.ro\/wp-content\/uploads\/2018\/06\/Farcas-Dan-D-2018i_038-95x95.jpg\" alt=\"Farcas Dan D 2018i_038\" width=\"95\" height=\"95\" \/><\/a> <a href=\"http:\/\/semndecarte.metarsis.ro\/wp-content\/uploads\/2018\/06\/Farcas-Dan-D-2018i_042.jpg\" rel=\"lightbox[11807]\"><img loading=\"lazy\" class=\"alignleft size-thumbnail wp-image-11820\" src=\"http:\/\/semndecarte.metarsis.ro\/wp-content\/uploads\/2018\/06\/Farcas-Dan-D-2018i_042-95x95.jpg\" alt=\"Farcas Dan D 2018i_042\" width=\"95\" height=\"95\" \/><\/a> <a href=\"http:\/\/semndecarte.metarsis.ro\/wp-content\/uploads\/2018\/06\/Farcas-Dan-D-2018i_047.jpg\" rel=\"lightbox[11807]\"><img loading=\"lazy\" class=\"alignleft size-thumbnail wp-image-11821\" src=\"http:\/\/semndecarte.metarsis.ro\/wp-content\/uploads\/2018\/06\/Farcas-Dan-D-2018i_047-95x95.jpg\" alt=\"Farcas Dan D 2018i_047\" width=\"95\" height=\"95\" \/><\/a> <a href=\"http:\/\/semndecarte.metarsis.ro\/wp-content\/uploads\/2018\/06\/Farcas-Dan-D-2018i_049.jpg\" rel=\"lightbox[11807]\"><img loading=\"lazy\" class=\"alignleft size-thumbnail wp-image-11822\" src=\"http:\/\/semndecarte.metarsis.ro\/wp-content\/uploads\/2018\/06\/Farcas-Dan-D-2018i_049-95x95.jpg\" alt=\"Farcas Dan D 2018i_049\" width=\"95\" height=\"95\" \/><\/a><\/p>\n","protected":false},"excerpt":{"rendered":"<p>\u201dOZN-uri deasupra  Rom\u00e2niei\u201d, volum semnat Dan D. FARCA\u0218, ap\u0103rut \u00een septembrie 2017 \u00een colec\u021bia TREBUIE S\u0102 \u0218TII a Grupului Editorial Trei, a fost lansat joi, 14 iunie 2018, la Re\u0219i\u021ba, \u00een prezen\u021ba autorului. Licen\u021biat \u00een matematic\u0103 \u0219i fizic\u0103, doctor \u00een matematic\u0103 \u0219i calculatoare, pre\u0219edinte al Asocia\u021biei pentru Studiul Fenomenelor Aerospa\u021biale Neidentificate (ASFAN) din Rom\u00e2nia<\/p>\n","protected":false},"author":1,"featured_media":0,"comment_status":"open","ping_status":"open","sticky":false,"template":"","format":"standard","meta":[],"categories":[7],"tags":[69],"_links":{"self":[{"href":"https:\/\/semndecarte.metarsis.ro\/index.php?rest_route=\/wp\/v2\/posts\/11807"}],"collection":[{"href":"https:\/\/semndecarte.metarsis.ro\/index.php?rest_route=\/wp\/v2\/posts"}],"about":[{"href":"https:\/\/semndecarte.metarsis.ro\/index.php?rest_route=\/wp\/v2\/types\/post"}],"author":[{"embeddable":true,"href":"https:\/\/semndecarte.metarsis.ro\/index.php?rest_route=\/wp\/v2\/users\/1"}],"replies":[{"embeddable":true,"href":"https:\/\/semndecarte.metarsis.ro\/index.php?rest_route=%2Fwp%2Fv2%2Fcomments&post=11807"}],"version-history":[{"count":0,"href":"https:\/\/semndecarte.metarsis.ro\/index.php?rest_route=\/wp\/v2\/posts\/11807\/revisions"}],"wp:attachment":[{"href":"https:\/\/semndecarte.metarsis.ro\/index.php?rest_route=%2Fwp%2Fv2%2Fmedia&parent=11807"}],"wp:term":[{"taxonomy":"category","embeddable":true,"href":"https:\/\/semndecarte.metarsis.ro\/index.php?rest_route=%2Fwp%2Fv2%2Fcategories&post=11807"},{"taxonomy":"post_tag","embeddable":true,"href":"https:\/\/semndecarte.metarsis.ro\/index.php?rest_route=%2Fwp%2Fv2%2Ftags&post=11807"}],"curies":[{"name":"wp","href":"https:\/\/api.w.org\/{rel}","templated":true}]}}