{"id":11697,"date":"2018-06-11T21:19:33","date_gmt":"2018-06-11T19:19:33","guid":{"rendered":"http:\/\/semndecarte.metarsis.ro\/?p=11697"},"modified":"2018-06-11T21:19:33","modified_gmt":"2018-06-11T19:19:33","slug":"100-de-note-100-de-prieteni-100-de-zambete","status":"publish","type":"post","link":"https:\/\/semndecarte.metarsis.ro\/?p=11697","title":{"rendered":"\u201d100 de note, 100 de prieteni, 100 de z\u00e2mbete\u201d"},"content":{"rendered":"<p style=\"font-weight: 400;\"><strong>Recital de pian, clasa prof. Ramona CRINA<\/strong><\/p>\n<p style=\"font-weight: 400; text-align: justify;\"><a href=\"http:\/\/semndecarte.metarsis.ro\/wp-content\/uploads\/2018\/06\/cop.jpg\" rel=\"lightbox[11697]\"><img loading=\"lazy\" class=\"alignleft size-full wp-image-11698\" src=\"http:\/\/semndecarte.metarsis.ro\/wp-content\/uploads\/2018\/06\/cop.jpg\" alt=\"cop\" width=\"519\" height=\"275\" srcset=\"https:\/\/semndecarte.metarsis.ro\/wp-content\/uploads\/2018\/06\/cop.jpg 519w, https:\/\/semndecarte.metarsis.ro\/wp-content\/uploads\/2018\/06\/cop-160x85.jpg 160w, https:\/\/semndecarte.metarsis.ro\/wp-content\/uploads\/2018\/06\/cop-163x86.jpg 163w\" sizes=\"(max-width: 519px) 100vw, 519px\" \/><\/a>Dupa-amiaz\u0103 de excep\u021bie, luni 11 iunie 2018, la libr\u0103ria re\u0219i\u021bean\u0103 Semn de Carte.\u00a0\u00a0Micu\u021bi mari piani\u0219ti, elevi ai clasei de pian prof. Ramona CRINA de la \u0218coala de Muzic\u0103 \u201dFilaret BARBU\u201d din Lugoj au oferit un recital plin de emo\u021bie, cu piese bine alese. L-am ascultat pe Albert- Gabriel DAMIAN cl. a III-a, elev al \u0218colii\u00a0\u00a0Gimnaziale \u201dSf\u00e2nta Maria\u201d din Timi\u0219oara cu:\u00a0\u00a0W. Gillock\u00a0\u00a0&#8211; Flamenco, French doll, Holiday in Paris, H. Ravina\u00a0\u00a0&#8211; Studiu \u0219i A. Diabelli \u2013 Alla Turca (patru m\u00e2ini) \u00eempreun\u0103 cu\u00a0\u00a0Patricia Ro\u0219ca,\u00a0\u00a0Iasmina- Maria TESLEVICI cl. a IV-a\u00a0\u00a0cu:\u00a0\u00a0F. Liszt \u2013 Studiul op.1 nr.10,\u00a0\u00a0D. Scarlatti \u2013 Sonata k85, E. Grieg \u2013 Zile de nunt\u0103 la Troldhaugen,\u00a0\u00a0Estera USCIUC\u00a0\u00a0cl. a IV-a, cu: F. Liszt\u00a0\u00a0\u2013 Studiul op.1 nr.1, A. Haciaturian \u2013 Sonatina (partea a III-a),\u00a0\u00a0Patricia-Maria RO\u0218CA cl. a IV-a, cu: S. Pautza \u2013 Interludium,\u00a0\u00a0M. Moszkowski \u2013 Studiul op.97 nr.10,\u00a0\u00a0I. Berkovici \u2013 Varia\u021biuni pe o tem\u0103 de Paganini \u0219i\u00a0\u00a0P. Constantinescu \u2013 Suita pentru pian nr.1 (Joc, Cantec, Joc dobrogean),\u00a0\u00a0Alecsia-Sharis C\u0102PRARU cl. a VI-a, cu:\u00a0\u00a0\u00a0G. Enescu \u2013 Preludiu din Suita \u00een stil vechi, op.3, Glinka\/ Balakirev \u2013 The Lark\u00a0\u00a0\u0219i, \u00een \u00eencheiere, pian la patru m\u00e2ini cu Patricia RO\u0218CA \u2013 Estera USCIUC , cu\u00a0\u00a0S. Pautza \u2013 Joc de doi din Banat, J. Brahms \u2013 Dans ungar nr.5, R. Strauss \u2013 Tritsch Tratsch Polka. <!--more--><a href=\"http:\/\/semndecarte.metarsis.ro\/wp-content\/uploads\/2018\/06\/DSC1649.jpg\" rel=\"lightbox[11697]\"><img loading=\"lazy\" class=\"alignleft size-thumbnail wp-image-11699\" src=\"http:\/\/semndecarte.metarsis.ro\/wp-content\/uploads\/2018\/06\/DSC1649-95x95.jpg\" alt=\"_DSC1649\" width=\"95\" height=\"95\" \/><\/a> <a href=\"http:\/\/semndecarte.metarsis.ro\/wp-content\/uploads\/2018\/06\/DSC1653.jpg\" rel=\"lightbox[11697]\"><img loading=\"lazy\" class=\"alignleft size-thumbnail wp-image-11700\" src=\"http:\/\/semndecarte.metarsis.ro\/wp-content\/uploads\/2018\/06\/DSC1653-95x95.jpg\" alt=\"_DSC1653\" width=\"95\" height=\"95\" \/><\/a> <a href=\"http:\/\/semndecarte.metarsis.ro\/wp-content\/uploads\/2018\/06\/DSC1659.jpg\" rel=\"lightbox[11697]\"><img loading=\"lazy\" class=\"alignleft size-thumbnail wp-image-11701\" src=\"http:\/\/semndecarte.metarsis.ro\/wp-content\/uploads\/2018\/06\/DSC1659-95x95.jpg\" alt=\"_DSC1659\" width=\"95\" height=\"95\" \/><\/a> <a href=\"http:\/\/semndecarte.metarsis.ro\/wp-content\/uploads\/2018\/06\/DSC1661.jpg\" rel=\"lightbox[11697]\"><img loading=\"lazy\" class=\"alignleft size-thumbnail wp-image-11702\" src=\"http:\/\/semndecarte.metarsis.ro\/wp-content\/uploads\/2018\/06\/DSC1661-95x95.jpg\" alt=\"_DSC1661\" width=\"95\" height=\"95\" \/><\/a> <a href=\"http:\/\/semndecarte.metarsis.ro\/wp-content\/uploads\/2018\/06\/34962581_2007618009273035_5367811699468402688_o.jpg\" rel=\"lightbox[11697]\"><img loading=\"lazy\" class=\"alignleft size-thumbnail wp-image-11703\" src=\"http:\/\/semndecarte.metarsis.ro\/wp-content\/uploads\/2018\/06\/34962581_2007618009273035_5367811699468402688_o-95x95.jpg\" alt=\"34962581_2007618009273035_5367811699468402688_o\" width=\"95\" height=\"95\" \/><\/a>Recitalul de luni dup\u0103- amiaz\u0103, a marcat \u00eencheierea proiectului desf\u0103\u0219urat pe parcursul anilor \u0219colari 2016-2017 \u0219i 2017-2018\u00a0\u00a0&#8211; \u201d100 de note, 100 de prieteni, 100 de z\u00e2mbete\u201d &#8211;\u00a0\u00a0proiect \u00een parteneriat: \u0218coala Gimnazial\u0103 de Muzic\u0103 \u201dFilaret Barbu\u201d din Lugoj \u2013 coordonator de proiect fiind prof. Ramona CRINA\u00a0\u00a0\u0219i Societatea pentru Cultur\u0103 \u201dMetarsis\u201d \u2013 activit\u0103\u021bi \u0219i servicii de cultur\u0103 urban\u0103 \u0219i art\u0103 contemporan\u0103, \u00eent\u00e2lnirile desf\u0103\u0219urate pe parcursul celor doi ani bucur\u00e2ndu-se de prezen\u021ba maestrului Sabin PAUTZA. (Camelia DUCA)<\/p>\n<p style=\"font-weight: 400; text-align: justify;\"><a href=\"http:\/\/semndecarte.metarsis.ro\/wp-content\/uploads\/2018\/06\/DSC1645.jpg\" rel=\"lightbox[11697]\"><img loading=\"lazy\" class=\"alignleft size-thumbnail wp-image-11704\" src=\"http:\/\/semndecarte.metarsis.ro\/wp-content\/uploads\/2018\/06\/DSC1645-95x95.jpg\" alt=\"_DSC1645\" width=\"95\" height=\"95\" \/><\/a> <a href=\"http:\/\/semndecarte.metarsis.ro\/wp-content\/uploads\/2018\/06\/34984688_2007617819273054_31760501469872128_o.jpg\" rel=\"lightbox[11697]\"><img loading=\"lazy\" class=\"alignleft size-thumbnail wp-image-11705\" src=\"http:\/\/semndecarte.metarsis.ro\/wp-content\/uploads\/2018\/06\/34984688_2007617819273054_31760501469872128_o-95x95.jpg\" alt=\"34984688_2007617819273054_31760501469872128_o\" width=\"95\" height=\"95\" \/><\/a> <a href=\"http:\/\/semndecarte.metarsis.ro\/wp-content\/uploads\/2018\/06\/35050679_2007618575939645_207718611438010368_o.jpg\" rel=\"lightbox[11697]\"><img loading=\"lazy\" class=\"alignleft size-thumbnail wp-image-11706\" src=\"http:\/\/semndecarte.metarsis.ro\/wp-content\/uploads\/2018\/06\/35050679_2007618575939645_207718611438010368_o-95x95.jpg\" alt=\"35050679_2007618575939645_207718611438010368_o\" width=\"95\" height=\"95\" \/><\/a> <a href=\"http:\/\/semndecarte.metarsis.ro\/wp-content\/uploads\/2018\/06\/35062734_2007618395939663_9164714006340960256_o.jpg\" rel=\"lightbox[11697]\"><img loading=\"lazy\" class=\"alignleft size-thumbnail wp-image-11707\" src=\"http:\/\/semndecarte.metarsis.ro\/wp-content\/uploads\/2018\/06\/35062734_2007618395939663_9164714006340960256_o-95x95.jpg\" alt=\"35062734_2007618395939663_9164714006340960256_o\" width=\"95\" height=\"95\" \/><\/a> <a href=\"http:\/\/semndecarte.metarsis.ro\/wp-content\/uploads\/2018\/06\/35086689_1854953487859115_1762223174583320576_n.jpg\" rel=\"lightbox[11697]\"><img loading=\"lazy\" class=\"alignleft size-thumbnail wp-image-11708\" src=\"http:\/\/semndecarte.metarsis.ro\/wp-content\/uploads\/2018\/06\/35086689_1854953487859115_1762223174583320576_n-95x95.jpg\" alt=\"35086689_1854953487859115_1762223174583320576_n\" width=\"95\" height=\"95\" \/><\/a><\/p>\n","protected":false},"excerpt":{"rendered":"<p>Dupa-amiaz\u0103 de excep\u021bie, luni 11 iunie 2018, la libr\u0103ria re\u0219i\u021bean\u0103 Semn de Carte.  Micu\u021bi mari piani\u0219ti, elevi ai clasei de pian prof. Ramona CRINA de la \u0218coala de Muzic\u0103 \u201dFilaret BARBU\u201d din Lugoj au oferit un recital plin de emo\u021bie, cu piese bine alese.<\/p>\n","protected":false},"author":1,"featured_media":0,"comment_status":"open","ping_status":"open","sticky":false,"template":"","format":"standard","meta":[],"categories":[7],"tags":[366],"_links":{"self":[{"href":"https:\/\/semndecarte.metarsis.ro\/index.php?rest_route=\/wp\/v2\/posts\/11697"}],"collection":[{"href":"https:\/\/semndecarte.metarsis.ro\/index.php?rest_route=\/wp\/v2\/posts"}],"about":[{"href":"https:\/\/semndecarte.metarsis.ro\/index.php?rest_route=\/wp\/v2\/types\/post"}],"author":[{"embeddable":true,"href":"https:\/\/semndecarte.metarsis.ro\/index.php?rest_route=\/wp\/v2\/users\/1"}],"replies":[{"embeddable":true,"href":"https:\/\/semndecarte.metarsis.ro\/index.php?rest_route=%2Fwp%2Fv2%2Fcomments&post=11697"}],"version-history":[{"count":0,"href":"https:\/\/semndecarte.metarsis.ro\/index.php?rest_route=\/wp\/v2\/posts\/11697\/revisions"}],"wp:attachment":[{"href":"https:\/\/semndecarte.metarsis.ro\/index.php?rest_route=%2Fwp%2Fv2%2Fmedia&parent=11697"}],"wp:term":[{"taxonomy":"category","embeddable":true,"href":"https:\/\/semndecarte.metarsis.ro\/index.php?rest_route=%2Fwp%2Fv2%2Fcategories&post=11697"},{"taxonomy":"post_tag","embeddable":true,"href":"https:\/\/semndecarte.metarsis.ro\/index.php?rest_route=%2Fwp%2Fv2%2Ftags&post=11697"}],"curies":[{"name":"wp","href":"https:\/\/api.w.org\/{rel}","templated":true}]}}