{"id":11680,"date":"2018-06-08T18:44:32","date_gmt":"2018-06-08T16:44:32","guid":{"rendered":"http:\/\/semndecarte.metarsis.ro\/?p=11680"},"modified":"2018-06-08T18:44:32","modified_gmt":"2018-06-08T16:44:32","slug":"cercetasi-si-buburuze-la-semn-de-carte","status":"publish","type":"post","link":"https:\/\/semndecarte.metarsis.ro\/?p=11680","title":{"rendered":"Cerceta\u0219i \u0219i Buburuze la Semn de Carte"},"content":{"rendered":"<div style=\"text-align: justify;\"><a href=\"http:\/\/semndecarte.metarsis.ro\/wp-content\/uploads\/2018\/06\/34700702_1641368792579301_1293007227380039680_n.jpg\" rel=\"lightbox[11680]\"><img loading=\"lazy\" class=\"alignleft size-full wp-image-11681\" src=\"http:\/\/semndecarte.metarsis.ro\/wp-content\/uploads\/2018\/06\/34700702_1641368792579301_1293007227380039680_n.jpg\" alt=\"34700702_1641368792579301_1293007227380039680_n\" width=\"520\" height=\"244\" srcset=\"https:\/\/semndecarte.metarsis.ro\/wp-content\/uploads\/2018\/06\/34700702_1641368792579301_1293007227380039680_n.jpg 520w, https:\/\/semndecarte.metarsis.ro\/wp-content\/uploads\/2018\/06\/34700702_1641368792579301_1293007227380039680_n-160x75.jpg 160w, https:\/\/semndecarte.metarsis.ro\/wp-content\/uploads\/2018\/06\/34700702_1641368792579301_1293007227380039680_n-163x76.jpg 163w\" sizes=\"(max-width: 520px) 100vw, 520px\" \/><\/a>Proiectul jude\u021bean &#8222;\u00cen lumea culorilor&#8221; a umplut de z\u00e2mbete \u0219i bucurie Libr\u0103ria Semn de Carte! O zi despre valori, despre frumos, despre modele! O zi \u00een care Buburuzele \u0219i Cerceta\u0219ii de la \u0218coala Gimnazial\u0103 Nr. 8 Re\u0219i\u021ba l-au intalnit pe pictorul re\u0219i\u021bean Francisc Matia\u0219, i-au admirat lucr\u0103rile \u0219i au vorbit despre art\u0103, talent, pasiune, despre culori, tr\u0103iri \u0219i sentimente! AriCel Iste\u021b a fost al\u0103turi de cei mici \u0219i a c\u00e2ntat \u0219i s-a bucurat \u00eempreun\u0103 cu minuna\u021bii prieteni ai copiilor- Camelia Duca \u0219i Lucian Duca, gazdele de ast\u0103zi ale celor mici. Al\u0103turi, bine\u00een\u021beles, ne- au fost \u0219i doamnele profesoare Otilia Duicu \u0219i Adria C\u0103r\u0103u\u0219an.\u00a0( prof.inv.primar Adria C\u0103r\u0103u\u0219an)<\/div>\n<p><!--more--><\/p>\n<div style=\"text-align: justify;\"><a href=\"http:\/\/semndecarte.metarsis.ro\/wp-content\/uploads\/2018\/06\/copii_001.jpg\" rel=\"lightbox[11680]\"><img loading=\"lazy\" class=\"alignleft size-thumbnail wp-image-11682\" src=\"http:\/\/semndecarte.metarsis.ro\/wp-content\/uploads\/2018\/06\/copii_001-95x95.jpg\" alt=\"copii_001\" width=\"95\" height=\"95\" \/><\/a> <a href=\"http:\/\/semndecarte.metarsis.ro\/wp-content\/uploads\/2018\/06\/copii_002.jpg\" rel=\"lightbox[11680]\"><img loading=\"lazy\" class=\"alignleft size-thumbnail wp-image-11683\" src=\"http:\/\/semndecarte.metarsis.ro\/wp-content\/uploads\/2018\/06\/copii_002-95x95.jpg\" alt=\"copii_002\" width=\"95\" height=\"95\" \/><\/a> <a href=\"http:\/\/semndecarte.metarsis.ro\/wp-content\/uploads\/2018\/06\/copii_003.jpg\" rel=\"lightbox[11680]\"><img loading=\"lazy\" class=\"alignleft size-thumbnail wp-image-11684\" src=\"http:\/\/semndecarte.metarsis.ro\/wp-content\/uploads\/2018\/06\/copii_003-95x95.jpg\" alt=\"copii_003\" width=\"95\" height=\"95\" \/><\/a> <a href=\"http:\/\/semndecarte.metarsis.ro\/wp-content\/uploads\/2018\/06\/copii_006.jpg\" rel=\"lightbox[11680]\"><img loading=\"lazy\" class=\"alignleft size-thumbnail wp-image-11685\" src=\"http:\/\/semndecarte.metarsis.ro\/wp-content\/uploads\/2018\/06\/copii_006-95x95.jpg\" alt=\"copii_006\" width=\"95\" height=\"95\" \/><\/a> <a href=\"http:\/\/semndecarte.metarsis.ro\/wp-content\/uploads\/2018\/06\/copii_007.jpg\" rel=\"lightbox[11680]\"><img loading=\"lazy\" class=\"alignleft size-thumbnail wp-image-11686\" src=\"http:\/\/semndecarte.metarsis.ro\/wp-content\/uploads\/2018\/06\/copii_007-95x95.jpg\" alt=\"copii_007\" width=\"95\" height=\"95\" \/><\/a> <a href=\"http:\/\/semndecarte.metarsis.ro\/wp-content\/uploads\/2018\/06\/copii_008.jpg\" rel=\"lightbox[11680]\"><img loading=\"lazy\" class=\"alignleft size-thumbnail wp-image-11687\" src=\"http:\/\/semndecarte.metarsis.ro\/wp-content\/uploads\/2018\/06\/copii_008-95x95.jpg\" alt=\"copii_008\" width=\"95\" height=\"95\" \/><\/a> <a href=\"http:\/\/semndecarte.metarsis.ro\/wp-content\/uploads\/2018\/06\/copii_009.jpg\" rel=\"lightbox[11680]\"><img loading=\"lazy\" class=\"alignleft size-thumbnail wp-image-11688\" src=\"http:\/\/semndecarte.metarsis.ro\/wp-content\/uploads\/2018\/06\/copii_009-95x95.jpg\" alt=\"copii_009\" width=\"95\" height=\"95\" \/><\/a> <a href=\"http:\/\/semndecarte.metarsis.ro\/wp-content\/uploads\/2018\/06\/copii_010.jpg\" rel=\"lightbox[11680]\"><img loading=\"lazy\" class=\"alignleft size-thumbnail wp-image-11689\" src=\"http:\/\/semndecarte.metarsis.ro\/wp-content\/uploads\/2018\/06\/copii_010-95x95.jpg\" alt=\"copii_010\" width=\"95\" height=\"95\" \/><\/a> <a href=\"http:\/\/semndecarte.metarsis.ro\/wp-content\/uploads\/2018\/06\/copii_011.jpg\" rel=\"lightbox[11680]\"><img loading=\"lazy\" class=\"alignleft size-thumbnail wp-image-11690\" src=\"http:\/\/semndecarte.metarsis.ro\/wp-content\/uploads\/2018\/06\/copii_011-95x95.jpg\" alt=\"copii_011\" width=\"95\" height=\"95\" \/><\/a> <a href=\"http:\/\/semndecarte.metarsis.ro\/wp-content\/uploads\/2018\/06\/copii_012.jpg\" rel=\"lightbox[11680]\"><img loading=\"lazy\" class=\"alignleft size-thumbnail wp-image-11691\" src=\"http:\/\/semndecarte.metarsis.ro\/wp-content\/uploads\/2018\/06\/copii_012-95x95.jpg\" alt=\"copii_012\" width=\"95\" height=\"95\" \/><\/a> <a href=\"http:\/\/semndecarte.metarsis.ro\/wp-content\/uploads\/2018\/06\/copii_013.jpg\" rel=\"lightbox[11680]\"><img loading=\"lazy\" class=\"alignleft size-thumbnail wp-image-11692\" src=\"http:\/\/semndecarte.metarsis.ro\/wp-content\/uploads\/2018\/06\/copii_013-95x95.jpg\" alt=\"copii_013\" width=\"95\" height=\"95\" \/><\/a> <a href=\"http:\/\/semndecarte.metarsis.ro\/wp-content\/uploads\/2018\/06\/copii_014.jpg\" rel=\"lightbox[11680]\"><img loading=\"lazy\" class=\"alignleft size-thumbnail wp-image-11693\" src=\"http:\/\/semndecarte.metarsis.ro\/wp-content\/uploads\/2018\/06\/copii_014-95x95.jpg\" alt=\"copii_014\" width=\"95\" height=\"95\" \/><\/a> <a href=\"http:\/\/semndecarte.metarsis.ro\/wp-content\/uploads\/2018\/06\/copii_015.jpg\" rel=\"lightbox[11680]\"><img loading=\"lazy\" class=\"alignleft size-thumbnail wp-image-11694\" src=\"http:\/\/semndecarte.metarsis.ro\/wp-content\/uploads\/2018\/06\/copii_015-95x95.jpg\" alt=\"copii_015\" width=\"95\" height=\"95\" \/><\/a> <a href=\"http:\/\/semndecarte.metarsis.ro\/wp-content\/uploads\/2018\/06\/copii_016.jpg\" rel=\"lightbox[11680]\"><img loading=\"lazy\" class=\"alignleft size-thumbnail wp-image-11695\" src=\"http:\/\/semndecarte.metarsis.ro\/wp-content\/uploads\/2018\/06\/copii_016-95x95.jpg\" alt=\"copii_016\" width=\"95\" height=\"95\" \/><\/a> <a href=\"http:\/\/semndecarte.metarsis.ro\/wp-content\/uploads\/2018\/06\/copii_017.jpg\" rel=\"lightbox[11680]\"><img loading=\"lazy\" class=\"alignleft size-thumbnail wp-image-11696\" src=\"http:\/\/semndecarte.metarsis.ro\/wp-content\/uploads\/2018\/06\/copii_017-95x95.jpg\" alt=\"copii_017\" width=\"95\" height=\"95\" \/><\/a><\/div>\n<p>&nbsp;<\/p>\n","protected":false},"excerpt":{"rendered":"<p>Proiectul jude\u021bean &#8222;\u00cen lumea culorilor&#8221; a umplut de z\u00e2mbete \u0219i bucurie Libr\u0103ria Semn de Carte! O zi despre valori, despre frumos, despre modele! O zi \u00een care Buburuzele \u0219i Cerceta\u0219ii de la \u0218coala Gimnazial\u0103 Nr. 8 Re\u0219i\u021ba l-au intalnit pe pictorul re\u0219i\u021bean Francisc Matia\u0219<\/p>\n","protected":false},"author":1,"featured_media":0,"comment_status":"open","ping_status":"open","sticky":false,"template":"","format":"standard","meta":[],"categories":[7],"tags":[151],"_links":{"self":[{"href":"https:\/\/semndecarte.metarsis.ro\/index.php?rest_route=\/wp\/v2\/posts\/11680"}],"collection":[{"href":"https:\/\/semndecarte.metarsis.ro\/index.php?rest_route=\/wp\/v2\/posts"}],"about":[{"href":"https:\/\/semndecarte.metarsis.ro\/index.php?rest_route=\/wp\/v2\/types\/post"}],"author":[{"embeddable":true,"href":"https:\/\/semndecarte.metarsis.ro\/index.php?rest_route=\/wp\/v2\/users\/1"}],"replies":[{"embeddable":true,"href":"https:\/\/semndecarte.metarsis.ro\/index.php?rest_route=%2Fwp%2Fv2%2Fcomments&post=11680"}],"version-history":[{"count":0,"href":"https:\/\/semndecarte.metarsis.ro\/index.php?rest_route=\/wp\/v2\/posts\/11680\/revisions"}],"wp:attachment":[{"href":"https:\/\/semndecarte.metarsis.ro\/index.php?rest_route=%2Fwp%2Fv2%2Fmedia&parent=11680"}],"wp:term":[{"taxonomy":"category","embeddable":true,"href":"https:\/\/semndecarte.metarsis.ro\/index.php?rest_route=%2Fwp%2Fv2%2Fcategories&post=11680"},{"taxonomy":"post_tag","embeddable":true,"href":"https:\/\/semndecarte.metarsis.ro\/index.php?rest_route=%2Fwp%2Fv2%2Ftags&post=11680"}],"curies":[{"name":"wp","href":"https:\/\/api.w.org\/{rel}","templated":true}]}}