{"id":11678,"date":"2018-06-07T16:59:58","date_gmt":"2018-06-07T14:59:58","guid":{"rendered":"http:\/\/semndecarte.metarsis.ro\/?p=11678"},"modified":"2018-06-07T17:02:12","modified_gmt":"2018-06-07T15:02:12","slug":"timp-si-contratimp-in-identitatea-banatului-de-munte-6","status":"publish","type":"post","link":"https:\/\/semndecarte.metarsis.ro\/?p=11678","title":{"rendered":"TIMP \u0219i CONTRATIMP \u00een identitatea Banatului de Munte"},"content":{"rendered":"<p style=\"font-weight: 400; text-align: justify;\"><strong>Presa c\u0103r\u0103\u015fan\u0103 promoveaz\u0103 ia \u0219i br\u00e2ul bana\u0163ean, edi\u021bia a VI-a<\/strong><\/p>\n<p style=\"font-weight: 400; text-align: justify;\"><a href=\"http:\/\/semndecarte.metarsis.ro\/wp-content\/uploads\/2018\/06\/Ia-romaneasca-si-braul-banatean_208.jpg\" rel=\"lightbox[11678]\"><img loading=\"lazy\" class=\"alignleft size-full wp-image-11679\" src=\"http:\/\/semndecarte.metarsis.ro\/wp-content\/uploads\/2018\/06\/Ia-romaneasca-si-braul-banatean_208.jpg\" alt=\"Ia romaneasca si braul banatean_208\" width=\"520\" height=\"200\" srcset=\"https:\/\/semndecarte.metarsis.ro\/wp-content\/uploads\/2018\/06\/Ia-romaneasca-si-braul-banatean_208.jpg 520w, https:\/\/semndecarte.metarsis.ro\/wp-content\/uploads\/2018\/06\/Ia-romaneasca-si-braul-banatean_208-160x62.jpg 160w, https:\/\/semndecarte.metarsis.ro\/wp-content\/uploads\/2018\/06\/Ia-romaneasca-si-braul-banatean_208-163x63.jpg 163w\" sizes=\"(max-width: 520px) 100vw, 520px\" \/><\/a>Mar\u021bi, 12 iunie 2018, orele 18:00, \u00een Centrul Civic al municipiului Re\u015fi\u0163a, dou\u0103 repere definitorii ale identit\u0103\u0163ii noastre na\u021bionale \u0219i locale\u2013 IA ROM\u00c2NEASC\u0102 \u015fi BR\u00c2UL B\u0102N\u0102\u0162EAN-\u00a0\u00a0vor fi puse \u00een valoare printr-un eveniment cultural ajuns la a VI-a edi\u021bie.<\/p>\n<p style=\"font-weight: 400; text-align: justify;\">Pornit \u00een anul 2013 din ini\u0163iativa a doi jurnali\u015fti re\u015fi\u0163eni, so\u0163ii Paula \u015fi Vasile Neam\u0163u sub genericul PRESA C\u0102R\u0102\u0218AN\u0102 PROMOVEAZ\u0102 IA evenimentul a fost unul de impact, \u00eentreaga pres\u0103 c\u0103r\u0103\u015fan\u0103 mediatiz\u00e2nd unul dintre reperele rom\u00e2ne\u015fti definitoriu peste TIMP. Din anul 2014 Societatea pentru Cultur\u0103 Metarsis \u2013activit\u0103\u021bi \u0219i servicii de cultur\u0103\u00a0urban\u0103\u00a0\u0219i art\u0103 contemporan\u0103\u00a0\u00a0a \u00eembr\u0103\u021bi\u0219at ideea \u0219i, la solicitarea celor doi so\u0163i, s-a al\u0103turat logistic \u00een organizarea manifest\u0103rilor. Tot de atunci iilor \u0219i c\u0103m\u0103\u0219ilor rom\u00e2ne\u0219ti- repere care transced TIMPUL li s-a ad\u0103ugat CONTRATIMPUL br\u00e2ului b\u0103n\u0103\u0163ean, joc din patrimoniul imaterial al Banatului de Munte pe care Eftimie Murgu \u00eel definea plastic: \u201csar \u00een \u015fir to\u0163i deodat\u0103, astfel \u00eenc\u00e2t al treilea pas s\u0103 \u0163in\u0103 ritmul\u201d.<!--more--><\/p>\n<p style=\"font-weight: 400; text-align: justify;\">\u00cen AN CENTENAR, IA \u0219i BR\u00c2UL B\u0102N\u0102\u021aEAN, transpuse ca TIMP \u0219i CONTRATIMP \u00een identitatea Banatului de Munte ne vor aduna, \u00eempreun\u0103, mar\u021bi, 12 iunie 2018, orele 17:45, \u00een CENTRUL CIVIC al Re\u0219i\u021bei. Ne vom prinde cocarde tricolore \u00een piept m\u0103rturisind dragostea pentru aceast\u0103 \u021bar\u0103 at\u00e2t de frumoas\u0103, leag\u0103n de DOIN\u0102 \u0219i plai de poveste. Ne vom prinde, \u201ccu fal\u0103\u201d, \u00eentr-un br\u00e2u b\u0103n\u0103\u0163ean, \u00een semn de respect fa\u0163\u0103 de valorile na\u0163ionale, \u00eentru cinstirea mo\u0219ilor \u0219i a str\u0103mo\u015filor no\u015ftri.<\/p>\n<p style=\"font-weight: 400; text-align: justify;\">Pentru c\u0103 toate DORURILE nostre sunt eternizate \u00een IA rom\u00e2neasc\u0103 \u015fi toata FALA B\u0102N\u0102\u021aEAN\u0102 este articulat\u0103 \u00een melodiile c\u00e2ntate pe \u201ctimp\u201d \u015fi jucate pe \u201ccontratimp\u201d \u00eentr-o rela\u0163ie des\u0103v\u00e2r\u015fit\u0103 \u00eentre muzican\u0163i \u015fi dansatori.<\/p>\n<p style=\"font-weight: 400; text-align: justify;\">Veni\u0163i \u00eembr\u0103ca\u0163i \u00een ii sau c\u0103m\u0103\u0219i populare s\u0103 m\u0103rturisim demnitatea rom\u00e2neasc\u0103 \u015fi s\u0103 ar\u0103t\u0103m lumii \u00eentregi c\u0103 suntem B\u0102N\u0102\u021aENI, c\u0103 suntem ROM\u00c2NI.<\/p>\n<p style=\"font-weight: 400; text-align: justify;\">\u201cNatura omului se cuprinde \u00een suflet \u015fi \u00een trup.\u201d Paul Iorgovici<\/p>\n<p style=\"font-weight: 400; text-align: justify;\">Organizator: METARSIS- activit\u0103\u021bi \u0219i servicii de cultur\u0103\u00a0urban\u0103\u00a0\u0219i art\u0103 contemporan\u0103.\u00a0Parteneri: Consiliul Jude\u0163ean Cara\u0219-Severin \u0219i Prim\u0103ria Re\u0219i\u021ba.\u00a0\u00a0Parteneri culturali: ISJ CS, Ansamblul \u0219i Orchestra\u00a0\u00a0B\u00c2RZAVA.\u00a0Parteneri media: PRESA C\u0102R\u0102\u0218AN\u0102<\/p>\n","protected":false},"excerpt":{"rendered":"<p>Mar\u021bi, 12 iunie 2018, orele 18:00, \u00een Centrul Civic al municipiului Re\u015fi\u0163a, dou\u0103 repere definitorii ale identit\u0103\u0163ii noastre na\u021bionale \u0219i locale\u2013 IA ROM\u00c2NEASC\u0102 \u015fi BR\u00c2UL B\u0102N\u0102\u0162EAN-  vor fi puse \u00een valoare printr-un eveniment cultural ajuns la a VI-a edi\u021bie.<\/p>\n","protected":false},"author":1,"featured_media":0,"comment_status":"open","ping_status":"open","sticky":false,"template":"","format":"standard","meta":[],"categories":[3],"tags":[402],"_links":{"self":[{"href":"https:\/\/semndecarte.metarsis.ro\/index.php?rest_route=\/wp\/v2\/posts\/11678"}],"collection":[{"href":"https:\/\/semndecarte.metarsis.ro\/index.php?rest_route=\/wp\/v2\/posts"}],"about":[{"href":"https:\/\/semndecarte.metarsis.ro\/index.php?rest_route=\/wp\/v2\/types\/post"}],"author":[{"embeddable":true,"href":"https:\/\/semndecarte.metarsis.ro\/index.php?rest_route=\/wp\/v2\/users\/1"}],"replies":[{"embeddable":true,"href":"https:\/\/semndecarte.metarsis.ro\/index.php?rest_route=%2Fwp%2Fv2%2Fcomments&post=11678"}],"version-history":[{"count":0,"href":"https:\/\/semndecarte.metarsis.ro\/index.php?rest_route=\/wp\/v2\/posts\/11678\/revisions"}],"wp:attachment":[{"href":"https:\/\/semndecarte.metarsis.ro\/index.php?rest_route=%2Fwp%2Fv2%2Fmedia&parent=11678"}],"wp:term":[{"taxonomy":"category","embeddable":true,"href":"https:\/\/semndecarte.metarsis.ro\/index.php?rest_route=%2Fwp%2Fv2%2Fcategories&post=11678"},{"taxonomy":"post_tag","embeddable":true,"href":"https:\/\/semndecarte.metarsis.ro\/index.php?rest_route=%2Fwp%2Fv2%2Ftags&post=11678"}],"curies":[{"name":"wp","href":"https:\/\/api.w.org\/{rel}","templated":true}]}}