{"id":11676,"date":"2018-06-07T09:35:15","date_gmt":"2018-06-07T07:35:15","guid":{"rendered":"http:\/\/semndecarte.metarsis.ro\/?p=11676"},"modified":"2018-06-07T09:35:15","modified_gmt":"2018-06-07T07:35:15","slug":"recital-de-pian","status":"publish","type":"post","link":"https:\/\/semndecarte.metarsis.ro\/?p=11676","title":{"rendered":"Recital de pian"},"content":{"rendered":"<p style=\"font-weight: 400;\"><strong>100 de note, 100 de prieteni, 100 de z\u00e2mbete<\/strong><\/p>\n<p style=\"font-weight: 400; text-align: justify;\"><a href=\"http:\/\/semndecarte.metarsis.ro\/wp-content\/uploads\/2018\/06\/Recital-de-pian-CRISTIAN-SANDRIN.jpg\" rel=\"lightbox[11676]\"><img loading=\"lazy\" class=\"alignleft size-full wp-image-11677\" src=\"http:\/\/semndecarte.metarsis.ro\/wp-content\/uploads\/2018\/06\/Recital-de-pian-CRISTIAN-SANDRIN.jpg\" alt=\"Recital-de-pian-CRISTIAN-SANDRIN\" width=\"520\" height=\"200\" srcset=\"https:\/\/semndecarte.metarsis.ro\/wp-content\/uploads\/2018\/06\/Recital-de-pian-CRISTIAN-SANDRIN.jpg 520w, https:\/\/semndecarte.metarsis.ro\/wp-content\/uploads\/2018\/06\/Recital-de-pian-CRISTIAN-SANDRIN-160x62.jpg 160w, https:\/\/semndecarte.metarsis.ro\/wp-content\/uploads\/2018\/06\/Recital-de-pian-CRISTIAN-SANDRIN-163x63.jpg 163w\" sizes=\"(max-width: 520px) 100vw, 520px\" \/><\/a>Luni, 11 iunie 2018, ora 15:30, libr\u0103ria re\u0219i\u021bean\u0103 Semn de Carte,\u00a0<a href=\"https:\/\/maps.google.com\/?q=str.+Libert%C4%83%C8%9Bii+13&amp;entry=gmail&amp;source=g\">str. Libert\u0103\u021bii 13<\/a>, g\u0103zdui\u0219te recitalul de pian clasa prof. Ramona CRINA, \u0218coala de Muzic\u0103 \u201dFilaret BARBU\u201d Lugoj. Laureat\u0103 cu titlul de EXCELEN\u021a\u0102 pentru PROFESOR la ultimele dou\u0103 edi\u021bii ale Concursului de Interpretare Pianistic\u0103 \u0219i Compozi\u021bie din cadrul Festivalului Interna\u021bional \u201dSabin PAUTZA\u201d,\u00a0\u00a0titlu ce se acord\u0103 profesorului cu cel mai mare num\u0103r de competitori premia\u021bi domni\u0219oara profesor vine la Re\u0219i\u021ba inso\u021bit\u0103 de: Albert- Gabriel DAMIAN, Ana B\u0102LT\u0102RE\u021aU, Iasmina- Maria TESLEVICI, Estera USCIUC, Patricia-Maria RO\u0218CA, Alecsia-Sharis C\u0102PRARU.<!--more--><\/p>\n<p style=\"font-weight: 400; text-align: justify;\">\u00cent\u00eelnirea este parte a proiectului educa\u021bional \u201d100 de note, 100 de prieteni, 100 de z\u00e2mbete\u201d, proiect bilateral- Societatea pentru Cultur\u0103 METARSIS- activit\u0103\u021bi \u0219i servicii de cultur\u0103 urban\u0103 \u0219i art\u0103 contemporan\u0103 \u0219i \u0218coala Gimnazial\u0103 de Muzic\u0103 \u201dFilaret BARBU\u201d,\u00a0\u00a0s-a derulat pe parcursul anilor \u0219colari 2016- 2017 \u0219i 2017-2018 at\u00e2t la Re\u0219i\u021ba c\u00e2t \u0219i la Lugoj \u0219i s-a bucurat de prezen\u021ba maestrului Sabin PAUTZA.<\/p>\n<p style=\"font-weight: 400; text-align: justify;\">V\u0103 a\u0219tept\u0103m, cu drag, la \u00eent\u00e2lnirea cu micu\u021bii mari pianis\u0219ti de la Lugoj.<\/p>\n","protected":false},"excerpt":{"rendered":"<p>Luni, 11 iunie 2018, ora 15:30, libr\u0103ria re\u0219i\u021bean\u0103 Semn de Carte, str. Libert\u0103\u021bii 13, g\u0103zdui\u0219te recitalul de pian clasa prof. Ramona CRINA, \u0218coala de Muzic\u0103 \u201dFilaret BARBU\u201d Lugoj.<\/p>\n","protected":false},"author":1,"featured_media":0,"comment_status":"open","ping_status":"open","sticky":false,"template":"","format":"standard","meta":[],"categories":[3],"tags":[366],"_links":{"self":[{"href":"https:\/\/semndecarte.metarsis.ro\/index.php?rest_route=\/wp\/v2\/posts\/11676"}],"collection":[{"href":"https:\/\/semndecarte.metarsis.ro\/index.php?rest_route=\/wp\/v2\/posts"}],"about":[{"href":"https:\/\/semndecarte.metarsis.ro\/index.php?rest_route=\/wp\/v2\/types\/post"}],"author":[{"embeddable":true,"href":"https:\/\/semndecarte.metarsis.ro\/index.php?rest_route=\/wp\/v2\/users\/1"}],"replies":[{"embeddable":true,"href":"https:\/\/semndecarte.metarsis.ro\/index.php?rest_route=%2Fwp%2Fv2%2Fcomments&post=11676"}],"version-history":[{"count":0,"href":"https:\/\/semndecarte.metarsis.ro\/index.php?rest_route=\/wp\/v2\/posts\/11676\/revisions"}],"wp:attachment":[{"href":"https:\/\/semndecarte.metarsis.ro\/index.php?rest_route=%2Fwp%2Fv2%2Fmedia&parent=11676"}],"wp:term":[{"taxonomy":"category","embeddable":true,"href":"https:\/\/semndecarte.metarsis.ro\/index.php?rest_route=%2Fwp%2Fv2%2Fcategories&post=11676"},{"taxonomy":"post_tag","embeddable":true,"href":"https:\/\/semndecarte.metarsis.ro\/index.php?rest_route=%2Fwp%2Fv2%2Ftags&post=11676"}],"curies":[{"name":"wp","href":"https:\/\/api.w.org\/{rel}","templated":true}]}}