{"id":11618,"date":"2018-05-11T14:59:11","date_gmt":"2018-05-11T12:59:11","guid":{"rendered":"http:\/\/semndecarte.metarsis.ro\/?p=11618"},"modified":"2018-05-14T13:48:53","modified_gmt":"2018-05-14T11:48:53","slug":"festivalul-international-sabin-pauta-ed-a-v-a-resita-16-20-mai-2018","status":"publish","type":"post","link":"https:\/\/semndecarte.metarsis.ro\/?p=11618","title":{"rendered":"FESTIVALUL INTERNA\u021aIONAL SABIN PAU\u021aA, ed. a V-a, Re\u0219i\u021ba, 16-20 mai 2018"},"content":{"rendered":"<p style=\"text-align: justify;\"><a href=\"http:\/\/semndecarte.metarsis.ro\/wp-content\/uploads\/2018\/05\/cover-webt_001.jpg\" rel=\"lightbox[11618]\"><img loading=\"lazy\" class=\"alignleft size-full wp-image-11619\" src=\"http:\/\/semndecarte.metarsis.ro\/wp-content\/uploads\/2018\/05\/cover-webt_001.jpg\" alt=\"cover webt_001\" width=\"520\" height=\"193\" srcset=\"https:\/\/semndecarte.metarsis.ro\/wp-content\/uploads\/2018\/05\/cover-webt_001.jpg 520w, https:\/\/semndecarte.metarsis.ro\/wp-content\/uploads\/2018\/05\/cover-webt_001-160x59.jpg 160w, https:\/\/semndecarte.metarsis.ro\/wp-content\/uploads\/2018\/05\/cover-webt_001-163x60.jpg 163w\" sizes=\"(max-width: 520px) 100vw, 520px\" \/><\/a>Pornit din respect pentru muzica de calitate \u0219i din considera\u021bie fa\u021b\u0103 de unul dintre compozitorii \u0219i dirijorii rom\u00e2ni de prestigiu interna\u021bional, maestrul Sabin PAUTZA, FESTIVALUL INTERNA\u021aIONAL SABIN PAUTZA, ed. a V-a, se va desf\u0103\u0219ura la Re\u0219i\u021ba, \u00een inima Banatului Montan, \u00eentre 16- 20 mai 2018. Anul acesta \u00eel vom onora \u00a0pe Maestru la 75 de ani de via\u021b\u0103 \u0219i 55 de ani de carier\u0103. <!--more-->Festivalul va cuprinde recitaluri, concerte, expozi\u021bii, lansare de CD \u0219i cea de-a V-a edi\u021bie a CONCURSULUI DE INTERPRETARE PIANISTIC\u0102 \u00a0\u0218I COMPOZI\u021aIE\u00a0 SABIN PAUTZA.<\/p>\n<p><strong>Concursul Interna\u021bional de Interpretare Pianistic\u0103 \u0219i Compozi\u021bie <em>Sabin Pautza <\/em><\/strong><\/p>\n<p><strong>edi\u021bia a V-a, 18-20 mai 2018<\/strong><\/p>\n<p>Liceul de Arte <em>Sabin Pautza<\/em>Re\u0219i\u021ba, Sala LIRA<\/p>\n<p><strong>VINERI, 18 mai 2018<\/strong><\/p>\n<p>Ora 09:30 &#8211; Categoria D \u2013 Etapa I<\/p>\n<p>Ora 10:00 \u2013 Categoria C<\/p>\n<p>Ora 14:30 \u2013 Categoria D \u2013 Etapa a II-a<\/p>\n<p><strong>S\u00c2MB\u0102T\u0102, 19 mai 2018<\/strong><\/p>\n<p>Ora 14:00 \u2013 Categoria A<\/p>\n<p>Ora 14:10 \u2013 CategoriaB<\/p>\n<p>Ora 15:30 \u2013 Categoria E<\/p>\n<p><strong>Programare Repeti\u021bii Sala LIRA Liceul de Arte <em>Sabin Pautza<\/em>Re\u0219i\u021ba<\/strong><\/p>\n<p><u>VINERI, 18 mai 2018<\/u><\/p>\n<p>Ora\u00a0 08:00 &#8211; 09:15 \u2013 Categoria C \u0219i Categoria D<\/p>\n<p>Ora\u00a0 11:00\u00a0 &#8211;\u00a0 FISP, Daria TUDOR<\/p>\n<p>Ora 12:30 &#8211; 14:00 \u2013 Categoria D<\/p>\n<p>Ora\u00a0 16:00\u00a0 &#8211;\u00a0 FISP, Monica FLORESCU &amp;Makcim FERNANDEZ-SAMODAIEV<\/p>\n<p><u>S\u00c2MB\u0102T\u0102, 19 mai 2018<\/u><\/p>\n<p>Ora 09:00 \u2013 Categoria E<\/p>\n<p>Ora 11:00 \u2013 Categoria A \u0219i Categoria B<\/p>\n<p>Ora 13:00 \u2013FISP, Fabiani PRCSINA<\/p>\n<p>Ora 16:30 \u2013 FISP, Anca VASILE &amp;Alessandro TREBESCHI (Italia)<\/p>\n<p><u>DUMINIC\u0102, 20 mai 2018<\/u><\/p>\n<p>Ora 11:00 \u2013 FISP, Radu T\u00d6R\u00d6K<\/p>\n<p>Ora 12:00 \u2013 Categoria D (Filarmonica de Stat Arad)<\/p>\n<p style=\"text-align: justify;\"><a href=\"http:\/\/semndecarte.metarsis.ro\/wp-content\/uploads\/2018\/05\/Caiet-FISP-V-2018.pdf\">Caiet FISP V 2018<\/a><\/p>\n<p style=\"text-align: justify;\"><a href=\"http:\/\/semndecarte.metarsis.ro\/wp-content\/uploads\/2018\/05\/Afis-FISP-V-tipar-MIC.jpg\" rel=\"lightbox[11618]\"><img loading=\"lazy\" class=\"alignleft size-large wp-image-11620\" src=\"http:\/\/semndecarte.metarsis.ro\/wp-content\/uploads\/2018\/05\/Afis-FISP-V-tipar-MIC-115x163.jpg\" alt=\"Afis FISP V tipar MIC\" width=\"115\" height=\"163\" srcset=\"https:\/\/semndecarte.metarsis.ro\/wp-content\/uploads\/2018\/05\/Afis-FISP-V-tipar-MIC-115x163.jpg 115w, https:\/\/semndecarte.metarsis.ro\/wp-content\/uploads\/2018\/05\/Afis-FISP-V-tipar-MIC-113x160.jpg 113w, https:\/\/semndecarte.metarsis.ro\/wp-content\/uploads\/2018\/05\/Afis-FISP-V-tipar-MIC.jpg 1771w\" sizes=\"(max-width: 115px) 100vw, 115px\" \/><\/a><\/p>\n","protected":false},"excerpt":{"rendered":"<p>FESTIVALUL INTERNA\u021aIONAL SABIN PAUTZA, ed. a V-a, se va desf\u0103\u0219ura la Re\u0219i\u021ba, \u00een inima Banatului Montan, \u00eentre 16- 20 mai 2018. <\/p>\n","protected":false},"author":1,"featured_media":0,"comment_status":"open","ping_status":"open","sticky":false,"template":"","format":"standard","meta":[],"categories":[1],"tags":[],"_links":{"self":[{"href":"https:\/\/semndecarte.metarsis.ro\/index.php?rest_route=\/wp\/v2\/posts\/11618"}],"collection":[{"href":"https:\/\/semndecarte.metarsis.ro\/index.php?rest_route=\/wp\/v2\/posts"}],"about":[{"href":"https:\/\/semndecarte.metarsis.ro\/index.php?rest_route=\/wp\/v2\/types\/post"}],"author":[{"embeddable":true,"href":"https:\/\/semndecarte.metarsis.ro\/index.php?rest_route=\/wp\/v2\/users\/1"}],"replies":[{"embeddable":true,"href":"https:\/\/semndecarte.metarsis.ro\/index.php?rest_route=%2Fwp%2Fv2%2Fcomments&post=11618"}],"version-history":[{"count":0,"href":"https:\/\/semndecarte.metarsis.ro\/index.php?rest_route=\/wp\/v2\/posts\/11618\/revisions"}],"wp:attachment":[{"href":"https:\/\/semndecarte.metarsis.ro\/index.php?rest_route=%2Fwp%2Fv2%2Fmedia&parent=11618"}],"wp:term":[{"taxonomy":"category","embeddable":true,"href":"https:\/\/semndecarte.metarsis.ro\/index.php?rest_route=%2Fwp%2Fv2%2Fcategories&post=11618"},{"taxonomy":"post_tag","embeddable":true,"href":"https:\/\/semndecarte.metarsis.ro\/index.php?rest_route=%2Fwp%2Fv2%2Ftags&post=11618"}],"curies":[{"name":"wp","href":"https:\/\/api.w.org\/{rel}","templated":true}]}}