{"id":11596,"date":"2018-04-23T16:48:13","date_gmt":"2018-04-23T14:48:13","guid":{"rendered":"http:\/\/semndecarte.metarsis.ro\/?p=11596"},"modified":"2018-04-23T16:48:13","modified_gmt":"2018-04-23T14:48:13","slug":"vasile-popovici","status":"publish","type":"post","link":"https:\/\/semndecarte.metarsis.ro\/?p=11596","title":{"rendered":"Vasile POPOVICI"},"content":{"rendered":"<p><strong>Expozi\u021bie art\u0103 plastic\u0103, lansare de carte<\/strong><\/p>\n<p style=\"text-align: justify;\"><a href=\"http:\/\/semndecarte.metarsis.ro\/wp-content\/uploads\/2018\/04\/cop1.jpg\" rel=\"lightbox[11596]\"><img loading=\"lazy\" class=\"alignleft size-full wp-image-11597\" src=\"http:\/\/semndecarte.metarsis.ro\/wp-content\/uploads\/2018\/04\/cop1.jpg\" alt=\"cop\" width=\"520\" height=\"211\" srcset=\"https:\/\/semndecarte.metarsis.ro\/wp-content\/uploads\/2018\/04\/cop1.jpg 520w, https:\/\/semndecarte.metarsis.ro\/wp-content\/uploads\/2018\/04\/cop1-160x65.jpg 160w, https:\/\/semndecarte.metarsis.ro\/wp-content\/uploads\/2018\/04\/cop1-163x66.jpg 163w\" sizes=\"(max-width: 520px) 100vw, 520px\" \/><\/a>Mar\u021bi, 24 aprilie 2018, ora 17:00, Universitatea \u201dEftimie Murgu\u201d din Re\u0219i\u021ba gazduie\u0219te, \u00een Aul\u0103, vernisajul expozi\u021biei de art\u0103 naiv\u0103 cu lucr\u0103ri semnate Vasile POPOVICI. Imobilizat treptat \u0219i total, de la 9 ani, \u00eentr-un scaun cu rotile, \u00eenving\u0103tor prin art\u0103, Vasilic\u0103 POPOVICI picteaz\u0103 \u021bin\u00e2nd pensula cu gura dar scrie cu sufletul \u201d \u00ceNV\u0102LUIT \u00ceN MAGIA CULORILOR\u201d, dest\u0103inuind via\u021ba sa de artist ca un testament l\u0103sat nou\u0103- o admirabil\u0103 lec\u021bie de via\u021b\u0103, de \u00eemp\u0103care cu sine \u0219i neabandonare, de curaj \u0219i \u00eencredere, de perseveren\u021b\u0103.<!--more--><\/p>\n<p style=\"text-align: justify;\"><a href=\"http:\/\/semndecarte.metarsis.ro\/wp-content\/uploads\/2018\/04\/Vasilica-Popovici.jpg\" rel=\"lightbox[11596]\"><img loading=\"lazy\" class=\"alignleft size-large wp-image-11598\" src=\"http:\/\/semndecarte.metarsis.ro\/wp-content\/uploads\/2018\/04\/Vasilica-Popovici-110x163.jpg\" alt=\"Vasilica Popovici\" width=\"110\" height=\"163\" srcset=\"https:\/\/semndecarte.metarsis.ro\/wp-content\/uploads\/2018\/04\/Vasilica-Popovici-110x163.jpg 110w, https:\/\/semndecarte.metarsis.ro\/wp-content\/uploads\/2018\/04\/Vasilica-Popovici-108x160.jpg 108w, https:\/\/semndecarte.metarsis.ro\/wp-content\/uploads\/2018\/04\/Vasilica-Popovici.jpg 539w\" sizes=\"(max-width: 110px) 100vw, 110px\" \/><\/a>Membu de onoare al Rotary Club Re\u0219i\u021ba, pentru merite deosebite, Vasile POPOPVICI este simbolul proiectului districtual \u201dCULORILE \u00a0CARE DAU VIA\u021a\u0102\u201d \u00a0ini\u021biat \u00een 2014 de Clubul Rotary Re\u0219i\u021ba \u00een \u00a0campania END POLYO NOW derulat\u0103 de Rotary Interna\u0163ional al\u0103turi de OMS (Organiza\u021bia Mondial\u0103 a S\u0103n\u0103t\u0103\u021bii) \u0219i UNICEF (United Nations International Children\u2019s Emergency Fund\/ Fondul Interna\u021bional pentru Urgen\u021be ale Copiilor al Na\u021biunilor Unite), campanie de eradicare a acestei boli invalidante, \u00een \u021b\u0103ri precum: Pakistan, Nigeria, Somalia, Irak, s.a., acolo unde, din cauza conflictelor armate, nu s-a reu\u0219it o vaccinare eficient\u0103. El \u00eensu\u0219i suferind de poliomielit\u0103 invalidant\u0103 \u00een copil\u0103rie, Vasile POPOVICI a donat lucr\u0103ri care, prin licita\u021bii, au \u00a0reu\u0219it s\u0103 colecteze peste 25.000 $, sumele fiind donate campaniei END POLYO NOW de Districtul 2241, Rom\u00e2nia- Republica Moldova.<\/p>\n<p style=\"text-align: justify;\">Invita\u021bi special: prof.dr. Ada D. CRUCEANU, critic de art\u0103; prof.dr. Florentina CZIPLE, pre\u0219edinte Rotary Club Re\u0219i\u021ba<\/p>\n<p style=\"text-align: justify;\">Moment muzical: Elisa MARCU \u0219i Daria CERNICICA, vioar\u0103, clasa prof. Viorica RO\u0218CA, Liceul de Arte Sabin P\u0102U\u021aA, Re\u0219i\u021ba<\/p>\n<p style=\"text-align: justify;\">Eveniment organizat de ROTARY CLUB RE\u0218I\u021aA cu sprijinul Societ\u0103\u021bii pentru Cultur\u0103 METARSIS, al Universit\u0103\u021bii EFTIMIE MURGU \u0219i al Liceului de Arte SABIN PAUTZA, Re\u0219i\u021ba.<\/p>\n","protected":false},"excerpt":{"rendered":"<p>Mar\u021bi, 24 aprilie 2018, ora 17:00, Universitatea \u201dEftimie Murgu\u201d din Re\u0219i\u021ba gazduie\u0219te, \u00een Aul\u0103, vernisajul expozi\u021biei de art\u0103 naiv\u0103 cu lucr\u0103ri semnate Vasile POPOVICI.<\/p>\n","protected":false},"author":1,"featured_media":0,"comment_status":"open","ping_status":"open","sticky":false,"template":"","format":"standard","meta":[],"categories":[3],"tags":[69,543],"_links":{"self":[{"href":"https:\/\/semndecarte.metarsis.ro\/index.php?rest_route=\/wp\/v2\/posts\/11596"}],"collection":[{"href":"https:\/\/semndecarte.metarsis.ro\/index.php?rest_route=\/wp\/v2\/posts"}],"about":[{"href":"https:\/\/semndecarte.metarsis.ro\/index.php?rest_route=\/wp\/v2\/types\/post"}],"author":[{"embeddable":true,"href":"https:\/\/semndecarte.metarsis.ro\/index.php?rest_route=\/wp\/v2\/users\/1"}],"replies":[{"embeddable":true,"href":"https:\/\/semndecarte.metarsis.ro\/index.php?rest_route=%2Fwp%2Fv2%2Fcomments&post=11596"}],"version-history":[{"count":0,"href":"https:\/\/semndecarte.metarsis.ro\/index.php?rest_route=\/wp\/v2\/posts\/11596\/revisions"}],"wp:attachment":[{"href":"https:\/\/semndecarte.metarsis.ro\/index.php?rest_route=%2Fwp%2Fv2%2Fmedia&parent=11596"}],"wp:term":[{"taxonomy":"category","embeddable":true,"href":"https:\/\/semndecarte.metarsis.ro\/index.php?rest_route=%2Fwp%2Fv2%2Fcategories&post=11596"},{"taxonomy":"post_tag","embeddable":true,"href":"https:\/\/semndecarte.metarsis.ro\/index.php?rest_route=%2Fwp%2Fv2%2Ftags&post=11596"}],"curies":[{"name":"wp","href":"https:\/\/api.w.org\/{rel}","templated":true}]}}