{"id":11591,"date":"2018-03-23T20:04:36","date_gmt":"2018-03-23T18:04:36","guid":{"rendered":"http:\/\/semndecarte.metarsis.ro\/?p=11591"},"modified":"2018-03-23T20:04:36","modified_gmt":"2018-03-23T18:04:36","slug":"mihai-serbu-tomis","status":"publish","type":"post","link":"https:\/\/semndecarte.metarsis.ro\/?p=11591","title":{"rendered":"Mihai \u0218ERBU TOMIS"},"content":{"rendered":"<p style=\"text-align: justify;\"><strong>FALSITATEA EXISTEN\u021aEI. Trup \u0219i suflet pe \u00een\u021belesul tuturor.<\/strong><\/p>\n<p style=\"text-align: justify;\"><a href=\"http:\/\/semndecarte.metarsis.ro\/wp-content\/uploads\/2018\/03\/admin-ajax.jpg\" rel=\"lightbox[11591]\"><img loading=\"lazy\" class=\"alignleft size-full wp-image-11592\" src=\"http:\/\/semndecarte.metarsis.ro\/wp-content\/uploads\/2018\/03\/admin-ajax.jpg\" alt=\"admin-ajax\" width=\"520\" height=\"200\" srcset=\"https:\/\/semndecarte.metarsis.ro\/wp-content\/uploads\/2018\/03\/admin-ajax.jpg 520w, https:\/\/semndecarte.metarsis.ro\/wp-content\/uploads\/2018\/03\/admin-ajax-160x62.jpg 160w, https:\/\/semndecarte.metarsis.ro\/wp-content\/uploads\/2018\/03\/admin-ajax-163x63.jpg 163w\" sizes=\"(max-width: 520px) 100vw, 520px\" \/><\/a>Mar\u021bi, 27 martie 2018, ora 17:30, libr\u0103ria Semn de Carte din\u00a0Re\u0219i\u021ba, str. Libert\u0103\u021bii 13, va g\u0103zdui prezentarea volumului FALSITATEA EXISTEN\u021aEI sau TRUP \u0218I SUFLET PE \u00ceN\u021aELESUL TUTUROR.\u00a0\u00a0Autorul, Mihai \u0218ERBU TOMIS, licen\u021biat al ANEFS Bucure\u0219ti \u0219i de\u021bin\u0103tor al unui master \u00een teologie ortodox\u0103,\u00a0va pleda, printr-o scurt\u0103 conferin\u021b\u0103,\u00a0pentru SUFLET CURAT \u00ceN TRUP EDUCAT, m\u0103rturisind crezul s\u0103u, consemnat \u00een volumul ap\u0103rut la editura Graph, \u00een 2016:<!--more--> \u201dAceste r\u00e2nduri s-au n\u0103scut din dorin\u021ba de a pune \u00eempreun\u0103 Sufletul \u0219i Trupul, a\u0219a cum Dumnezeu le-a edificat \u00eempreun\u0103 \u00een fiin\u021ba uman\u0103, nu separat&#8230;\u201d.<\/p>\n<p style=\"text-align: justify;\">Invitat special: Maestrul Sabin Pautza, pre\u0219edinte\u00a0\u201dMetarsis\u201d<\/p>\n<p style=\"text-align: justify;\">Moment muzical asigurat de Liceul de Arte \u201dSabin P\u0103u\u021ba\u201d Re\u0219i\u021ba: Giorgiana-Adriana Cojocariu, oboi, clasa prof. Zenaida V\u00e2rd\u0103u. La pian, prof.drd. Cristian Ro\u0219oag\u0103<\/p>\n<p style=\"text-align: justify;\">Eveniment organizat\u00a0de Societatea pentru Cultur\u0103 METARSIS prin libr\u0103ria Semn de Carte.<\/p>\n","protected":false},"excerpt":{"rendered":"<p>Mar\u021bi, 27 martie 2018, ora 17:30, libr\u0103ria Semn de Carte din Re\u0219i\u021ba, str. Libert\u0103\u021bii 13, va g\u0103zdui prezentarea volumului FALSITATEA EXISTEN\u021aEI sau TRUP \u0218I SUFLET PE \u00ceN\u021aELESUL TUTUROR.<\/p>\n","protected":false},"author":1,"featured_media":0,"comment_status":"open","ping_status":"open","sticky":false,"template":"","format":"standard","meta":[],"categories":[3],"tags":[103],"_links":{"self":[{"href":"https:\/\/semndecarte.metarsis.ro\/index.php?rest_route=\/wp\/v2\/posts\/11591"}],"collection":[{"href":"https:\/\/semndecarte.metarsis.ro\/index.php?rest_route=\/wp\/v2\/posts"}],"about":[{"href":"https:\/\/semndecarte.metarsis.ro\/index.php?rest_route=\/wp\/v2\/types\/post"}],"author":[{"embeddable":true,"href":"https:\/\/semndecarte.metarsis.ro\/index.php?rest_route=\/wp\/v2\/users\/1"}],"replies":[{"embeddable":true,"href":"https:\/\/semndecarte.metarsis.ro\/index.php?rest_route=%2Fwp%2Fv2%2Fcomments&post=11591"}],"version-history":[{"count":0,"href":"https:\/\/semndecarte.metarsis.ro\/index.php?rest_route=\/wp\/v2\/posts\/11591\/revisions"}],"wp:attachment":[{"href":"https:\/\/semndecarte.metarsis.ro\/index.php?rest_route=%2Fwp%2Fv2%2Fmedia&parent=11591"}],"wp:term":[{"taxonomy":"category","embeddable":true,"href":"https:\/\/semndecarte.metarsis.ro\/index.php?rest_route=%2Fwp%2Fv2%2Fcategories&post=11591"},{"taxonomy":"post_tag","embeddable":true,"href":"https:\/\/semndecarte.metarsis.ro\/index.php?rest_route=%2Fwp%2Fv2%2Ftags&post=11591"}],"curies":[{"name":"wp","href":"https:\/\/api.w.org\/{rel}","templated":true}]}}