{"id":11574,"date":"2018-02-23T19:58:40","date_gmt":"2018-02-23T17:58:40","guid":{"rendered":"http:\/\/semndecarte.metarsis.ro\/?p=11574"},"modified":"2018-02-25T22:28:50","modified_gmt":"2018-02-25T20:28:50","slug":"orhidee-din-banatul-montan","status":"publish","type":"post","link":"https:\/\/semndecarte.metarsis.ro\/?p=11574","title":{"rendered":"Orhidee din Banatul Montan"},"content":{"rendered":"<p style=\"text-align: justify;\"><strong>Expo fotografie Ioan ADAMEK (92 ani)<\/strong><\/p>\n<p style=\"text-align: justify;\"><a href=\"http:\/\/semndecarte.metarsis.ro\/wp-content\/uploads\/2018\/02\/cop.jpg\" rel=\"lightbox[11574]\"><img loading=\"lazy\" class=\"alignleft size-full wp-image-11575\" src=\"http:\/\/semndecarte.metarsis.ro\/wp-content\/uploads\/2018\/02\/cop.jpg\" alt=\"cop\" width=\"520\" height=\"200\" srcset=\"https:\/\/semndecarte.metarsis.ro\/wp-content\/uploads\/2018\/02\/cop.jpg 520w, https:\/\/semndecarte.metarsis.ro\/wp-content\/uploads\/2018\/02\/cop-160x62.jpg 160w, https:\/\/semndecarte.metarsis.ro\/wp-content\/uploads\/2018\/02\/cop-163x63.jpg 163w\" sizes=\"(max-width: 520px) 100vw, 520px\" \/><\/a>Conform promisiunii f\u0103cute la mijloc de ianuarie, atunci c\u00e2nd\u00a0\u00a0pe simezele libr\u0103riei re\u0219i\u021bene Semn de Carte\u00a0\u00a0se vernisa expozi\u021bia de fotografii semnate\u00a0\u00a0Ioan ADAMEK cu imagini din\u00a0\u00a0Cheile Cara\u0219ului \u0219i Cheile Rud\u0103riei, nonagenarul revine <strong>mar\u021bi, 27 februarie de la ora 17:30<\/strong>, cu fotografii inedite, \u00eentr-o nou\u0103 expozi\u021bie sub genericul \u201dOrhidee din Banatul Montan\u201d. Dedicat\u0103 doamnelor \u0219i domni\u0219oarelor, \u00eentr-un gest galant, orhideele sunt surprinse, de-a lungul timpului, \u00een drume\u021biile prin mun\u021bii \u0219i v\u0103ile fabulosului Banat Montan de un etalon al vie\u021bii s\u0103n\u0103toase, tr\u0103ite \u00een simbioz\u0103 cu natura, de cel n\u0103scut la 23 ianuarie 1926, decanul de v\u00e2rst\u0103 al Asoci\u021biei \u201dPrietenii Mun\u021bilor\u201d, Ioan ADAMEK.<!--more--><\/p>\n<p style=\"text-align: justify;\">Invita\u021bi special:\u00a0prof.univ.dr. Martin OLARU \u0219i prof.univ.dr. Sabin PAUTZA, pre\u0219edinte METARSIS.<\/p>\n<p style=\"text-align: justify;\">Eveniment organizat de Societatea pentru Cultur\u0103 METARSIS- activit\u0103\u021bi \u0219i servicii de cultur\u0103 urban\u0103 \u0219i art\u0103 contemporan\u0103 prin libr\u0103ria Semn de Carte.<\/p>\n","protected":false},"excerpt":{"rendered":"<p>nonagenarul revine cu fotografii inedite, \u00eentr-o nou\u0103 expozi\u021bie sub genericul \u201dOrhidee din Banatul Montan\u201d<\/p>\n","protected":false},"author":1,"featured_media":0,"comment_status":"open","ping_status":"open","sticky":false,"template":"","format":"standard","meta":[],"categories":[3],"tags":[578],"_links":{"self":[{"href":"https:\/\/semndecarte.metarsis.ro\/index.php?rest_route=\/wp\/v2\/posts\/11574"}],"collection":[{"href":"https:\/\/semndecarte.metarsis.ro\/index.php?rest_route=\/wp\/v2\/posts"}],"about":[{"href":"https:\/\/semndecarte.metarsis.ro\/index.php?rest_route=\/wp\/v2\/types\/post"}],"author":[{"embeddable":true,"href":"https:\/\/semndecarte.metarsis.ro\/index.php?rest_route=\/wp\/v2\/users\/1"}],"replies":[{"embeddable":true,"href":"https:\/\/semndecarte.metarsis.ro\/index.php?rest_route=%2Fwp%2Fv2%2Fcomments&post=11574"}],"version-history":[{"count":0,"href":"https:\/\/semndecarte.metarsis.ro\/index.php?rest_route=\/wp\/v2\/posts\/11574\/revisions"}],"wp:attachment":[{"href":"https:\/\/semndecarte.metarsis.ro\/index.php?rest_route=%2Fwp%2Fv2%2Fmedia&parent=11574"}],"wp:term":[{"taxonomy":"category","embeddable":true,"href":"https:\/\/semndecarte.metarsis.ro\/index.php?rest_route=%2Fwp%2Fv2%2Fcategories&post=11574"},{"taxonomy":"post_tag","embeddable":true,"href":"https:\/\/semndecarte.metarsis.ro\/index.php?rest_route=%2Fwp%2Fv2%2Ftags&post=11574"}],"curies":[{"name":"wp","href":"https:\/\/api.w.org\/{rel}","templated":true}]}}