{"id":11494,"date":"2018-01-24T19:43:34","date_gmt":"2018-01-24T17:43:34","guid":{"rendered":"http:\/\/semndecarte.metarsis.ro\/?p=11494"},"modified":"2018-01-24T19:43:34","modified_gmt":"2018-01-24T17:43:34","slug":"ioan-adamek","status":"publish","type":"post","link":"https:\/\/semndecarte.metarsis.ro\/?p=11494","title":{"rendered":"Ioan ADAMEK"},"content":{"rendered":"<p style=\"text-align: justify;\"><strong><a href=\"http:\/\/semndecarte.metarsis.ro\/wp-content\/uploads\/2018\/01\/cop2.jpg\" rel=\"lightbox[11494]\"><img loading=\"lazy\" class=\"alignleft size-full wp-image-11495\" src=\"http:\/\/semndecarte.metarsis.ro\/wp-content\/uploads\/2018\/01\/cop2.jpg\" alt=\"cop\" width=\"520\" height=\"231\" srcset=\"https:\/\/semndecarte.metarsis.ro\/wp-content\/uploads\/2018\/01\/cop2.jpg 520w, https:\/\/semndecarte.metarsis.ro\/wp-content\/uploads\/2018\/01\/cop2-160x71.jpg 160w, https:\/\/semndecarte.metarsis.ro\/wp-content\/uploads\/2018\/01\/cop2-163x72.jpg 163w\" sizes=\"(max-width: 520px) 100vw, 520px\" \/><\/a>Ioan Adamek<\/strong>, pre\u015fedintele Sec\u0163iei Drume\u0163ii\u00a0a Asocia\u0163iei Prietenii Mun\u0163ilor din Re\u015fi\u0163a, a \u00eemplinit ieri, 23 ianuarie, 92 de ani. Colegii de drume\u0163ii, fo\u015ftii sau actualii s\u0103i ucenici \u00een \u201earta drume\u0163iilor prin natur\u0103\u201d, prietenii, membri ai familiei, l-au s\u0103rb\u0103torit pe Ioan Adamek, s\u0103pt\u0103m\u00e2na trecut\u0103, la Libr\u0103ria Semn de carte din Re\u015fi\u0163a. Cu acea ocazie, \u00een 17 ianuarie, Ioan Adamek \u015fi-a vernisat o expozi\u0163ie de fotografie, cu imagini din Cheile Cara\u015fului \u015fi Cheile Rud\u0103riei, expozi\u0163ie deschis\u0103 \u015fi \u00een prezent.<!--more--><\/p>\n<p style=\"text-align: justify;\"><strong>\u201eUn exerci\u0163iu de prietenie adev\u0103rat\u0103!\u201d<\/strong><\/p>\n<p style=\"text-align: justify;\">\u00cen deschidere, gazda evenimentului, Camelia Duca, a spus printre altele:<\/p>\n<p style=\"text-align: justify;\"><a href=\"http:\/\/semndecarte.metarsis.ro\/wp-content\/uploads\/2018\/01\/Expo-Adamek_002.jpg\" rel=\"lightbox[11494]\"><img loading=\"lazy\" class=\"alignleft size-thumbnail wp-image-11496\" src=\"http:\/\/semndecarte.metarsis.ro\/wp-content\/uploads\/2018\/01\/Expo-Adamek_002-95x95.jpg\" alt=\"Expo Adamek_002\" width=\"95\" height=\"95\" \/><\/a> <a href=\"http:\/\/semndecarte.metarsis.ro\/wp-content\/uploads\/2018\/01\/Expo-Adamek_004.jpg\" rel=\"lightbox[11494]\"><img loading=\"lazy\" class=\"alignleft size-thumbnail wp-image-11497\" src=\"http:\/\/semndecarte.metarsis.ro\/wp-content\/uploads\/2018\/01\/Expo-Adamek_004-95x95.jpg\" alt=\"Expo Adamek_004\" width=\"95\" height=\"95\" \/><\/a> <a href=\"http:\/\/semndecarte.metarsis.ro\/wp-content\/uploads\/2018\/01\/Expo-Adamek_006.jpg\" rel=\"lightbox[11494]\"><img loading=\"lazy\" class=\"alignleft size-thumbnail wp-image-11498\" src=\"http:\/\/semndecarte.metarsis.ro\/wp-content\/uploads\/2018\/01\/Expo-Adamek_006-95x95.jpg\" alt=\"Expo Adamek_006\" width=\"95\" height=\"95\" \/><\/a> <a href=\"http:\/\/semndecarte.metarsis.ro\/wp-content\/uploads\/2018\/01\/Expo-Adamek_007.jpg\" rel=\"lightbox[11494]\"><img loading=\"lazy\" class=\"alignleft size-thumbnail wp-image-11499\" src=\"http:\/\/semndecarte.metarsis.ro\/wp-content\/uploads\/2018\/01\/Expo-Adamek_007-95x95.jpg\" alt=\"Expo Adamek_007\" width=\"95\" height=\"95\" \/><\/a> <a href=\"http:\/\/semndecarte.metarsis.ro\/wp-content\/uploads\/2018\/01\/Expo-Adamek_017.jpg\" rel=\"lightbox[11494]\"><img loading=\"lazy\" class=\"alignleft size-thumbnail wp-image-11500\" src=\"http:\/\/semndecarte.metarsis.ro\/wp-content\/uploads\/2018\/01\/Expo-Adamek_017-95x95.jpg\" alt=\"Expo Adamek_017\" width=\"95\" height=\"95\" \/><\/a>\u201ePentru c\u0103 tot se fac at\u00e2t de multe pledoarii pentru via\u0163\u0103 s\u0103n\u0103toas\u0103, pentru diete, pentru traiul \u00een natur\u0103, pentru sport \u015fi drume\u0163ii, \u015fi, culmea, de multe ori, aceste pledoarii sunt f\u0103cute de oameni supraponederali, sedentari, sau plictisi\u0163i, sau oameni pe fa\u0163a c\u0103rora cite\u015fti sictireala, sau o disperare, sau o nemul\u0163umire de via\u0163\u0103, cred c\u0103 cea mai bun\u0103 pledoarie pentru mi\u015fcare \u015fi un trai s\u0103n\u0103tos este s\u0103 \u00eei vedem \u015fi s\u0103 \u00eei ascult\u0103m pe oamenii care ating v\u00e2rste venerabile, care sunt senini, sunt \u00eemp\u0103ca\u0163i \u015fi ferici\u0163i, pentru c\u0103 tr\u0103iesc \u00een armonie cu natura \u015fi cu cei din jur. V\u0103 mul\u0163umesc, doamnelor \u015fi domnilor c\u0103 a\u0163i venit \u00een seara aceasta la Semn de carte, s\u0103-l onor\u0103m a\u015fa cum se cuvine pe Iani Adamek, s\u0103-i ascult\u0103m pove\u015ftile \u015fi pove\u0163ele, s\u0103 vernis\u0103m \u00eempreun\u0103 expozi\u0163ia sa de fotografie, o mic\u0103 parte din miile de fotografii pe care domnul Adamek le-a f\u0103cut \u00een c\u0103l\u0103toriile sale prin acest fabulos Banat Montan!\u201d \u201eTrebuie s\u0103 preciz\u0103m c\u0103 fotografiile au fost f\u0103cute pe vremea \u00een care nu existau aparate foto digitale, nu existau telefoane mobile care fac fotografii. Ast\u0103zi, toat\u0103 lumea face poze cu telefonul, ceea ce este foarte bine, este normal, dar, atunci, dintr-un film cu 32 sau 36 de pozi\u0163ii, nu \u015ftiu dac\u0103 ie\u015feau 5 sau 6 poze bune. Iar aceste poze se f\u0103ceau dup\u0103 un procedeu complicat \u00een laborator (&#8230;) V\u0103 mai mul\u0163umesc o dat\u0103 pentru c\u0103 sunte\u0163i aici, pentru c\u0103 aceast\u0103 \u00eent\u00e2lnire reprezint\u0103 un exerci\u0163iu de prietenie adev\u0103rat\u0103! \u00cei doresc lui Ioan Adamek mult\u0103 s\u0103n\u0103tate \u015fi \u00eei urez, la mul\u0163i ani!\u201d, a mai spus Camelia Duca.<\/p>\n<p style=\"text-align: justify;\">\u00cen fa\u0163a publicului, al\u0103turi de s\u0103rb\u0103toritul Ioan Adamek, au mai vorbit Helmut Krubl, pre\u015fedintele Asocia\u0163iei Prietenii Mun\u0163ilor, precum \u015fi prof. univ. dr. Gheorghe Popovici, autorul volumului Banatului Montan &#8211; Ghid turistic.<\/p>\n<p style=\"text-align: justify;\"><a href=\"http:\/\/semndecarte.metarsis.ro\/wp-content\/uploads\/2018\/01\/Expo-Adamek_003.jpg\" rel=\"lightbox[11494]\"><img loading=\"lazy\" class=\"alignleft size-thumbnail wp-image-11521\" src=\"http:\/\/semndecarte.metarsis.ro\/wp-content\/uploads\/2018\/01\/Expo-Adamek_003-95x95.jpg\" alt=\"Expo Adamek_003\" width=\"95\" height=\"95\" \/><\/a> <a href=\"http:\/\/semndecarte.metarsis.ro\/wp-content\/uploads\/2018\/01\/Expo-Adamek_011.jpg\" rel=\"lightbox[11494]\"><img loading=\"lazy\" class=\"alignleft size-thumbnail wp-image-11522\" src=\"http:\/\/semndecarte.metarsis.ro\/wp-content\/uploads\/2018\/01\/Expo-Adamek_011-95x95.jpg\" alt=\"Expo Adamek_011\" width=\"95\" height=\"95\" \/><\/a> <a href=\"http:\/\/semndecarte.metarsis.ro\/wp-content\/uploads\/2018\/01\/Expo-Adamek_015.jpg\" rel=\"lightbox[11494]\"><img loading=\"lazy\" class=\"alignleft size-thumbnail wp-image-11523\" src=\"http:\/\/semndecarte.metarsis.ro\/wp-content\/uploads\/2018\/01\/Expo-Adamek_015-95x95.jpg\" alt=\"Expo Adamek_015\" width=\"95\" height=\"95\" \/><\/a> <a href=\"http:\/\/semndecarte.metarsis.ro\/wp-content\/uploads\/2018\/01\/Expo-Adamek_019.jpg\" rel=\"lightbox[11494]\"><img loading=\"lazy\" class=\"alignleft size-thumbnail wp-image-11524\" src=\"http:\/\/semndecarte.metarsis.ro\/wp-content\/uploads\/2018\/01\/Expo-Adamek_019-95x95.jpg\" alt=\"Expo Adamek_019\" width=\"95\" height=\"95\" \/><\/a> <a href=\"http:\/\/semndecarte.metarsis.ro\/wp-content\/uploads\/2018\/01\/Expo-Adamek_020.jpg\" rel=\"lightbox[11494]\"><img loading=\"lazy\" class=\"alignleft size-thumbnail wp-image-11525\" src=\"http:\/\/semndecarte.metarsis.ro\/wp-content\/uploads\/2018\/01\/Expo-Adamek_020-95x95.jpg\" alt=\"Expo Adamek_020\" width=\"95\" height=\"95\" \/><\/a>Helmut Krubl, pre\u015fedintele Asocia\u0163iei Prietenii Mun\u0163ilor, a prezentat pe larg istoria asocia\u0163iei, a povestit cum s-a constituit asocia\u0163ia, cum au muncit la repararea cabanei de pe Muntele Semenic, a vorbit despre vechi \u015fi aprecia\u0163i membri ai asocia\u0163iei, cum au fost Carabeu, Anhauer, Gheorghi\u0163\u0103 \u015fi mul\u0163i al\u0163ii. Dar au fost men\u0163iona\u0163i \u015fi actuali membri foarte activi ai Asocia\u0163iei Prietenii Mun\u0163ilor, membrii care \u00eencurajeaz\u0103 copiii s\u0103 fac\u0103 sport \u015fi drume\u0163ii, cum sunt Cristina Ardeleanu, Alexandru Borza, Horst Mehr, Yvone Demeny. S-au f\u0103cut \u015fi planuri, cum ar fi organizarea unei tabere de var\u0103 pentru copii, pe l\u00e2ng\u0103 tab\u0103ra de iarn\u0103 de pe Semenic.<\/p>\n<p style=\"text-align: justify;\"><strong>\u201eCel mai bun cunosc\u0103tor al Banatului Montan!\u201d<\/strong><\/p>\n<p style=\"text-align: justify;\"><a href=\"http:\/\/semndecarte.metarsis.ro\/wp-content\/uploads\/2018\/01\/Expo-Adamek_023.jpg\" rel=\"lightbox[11494]\"><img loading=\"lazy\" class=\"alignleft size-thumbnail wp-image-11511\" src=\"http:\/\/semndecarte.metarsis.ro\/wp-content\/uploads\/2018\/01\/Expo-Adamek_023-95x95.jpg\" alt=\"Expo Adamek_023\" width=\"95\" height=\"95\" \/><\/a> <a href=\"http:\/\/semndecarte.metarsis.ro\/wp-content\/uploads\/2018\/01\/Expo-Adamek_024.jpg\" rel=\"lightbox[11494]\"><img loading=\"lazy\" class=\"alignleft size-thumbnail wp-image-11512\" src=\"http:\/\/semndecarte.metarsis.ro\/wp-content\/uploads\/2018\/01\/Expo-Adamek_024-95x95.jpg\" alt=\"Expo Adamek_024\" width=\"95\" height=\"95\" \/><\/a> <a href=\"http:\/\/semndecarte.metarsis.ro\/wp-content\/uploads\/2018\/01\/Expo-Adamek_034.jpg\" rel=\"lightbox[11494]\"><img loading=\"lazy\" class=\"alignleft size-thumbnail wp-image-11513\" src=\"http:\/\/semndecarte.metarsis.ro\/wp-content\/uploads\/2018\/01\/Expo-Adamek_034-95x95.jpg\" alt=\"Expo Adamek_034\" width=\"95\" height=\"95\" \/><\/a> <a href=\"http:\/\/semndecarte.metarsis.ro\/wp-content\/uploads\/2018\/01\/Expo-Adamek_038.jpg\" rel=\"lightbox[11494]\"><img loading=\"lazy\" class=\"alignleft size-thumbnail wp-image-11514\" src=\"http:\/\/semndecarte.metarsis.ro\/wp-content\/uploads\/2018\/01\/Expo-Adamek_038-95x95.jpg\" alt=\"Expo Adamek_038\" width=\"95\" height=\"95\" \/><\/a> <a href=\"http:\/\/semndecarte.metarsis.ro\/wp-content\/uploads\/2018\/01\/Expo-Adamek_087.jpg\" rel=\"lightbox[11494]\"><img loading=\"lazy\" class=\"alignleft size-thumbnail wp-image-11515\" src=\"http:\/\/semndecarte.metarsis.ro\/wp-content\/uploads\/2018\/01\/Expo-Adamek_087-95x95.jpg\" alt=\"Expo Adamek_087\" width=\"95\" height=\"95\" \/><\/a>\u201eIoan Adamek este, probabil, cel mai bun cunosc\u0103tor al Banatului Montan. El i-a \u00eenv\u0103\u0163at locurile, drumurile, v\u0103ile \u015fi mun\u0163ii, \u015fi pe ceilal\u0163i, pe cei care sunt \u015fi ei, la r\u00e2ndul lor, cunosc\u0103tori. Printre ace\u015ftia, \u015fi pe mine! Ioan Adamek este un om extrem de energic, de ordonat, de meticulos! \u00cemi aduc aminte. cu mul\u0163i ani \u00een urm\u0103, c\u00e2nd prezenta, la Casa de Cultur\u0103, diapozitive cu imagini din natur\u0103. C\u00e2t\u0103 lume se aduna \u015fi cum aplaudau! Era formidabil! Erau peisajele, erau florile acelea minunate! Deci, un om care iube\u015fte flora, fauna, dealurile, mun\u0163ii, acela nu poate s\u0103 fie dec\u00e2t un suflet bun! Ioan Adamek este un suflet deschis, de aceea \u015fi are at\u00e2\u0163ia prieteni, \u015fi \u00een v\u00e2rst\u0103, dar \u015fi tineri, care \u00eel pre\u0163uiesc. La mul\u0163i ani!\u201d<\/p>\n<p style=\"text-align: justify;\"><a href=\"http:\/\/semndecarte.metarsis.ro\/wp-content\/uploads\/2018\/01\/Expo-Adamek_027.jpg\" rel=\"lightbox[11494]\"><img loading=\"lazy\" class=\"alignleft size-thumbnail wp-image-11516\" src=\"http:\/\/semndecarte.metarsis.ro\/wp-content\/uploads\/2018\/01\/Expo-Adamek_027-95x95.jpg\" alt=\"Expo Adamek_027\" width=\"95\" height=\"95\" \/><\/a> <a href=\"http:\/\/semndecarte.metarsis.ro\/wp-content\/uploads\/2018\/01\/Expo-Adamek_028.jpg\" rel=\"lightbox[11494]\"><img loading=\"lazy\" class=\"alignleft size-thumbnail wp-image-11517\" src=\"http:\/\/semndecarte.metarsis.ro\/wp-content\/uploads\/2018\/01\/Expo-Adamek_028-95x95.jpg\" alt=\"Expo Adamek_028\" width=\"95\" height=\"95\" \/><\/a> <a href=\"http:\/\/semndecarte.metarsis.ro\/wp-content\/uploads\/2018\/01\/Expo-Adamek_029.jpg\" rel=\"lightbox[11494]\"><img loading=\"lazy\" class=\"alignleft size-thumbnail wp-image-11518\" src=\"http:\/\/semndecarte.metarsis.ro\/wp-content\/uploads\/2018\/01\/Expo-Adamek_029-95x95.jpg\" alt=\"Expo Adamek_029\" width=\"95\" height=\"95\" \/><\/a> <a href=\"http:\/\/semndecarte.metarsis.ro\/wp-content\/uploads\/2018\/01\/Expo-Adamek_030.jpg\" rel=\"lightbox[11494]\"><img loading=\"lazy\" class=\"alignleft size-thumbnail wp-image-11519\" src=\"http:\/\/semndecarte.metarsis.ro\/wp-content\/uploads\/2018\/01\/Expo-Adamek_030-95x95.jpg\" alt=\"Expo Adamek_030\" width=\"95\" height=\"95\" \/><\/a> <a href=\"http:\/\/semndecarte.metarsis.ro\/wp-content\/uploads\/2018\/01\/Expo-Adamek_031.jpg\" rel=\"lightbox[11494]\"><img loading=\"lazy\" class=\"alignleft size-thumbnail wp-image-11520\" src=\"http:\/\/semndecarte.metarsis.ro\/wp-content\/uploads\/2018\/01\/Expo-Adamek_031-95x95.jpg\" alt=\"Expo Adamek_031\" width=\"95\" height=\"95\" \/><\/a>Despre drume\u0163ii, despre frumuse\u0163ile naturii, despre personalitatea lui Ioan Adamek, despre frumuse\u0163ea Banatului Montan, reflectat\u0103 \u00een fotografiile lui Ioan Adamek, au mai vorbit prof. univ. dr. Nadia Potoceanu, fost\u0103 coleg\u0103 de serviciu cu Ioan Adamek, precum \u015fi Leonida Gheorghi\u0163\u0103, \u00een v\u00e2rst\u0103 de 90 de ani,\u00a0membru \u00eenc\u0103 activ al Asocia\u0163iei Prietenii Mun\u0163ilor\u00a0\u015fi prieten cu s\u0103rb\u0103toritul.<\/p>\n<p style=\"text-align: justify;\"><strong>Natura, ca terapie<\/strong><\/p>\n<p style=\"text-align: justify;\"><a href=\"http:\/\/semndecarte.metarsis.ro\/wp-content\/uploads\/2018\/01\/Expo-Adamek_005.jpg\" rel=\"lightbox[11494]\"><img loading=\"lazy\" class=\"alignleft size-thumbnail wp-image-11501\" src=\"http:\/\/semndecarte.metarsis.ro\/wp-content\/uploads\/2018\/01\/Expo-Adamek_005-95x95.jpg\" alt=\"Expo Adamek_005\" width=\"95\" height=\"95\" \/><\/a> <a href=\"http:\/\/semndecarte.metarsis.ro\/wp-content\/uploads\/2018\/01\/Expo-Adamek_013.jpg\" rel=\"lightbox[11494]\"><img loading=\"lazy\" class=\"alignleft size-thumbnail wp-image-11502\" src=\"http:\/\/semndecarte.metarsis.ro\/wp-content\/uploads\/2018\/01\/Expo-Adamek_013-95x95.jpg\" alt=\"Expo Adamek_013\" width=\"95\" height=\"95\" \/><\/a> <a href=\"http:\/\/semndecarte.metarsis.ro\/wp-content\/uploads\/2018\/01\/Expo-Adamek_032.jpg\" rel=\"lightbox[11494]\"><img loading=\"lazy\" class=\"alignleft size-thumbnail wp-image-11503\" src=\"http:\/\/semndecarte.metarsis.ro\/wp-content\/uploads\/2018\/01\/Expo-Adamek_032-95x95.jpg\" alt=\"Expo Adamek_032\" width=\"95\" height=\"95\" \/><\/a> <a href=\"http:\/\/semndecarte.metarsis.ro\/wp-content\/uploads\/2018\/01\/Expo-Adamek_035.jpg\" rel=\"lightbox[11494]\"><img loading=\"lazy\" class=\"alignleft size-thumbnail wp-image-11504\" src=\"http:\/\/semndecarte.metarsis.ro\/wp-content\/uploads\/2018\/01\/Expo-Adamek_035-95x95.jpg\" alt=\"Expo Adamek_035\" width=\"95\" height=\"95\" \/><\/a> <a href=\"http:\/\/semndecarte.metarsis.ro\/wp-content\/uploads\/2018\/01\/Expo-Adamek_036.jpg\" rel=\"lightbox[11494]\"><img loading=\"lazy\" class=\"alignleft size-thumbnail wp-image-11505\" src=\"http:\/\/semndecarte.metarsis.ro\/wp-content\/uploads\/2018\/01\/Expo-Adamek_036-95x95.jpg\" alt=\"Expo Adamek_036\" width=\"95\" height=\"95\" \/><\/a>Profesorul Gheorghe Popovici a vorbit despre rolul naturii ca element terapeutic \u00een via\u0163a oamenilor, despre efectul antistres al ie\u015firilor \u00een natur\u0103, despre rolul extraordinar al celor care \u00eei \u00eendrum\u0103 pe copii s\u0103 \u015ftie s\u0103 pre\u0163uiasc\u0103 darurile naturii. Iar unul dintre ace\u015fti oameni excep\u0163ionali, care a ini\u0163iat multe genera\u0163ii de copii \u00een cunoa\u015fterea frumuse\u0163ilor \u015fi tainelor naturii, este veteranul Ioan Adamek. Un alt element important al acestei educa\u0163ii pro-natur\u0103 este faptul c\u0103 \u00een perioada drume\u0163iilor, copii, dar \u015fi adul\u0163ii, pot sc\u0103pa de dependen\u0163a de tehnologie, de telefon mobil, tablet\u0103, laptop, televizor, a mai spus Gheorghe Popovici.<\/p>\n<p style=\"text-align: justify;\"><strong>\u201eCum s\u0103 nu iube\u015fti Re\u015fi\u0163a! Fiecare strad\u0103 duce \u00een natur\u0103!\u201d<\/strong><\/p>\n<p style=\"text-align: justify;\"><a href=\"http:\/\/semndecarte.metarsis.ro\/wp-content\/uploads\/2018\/01\/Expo-Adamek_059.jpg\" rel=\"lightbox[11494]\"><img loading=\"lazy\" class=\"alignleft size-thumbnail wp-image-11506\" src=\"http:\/\/semndecarte.metarsis.ro\/wp-content\/uploads\/2018\/01\/Expo-Adamek_059-95x95.jpg\" alt=\"Expo Adamek_059\" width=\"95\" height=\"95\" \/><\/a> <a href=\"http:\/\/semndecarte.metarsis.ro\/wp-content\/uploads\/2018\/01\/Expo-Adamek_070.jpg\" rel=\"lightbox[11494]\"><img loading=\"lazy\" class=\"alignleft size-thumbnail wp-image-11507\" src=\"http:\/\/semndecarte.metarsis.ro\/wp-content\/uploads\/2018\/01\/Expo-Adamek_070-95x95.jpg\" alt=\"Expo Adamek_070\" width=\"95\" height=\"95\" \/><\/a> <a href=\"http:\/\/semndecarte.metarsis.ro\/wp-content\/uploads\/2018\/01\/Expo-Adamek_074.jpg\" rel=\"lightbox[11494]\"><img loading=\"lazy\" class=\"alignleft size-thumbnail wp-image-11508\" src=\"http:\/\/semndecarte.metarsis.ro\/wp-content\/uploads\/2018\/01\/Expo-Adamek_074-95x95.jpg\" alt=\"Expo Adamek_074\" width=\"95\" height=\"95\" \/><\/a> <a href=\"http:\/\/semndecarte.metarsis.ro\/wp-content\/uploads\/2018\/01\/Expo-Adamek_076.jpg\" rel=\"lightbox[11494]\"><img loading=\"lazy\" class=\"alignleft size-thumbnail wp-image-11509\" src=\"http:\/\/semndecarte.metarsis.ro\/wp-content\/uploads\/2018\/01\/Expo-Adamek_076-95x95.jpg\" alt=\"Expo Adamek_076\" width=\"95\" height=\"95\" \/><\/a> <a href=\"http:\/\/semndecarte.metarsis.ro\/wp-content\/uploads\/2018\/01\/Expo-Adamek_086.jpg\" rel=\"lightbox[11494]\"><img loading=\"lazy\" class=\"alignleft size-thumbnail wp-image-11510\" src=\"http:\/\/semndecarte.metarsis.ro\/wp-content\/uploads\/2018\/01\/Expo-Adamek_086-95x95.jpg\" alt=\"Expo Adamek_086\" width=\"95\" height=\"95\" \/><\/a>S\u0103rb\u0103toritul, Ioan Adamek, a povestit pe larg despre c\u0103l\u0103toriile sale prin natur\u0103, c\u0103l\u0103torii f\u0103cute cu pasul, care, conform calculelor sale au dep\u0103\u015fit lungimea circumferin\u0163ei globului p\u0103m\u00e2ntesc pe la Ecuator. \u00cen deschiderea cuv\u00e2ntului s\u0103u, Ioan Adamek a spus:<\/p>\n<p style=\"text-align: justify;\">\u201eRe\u015fi\u0163a este un ora\u015f \u00een care fiecare strad\u0103 duce \u00een natur\u0103. Fiecare pas pe care \u00eel faci \u00een afara Re\u015fi\u0163ei te duce \u00eentr-un loc frumos din natur\u0103! \u00cen jurul Re\u015fi\u0163ei sunt at\u00e2tea tipuri de minunate orhidee. La numai 13 kilometri de ora\u015f se afl\u0103 Cheile Cara\u015fului, care sunt o minune! Prim\u0103vara, Cheile Cara\u015fului se \u00eempodobesc cu liliac, toamna, cu ro\u015ful frunzelor arborilor, cu rozul \u201eScumpiei\u201d. \u00cen Cheile Cara\u015ful cre\u015fte \u201ePecetea lui Solomon\u201d! Este unul din pu\u0163inele locuri din Europa unde mai cre\u015fte aceast\u0103 floare, dar mai sunt \u015fi alte flori rare care te cheam\u0103 s\u0103 le culegi\u201d.<\/p>\n<p style=\"text-align: justify;\">\u201e\u00cen Europa exist\u0103 58 de tipuri de orhidee. Eu, \u00een jurul Re\u015fi\u0163ei, am g\u0103sit 18 tipuri de orhidee! Le-am v\u0103zut, le-am fotografiat. Urm\u0103toarea expozi\u0163ie de fotografie pe care o voi face va fi cu orhidee! \u015ei va fi, probabil, de Ziua Femeii!\u201d, a mai precizat Ioan Adamek.<\/p>\n<p style=\"text-align: justify;\">Dup\u0103 lu\u0103rile de cuv\u00e2nt, organizatorii i-au f\u0103cut o surpriz\u0103 veteranului drume\u0163ilor din Re\u015fi\u0163a, Ioan Adamek, oferindu-i un tort aniversar, pe care Ioan Adamek l-a \u00eemp\u0103r\u0163it cu prietenii.<\/p>\n<p style=\"text-align: justify;\"><a href=\"http:\/\/semndecarte.metarsis.ro\/wp-content\/uploads\/2018\/01\/Expo-Adamek_033.jpg\" rel=\"lightbox[11494]\"><img loading=\"lazy\" class=\"alignleft size-thumbnail wp-image-11526\" src=\"http:\/\/semndecarte.metarsis.ro\/wp-content\/uploads\/2018\/01\/Expo-Adamek_033-95x95.jpg\" alt=\"Expo Adamek_033\" width=\"95\" height=\"95\" \/><\/a> <a href=\"http:\/\/semndecarte.metarsis.ro\/wp-content\/uploads\/2018\/01\/Expo-Adamek_047.jpg\" rel=\"lightbox[11494]\"><img loading=\"lazy\" class=\"alignleft size-thumbnail wp-image-11527\" src=\"http:\/\/semndecarte.metarsis.ro\/wp-content\/uploads\/2018\/01\/Expo-Adamek_047-95x95.jpg\" alt=\"Expo Adamek_047\" width=\"95\" height=\"95\" \/><\/a> <a href=\"http:\/\/semndecarte.metarsis.ro\/wp-content\/uploads\/2018\/01\/Expo-Adamek_048.jpg\" rel=\"lightbox[11494]\"><img loading=\"lazy\" class=\"alignleft size-thumbnail wp-image-11528\" src=\"http:\/\/semndecarte.metarsis.ro\/wp-content\/uploads\/2018\/01\/Expo-Adamek_048-95x95.jpg\" alt=\"Expo Adamek_048\" width=\"95\" height=\"95\" \/><\/a> <a href=\"http:\/\/semndecarte.metarsis.ro\/wp-content\/uploads\/2018\/01\/Expo-Adamek_064.jpg\" rel=\"lightbox[11494]\"><img loading=\"lazy\" class=\"alignleft size-thumbnail wp-image-11529\" src=\"http:\/\/semndecarte.metarsis.ro\/wp-content\/uploads\/2018\/01\/Expo-Adamek_064-95x95.jpg\" alt=\"Expo Adamek_064\" width=\"95\" height=\"95\" \/><\/a> <a href=\"http:\/\/semndecarte.metarsis.ro\/wp-content\/uploads\/2018\/01\/Expo-Adamek_067.jpg\" rel=\"lightbox[11494]\"><img loading=\"lazy\" class=\"alignleft size-thumbnail wp-image-11530\" src=\"http:\/\/semndecarte.metarsis.ro\/wp-content\/uploads\/2018\/01\/Expo-Adamek_067-95x95.jpg\" alt=\"Expo Adamek_067\" width=\"95\" height=\"95\" \/><\/a> <a href=\"http:\/\/semndecarte.metarsis.ro\/wp-content\/uploads\/2018\/01\/Expo-Adamek_078.jpg\" rel=\"lightbox[11494]\"><img loading=\"lazy\" class=\"alignleft size-thumbnail wp-image-11531\" src=\"http:\/\/semndecarte.metarsis.ro\/wp-content\/uploads\/2018\/01\/Expo-Adamek_078-95x95.jpg\" alt=\"Expo Adamek_078\" width=\"95\" height=\"95\" \/><\/a> <a href=\"http:\/\/semndecarte.metarsis.ro\/wp-content\/uploads\/2018\/01\/Expo-Adamek_080.jpg\" rel=\"lightbox[11494]\"><img loading=\"lazy\" class=\"alignleft size-thumbnail wp-image-11532\" src=\"http:\/\/semndecarte.metarsis.ro\/wp-content\/uploads\/2018\/01\/Expo-Adamek_080-95x95.jpg\" alt=\"Expo Adamek_080\" width=\"95\" height=\"95\" \/><\/a> <a href=\"http:\/\/semndecarte.metarsis.ro\/wp-content\/uploads\/2018\/01\/Expo-Adamek_085.jpg\" rel=\"lightbox[11494]\"><img loading=\"lazy\" class=\"alignleft size-thumbnail wp-image-11533\" src=\"http:\/\/semndecarte.metarsis.ro\/wp-content\/uploads\/2018\/01\/Expo-Adamek_085-95x95.jpg\" alt=\"Expo Adamek_085\" width=\"95\" height=\"95\" \/><\/a> <a href=\"http:\/\/semndecarte.metarsis.ro\/wp-content\/uploads\/2018\/01\/Expo-Adamek_089.jpg\" rel=\"lightbox[11494]\"><img loading=\"lazy\" class=\"alignleft size-thumbnail wp-image-11534\" src=\"http:\/\/semndecarte.metarsis.ro\/wp-content\/uploads\/2018\/01\/Expo-Adamek_089-95x95.jpg\" alt=\"Expo Adamek_089\" width=\"95\" height=\"95\" \/><\/a> <a href=\"http:\/\/semndecarte.metarsis.ro\/wp-content\/uploads\/2018\/01\/Expo-Adamek_010.jpg\" rel=\"lightbox[11494]\"><img loading=\"lazy\" class=\"alignleft size-thumbnail wp-image-11536\" src=\"http:\/\/semndecarte.metarsis.ro\/wp-content\/uploads\/2018\/01\/Expo-Adamek_010-95x95.jpg\" alt=\"Expo Adamek_010\" width=\"95\" height=\"95\" \/><\/a>Evenimentul a fost organizat de Societatea pentru Cultur\u0103 METARSIS &#8211; activit\u0103\u021bi \u0219i servicii de cultur\u0103 urban\u0103 \u0219i art\u0103 contemporan\u0103 prin libr\u0103ria Semn de Carte. (MATEI MIRCIOANE\u00a0&#8211; Argument)<\/p>\n","protected":false},"excerpt":{"rendered":"<p>Ioan Adamek, pre\u015fedintele Sec\u0163iei Drume\u0163ii a Asocia\u0163iei Prietenii Mun\u0163ilor din Re\u015fi\u0163a, a \u00eemplinit ieri, 23 ianuarie, 92 de ani. Colegii de drume\u0163ii, fo\u015ftii sau actualii s\u0103i ucenici \u00een \u201earta drume\u0163iilor prin natur\u0103\u201d, prietenii, membri ai familiei, l-au s\u0103rb\u0103torit pe Ioan Adamek, s\u0103pt\u0103m\u00e2na trecut\u0103, la Libr\u0103ria Semn de carte din Re\u015fi\u0163a. Cu acea ocazie, \u00een 17 ianuarie, Ioan Adamek \u015fi-a vernisat o expozi\u0163ie de fotografie, cu imagini din Cheile Cara\u015fului \u015fi Cheile Rud\u0103riei, expozi\u0163ie deschis\u0103 \u015fi \u00een prezent.<\/p>\n","protected":false},"author":1,"featured_media":0,"comment_status":"open","ping_status":"open","sticky":false,"template":"","format":"standard","meta":[],"categories":[7],"tags":[319,247,707],"_links":{"self":[{"href":"https:\/\/semndecarte.metarsis.ro\/index.php?rest_route=\/wp\/v2\/posts\/11494"}],"collection":[{"href":"https:\/\/semndecarte.metarsis.ro\/index.php?rest_route=\/wp\/v2\/posts"}],"about":[{"href":"https:\/\/semndecarte.metarsis.ro\/index.php?rest_route=\/wp\/v2\/types\/post"}],"author":[{"embeddable":true,"href":"https:\/\/semndecarte.metarsis.ro\/index.php?rest_route=\/wp\/v2\/users\/1"}],"replies":[{"embeddable":true,"href":"https:\/\/semndecarte.metarsis.ro\/index.php?rest_route=%2Fwp%2Fv2%2Fcomments&post=11494"}],"version-history":[{"count":0,"href":"https:\/\/semndecarte.metarsis.ro\/index.php?rest_route=\/wp\/v2\/posts\/11494\/revisions"}],"wp:attachment":[{"href":"https:\/\/semndecarte.metarsis.ro\/index.php?rest_route=%2Fwp%2Fv2%2Fmedia&parent=11494"}],"wp:term":[{"taxonomy":"category","embeddable":true,"href":"https:\/\/semndecarte.metarsis.ro\/index.php?rest_route=%2Fwp%2Fv2%2Fcategories&post=11494"},{"taxonomy":"post_tag","embeddable":true,"href":"https:\/\/semndecarte.metarsis.ro\/index.php?rest_route=%2Fwp%2Fv2%2Ftags&post=11494"}],"curies":[{"name":"wp","href":"https:\/\/api.w.org\/{rel}","templated":true}]}}