{"id":11493,"date":"2018-01-24T21:25:04","date_gmt":"2018-01-24T19:25:04","guid":{"rendered":"http:\/\/semndecarte.metarsis.ro\/?p=11493"},"modified":"2018-01-26T12:39:40","modified_gmt":"2018-01-26T10:39:40","slug":"cultura-uneste-2","status":"publish","type":"post","link":"https:\/\/semndecarte.metarsis.ro\/?p=11493","title":{"rendered":"CULTURA UNE\u0218TE"},"content":{"rendered":"<p class=\"m_-4326685723347426265gmail-NoSpacing\" style=\"text-align: justify;\"><b><span lang=\"RO\"><a href=\"http:\/\/semndecarte.metarsis.ro\/wp-content\/uploads\/2018\/01\/cop3.jpg\" rel=\"lightbox[11493]\"><img loading=\"lazy\" class=\"alignleft size-full wp-image-11567\" src=\"http:\/\/semndecarte.metarsis.ro\/wp-content\/uploads\/2018\/01\/cop3.jpg\" alt=\"cop\" width=\"519\" height=\"200\" srcset=\"https:\/\/semndecarte.metarsis.ro\/wp-content\/uploads\/2018\/01\/cop3.jpg 519w, https:\/\/semndecarte.metarsis.ro\/wp-content\/uploads\/2018\/01\/cop3-160x62.jpg 160w, https:\/\/semndecarte.metarsis.ro\/wp-content\/uploads\/2018\/01\/cop3-163x63.jpg 163w\" sizes=\"(max-width: 519px) 100vw, 519px\" \/><\/a>Concert emo\u0163ionant, sus\u0163inut de tineri muzicieni re\u015fi\u0163eni \u0219i invita\u021bii lor<\/span><\/b><span lang=\"RO\">\u00a0<\/span><\/p>\n<p class=\"m_-4326685723347426265gmail-NoSpacing\" style=\"text-align: justify;\"><span lang=\"RO\">Pentru re\u015fi\u0163eni, seara de vineri, 19 ianuarie 2018, a fost o adev\u0103rat\u0103 s\u0103rb\u0103toare, dup\u0103 ce au avut ocazia s\u0103 participe la un spectacol plin de emo\u0163ie. Tineri talenta\u0163i, fo\u015fti elevi ai Liceului de Arte \u201dSabin P\u0103u\u0163a\u201d din municipiul nostru, au urcat pe scena S\u0103lii \u201dLira\u201d \u015fi au \u00eenc\u00e2ntat publicul cu un concert cameral \u2013 arii din oper\u0103, interpretate de Ana Maria St\u0103noia, \u00een prezent, sopran\u0103 la Filarmonica Banatul din Timi\u015foara, de pianistul C\u0103t\u0103lin Iacob, doctorand la Lubbock University Texas din Statele Unite ale Americii, \u015fi flautistul Adrian Florentin Beko. Totodat\u0103, alte dou\u0103 tinere talente, din Lugoj, au fost invitate la acest concert. Este vorba de pianistele de la \u015ecoala de Muzic\u0103 \u201dFilaret Barbu\u201d, Bianca Maria Georgescu, clasa prof. Carmen Schoener \u015fi Patricia Maria Ro\u015fca, clasa prof. Ramona Crina, \u00a0nume de care, cu siguran\u0163\u0103, vom mai auzi \u00een viitor.<\/span><!--more--><\/p>\n<p class=\"m_-4326685723347426265gmail-NoSpacing\" style=\"text-align: justify;\"><span lang=\"RO\"><a href=\"http:\/\/semndecarte.metarsis.ro\/wp-content\/uploads\/2018\/01\/Cultura-unester_007.jpg\" rel=\"lightbox[11493]\"><img loading=\"lazy\" class=\"alignleft size-thumbnail wp-image-11537\" src=\"http:\/\/semndecarte.metarsis.ro\/wp-content\/uploads\/2018\/01\/Cultura-unester_007-95x95.jpg\" alt=\"Cultura unester_007\" width=\"95\" height=\"95\" \/><\/a> <a href=\"http:\/\/semndecarte.metarsis.ro\/wp-content\/uploads\/2018\/01\/Cultura-unester_008.jpg\" rel=\"lightbox[11493]\"><img loading=\"lazy\" class=\"alignleft size-thumbnail wp-image-11538\" src=\"http:\/\/semndecarte.metarsis.ro\/wp-content\/uploads\/2018\/01\/Cultura-unester_008-95x95.jpg\" alt=\"Cultura unester_008\" width=\"95\" height=\"95\" \/><\/a> <a href=\"http:\/\/semndecarte.metarsis.ro\/wp-content\/uploads\/2018\/01\/Cultura-unester_017.jpg\" rel=\"lightbox[11493]\"><img loading=\"lazy\" class=\"alignleft size-thumbnail wp-image-11539\" src=\"http:\/\/semndecarte.metarsis.ro\/wp-content\/uploads\/2018\/01\/Cultura-unester_017-95x95.jpg\" alt=\"Cultura unester_017\" width=\"95\" height=\"95\" \/><\/a> <a href=\"http:\/\/semndecarte.metarsis.ro\/wp-content\/uploads\/2018\/01\/Cultura-unester_020.jpg\" rel=\"lightbox[11493]\"><img loading=\"lazy\" class=\"alignleft size-thumbnail wp-image-11540\" src=\"http:\/\/semndecarte.metarsis.ro\/wp-content\/uploads\/2018\/01\/Cultura-unester_020-95x95.jpg\" alt=\"Cultura unester_020\" width=\"95\" height=\"95\" \/><\/a> <a href=\"http:\/\/semndecarte.metarsis.ro\/wp-content\/uploads\/2018\/01\/Cultura-unester_022.jpg\" rel=\"lightbox[11493]\"><img loading=\"lazy\" class=\"alignleft size-thumbnail wp-image-11541\" src=\"http:\/\/semndecarte.metarsis.ro\/wp-content\/uploads\/2018\/01\/Cultura-unester_022-95x95.jpg\" alt=\"Cultura unester_022\" width=\"95\" height=\"95\" \/><\/a>Practic, fiind prezen\u0163i la acest concert \u015fi\u00a0a\u015fez\u00e2nd totul sub semnul timpului, putem spune c\u0103 am fost martori ai devenirii acestor tineri care au avut curajul s\u0103 viseze \u015fi, mai ales, s\u0103-\u015fi urmeze visul. \u015ei \u015ftim cu to\u0163ii c\u0103 visurile adev\u0103rate se \u00eemplinesc! Da, devin realitate, deoarece, to\u0163i ace\u015fti tineri muncesc \u015fi \u00ee\u015fi dedic\u0103 timpul lor pentru ceea ce iubesc cel mai mult, \u015fi anume, muzica! Acest lucru s-a v\u0103zut vineri, la Sala \u201dLira\u201d, atunci c\u00e2nd i-am ascultat pe cei cinci tineri muzicieni, care timp de aproximativ o or\u0103 \u015fi jum\u0103tate ne-au adus at\u00e2ta bucurie, ne-au umplut sufletul de frumuse\u0163e \u015fi ne-au \u00eenc\u0103rcat \u201dbateriile\u201d pentru mult timp de acum \u00eencolo.<\/span><\/p>\n<p class=\"m_-4326685723347426265gmail-NoSpacing\" style=\"text-align: justify;\"><span lang=\"RO\"><a href=\"http:\/\/semndecarte.metarsis.ro\/wp-content\/uploads\/2018\/01\/Cultura-unester_028.jpg\" rel=\"lightbox[11493]\"><img loading=\"lazy\" class=\"alignleft size-thumbnail wp-image-11542\" src=\"http:\/\/semndecarte.metarsis.ro\/wp-content\/uploads\/2018\/01\/Cultura-unester_028-95x95.jpg\" alt=\"Cultura unester_028\" width=\"95\" height=\"95\" \/><\/a> <a href=\"http:\/\/semndecarte.metarsis.ro\/wp-content\/uploads\/2018\/01\/Cultura-unester_032.jpg\" rel=\"lightbox[11493]\"><img loading=\"lazy\" class=\"alignleft size-thumbnail wp-image-11543\" src=\"http:\/\/semndecarte.metarsis.ro\/wp-content\/uploads\/2018\/01\/Cultura-unester_032-95x95.jpg\" alt=\"Cultura unester_032\" width=\"95\" height=\"95\" \/><\/a> <a href=\"http:\/\/semndecarte.metarsis.ro\/wp-content\/uploads\/2018\/01\/Cultura-unester_040.jpg\" rel=\"lightbox[11493]\"><img loading=\"lazy\" class=\"alignleft size-thumbnail wp-image-11544\" src=\"http:\/\/semndecarte.metarsis.ro\/wp-content\/uploads\/2018\/01\/Cultura-unester_040-95x95.jpg\" alt=\"Cultura unester_040\" width=\"95\" height=\"95\" \/><\/a> <a href=\"http:\/\/semndecarte.metarsis.ro\/wp-content\/uploads\/2018\/01\/Cultura-unester_044.jpg\" rel=\"lightbox[11493]\"><img loading=\"lazy\" class=\"alignleft size-thumbnail wp-image-11545\" src=\"http:\/\/semndecarte.metarsis.ro\/wp-content\/uploads\/2018\/01\/Cultura-unester_044-95x95.jpg\" alt=\"Cultura unester_044\" width=\"95\" height=\"95\" \/><\/a> <a href=\"http:\/\/semndecarte.metarsis.ro\/wp-content\/uploads\/2018\/01\/Cultura-unester_047.jpg\" rel=\"lightbox[11493]\"><img loading=\"lazy\" class=\"alignleft size-thumbnail wp-image-11546\" src=\"http:\/\/semndecarte.metarsis.ro\/wp-content\/uploads\/2018\/01\/Cultura-unester_047-95x95.jpg\" alt=\"Cultura unester_047\" width=\"95\" height=\"95\" \/><\/a> <a href=\"http:\/\/semndecarte.metarsis.ro\/wp-content\/uploads\/2018\/01\/Cultura-unester_053.jpg\" rel=\"lightbox[11493]\"><img loading=\"lazy\" class=\"alignleft size-thumbnail wp-image-11547\" src=\"http:\/\/semndecarte.metarsis.ro\/wp-content\/uploads\/2018\/01\/Cultura-unester_053-95x95.jpg\" alt=\"Cultura unester_053\" width=\"95\" height=\"95\" \/><\/a> <a href=\"http:\/\/semndecarte.metarsis.ro\/wp-content\/uploads\/2018\/01\/Cultura-unester_057.jpg\" rel=\"lightbox[11493]\"><img loading=\"lazy\" class=\"alignleft size-thumbnail wp-image-11548\" src=\"http:\/\/semndecarte.metarsis.ro\/wp-content\/uploads\/2018\/01\/Cultura-unester_057-95x95.jpg\" alt=\"Cultura unester_057\" width=\"95\" height=\"95\" \/><\/a> <a href=\"http:\/\/semndecarte.metarsis.ro\/wp-content\/uploads\/2018\/01\/Cultura-unester_058.jpg\" rel=\"lightbox[11493]\"><img loading=\"lazy\" class=\"alignleft size-thumbnail wp-image-11549\" src=\"http:\/\/semndecarte.metarsis.ro\/wp-content\/uploads\/2018\/01\/Cultura-unester_058-95x95.jpg\" alt=\"Cultura unester_058\" width=\"95\" height=\"95\" \/><\/a> <a href=\"http:\/\/semndecarte.metarsis.ro\/wp-content\/uploads\/2018\/01\/Cultura-unester_059.jpg\" rel=\"lightbox[11493]\"><img loading=\"lazy\" class=\"alignleft size-thumbnail wp-image-11550\" src=\"http:\/\/semndecarte.metarsis.ro\/wp-content\/uploads\/2018\/01\/Cultura-unester_059-95x95.jpg\" alt=\"Cultura unester_059\" width=\"95\" height=\"95\" \/><\/a> <a href=\"http:\/\/semndecarte.metarsis.ro\/wp-content\/uploads\/2018\/01\/Cultura-unester_068.jpg\" rel=\"lightbox[11493]\"><img loading=\"lazy\" class=\"alignleft size-thumbnail wp-image-11551\" src=\"http:\/\/semndecarte.metarsis.ro\/wp-content\/uploads\/2018\/01\/Cultura-unester_068-95x95.jpg\" alt=\"Cultura unester_068\" width=\"95\" height=\"95\" \/><\/a>O premier\u0103 absolut\u0103, \u00een cadrul evenimentului, \u015fi un cadou nepre\u0163uit adus re\u015fi\u0163enilor au fost cele trei lieduri de dragoste, intitulate \u201dMistuiri\u201d, ale marelui maestru Sabin Pautza, pe versurile poetei Carmen P\u0103sat, \u00een interpretarea sopranei Ana Maria St\u0103noia. \u00a0<\/span><\/p>\n<p class=\"m_-4326685723347426265gmail-NoSpacing\" style=\"text-align: justify;\"><span lang=\"RO\">Trebuie subliniat \u015fi faptul c\u0103 la un asemenea concert, re\u015fi\u0163enii prezen\u0163i au r\u0103spuns pe m\u0103sur\u0103. Re\u015fi\u0163a a dovedit, \u00eenc\u0103 o dat\u0103, c\u0103 are un public educat, dornic de muzic\u0103 de calitate, de spectacole de clas\u0103. \u00cen acest context, publicul, printre care foarte mul\u0163i tineri, a fost deosebit de conving\u0103tor. Totul este s\u0103 i se ofere aceast\u0103 posibilitate&#8230;<\/span><\/p>\n<p class=\"m_-4326685723347426265gmail-NoSpacing\" style=\"text-align: justify;\"><span lang=\"RO\"><a href=\"http:\/\/semndecarte.metarsis.ro\/wp-content\/uploads\/2018\/01\/Cultura-unester_085.jpg\" rel=\"lightbox[11493]\"><img loading=\"lazy\" class=\"alignleft size-thumbnail wp-image-11552\" src=\"http:\/\/semndecarte.metarsis.ro\/wp-content\/uploads\/2018\/01\/Cultura-unester_085-95x95.jpg\" alt=\"Cultura unester_085\" width=\"95\" height=\"95\" \/><\/a> <a href=\"http:\/\/semndecarte.metarsis.ro\/wp-content\/uploads\/2018\/01\/Cultura-unester_092.jpg\" rel=\"lightbox[11493]\"><img loading=\"lazy\" class=\"alignleft size-thumbnail wp-image-11553\" src=\"http:\/\/semndecarte.metarsis.ro\/wp-content\/uploads\/2018\/01\/Cultura-unester_092-95x95.jpg\" alt=\"Cultura unester_092\" width=\"95\" height=\"95\" \/><\/a> <a href=\"http:\/\/semndecarte.metarsis.ro\/wp-content\/uploads\/2018\/01\/Cultura-unester_116.jpg\" rel=\"lightbox[11493]\"><img loading=\"lazy\" class=\"alignleft size-thumbnail wp-image-11554\" src=\"http:\/\/semndecarte.metarsis.ro\/wp-content\/uploads\/2018\/01\/Cultura-unester_116-95x95.jpg\" alt=\"Cultura unester_116\" width=\"95\" height=\"95\" \/><\/a> <a href=\"http:\/\/semndecarte.metarsis.ro\/wp-content\/uploads\/2018\/01\/Cultura-unester_117.jpg\" rel=\"lightbox[11493]\"><img loading=\"lazy\" class=\"alignleft size-thumbnail wp-image-11555\" src=\"http:\/\/semndecarte.metarsis.ro\/wp-content\/uploads\/2018\/01\/Cultura-unester_117-95x95.jpg\" alt=\"Cultura unester_117\" width=\"95\" height=\"95\" \/><\/a> <a href=\"http:\/\/semndecarte.metarsis.ro\/wp-content\/uploads\/2018\/01\/Cultura-unester_120.jpg\" rel=\"lightbox[11493]\"><img loading=\"lazy\" class=\"alignleft size-thumbnail wp-image-11556\" src=\"http:\/\/semndecarte.metarsis.ro\/wp-content\/uploads\/2018\/01\/Cultura-unester_120-95x95.jpg\" alt=\"Cultura unester_120\" width=\"95\" height=\"95\" \/><\/a> <a href=\"http:\/\/semndecarte.metarsis.ro\/wp-content\/uploads\/2018\/01\/Cultura-unester_125.jpg\" rel=\"lightbox[11493]\"><img loading=\"lazy\" class=\"alignleft size-thumbnail wp-image-11557\" src=\"http:\/\/semndecarte.metarsis.ro\/wp-content\/uploads\/2018\/01\/Cultura-unester_125-95x95.jpg\" alt=\"Cultura unester_125\" width=\"95\" height=\"95\" \/><\/a> <a href=\"http:\/\/semndecarte.metarsis.ro\/wp-content\/uploads\/2018\/01\/Cultura-unester_129.jpg\" rel=\"lightbox[11493]\"><img loading=\"lazy\" class=\"alignleft size-thumbnail wp-image-11558\" src=\"http:\/\/semndecarte.metarsis.ro\/wp-content\/uploads\/2018\/01\/Cultura-unester_129-95x95.jpg\" alt=\"Cultura unester_129\" width=\"95\" height=\"95\" \/><\/a> <a href=\"http:\/\/semndecarte.metarsis.ro\/wp-content\/uploads\/2018\/01\/Cultura-unester_130.jpg\" rel=\"lightbox[11493]\"><img loading=\"lazy\" class=\"alignleft size-thumbnail wp-image-11559\" src=\"http:\/\/semndecarte.metarsis.ro\/wp-content\/uploads\/2018\/01\/Cultura-unester_130-95x95.jpg\" alt=\"Cultura unester_130\" width=\"95\" height=\"95\" \/><\/a> <a href=\"http:\/\/semndecarte.metarsis.ro\/wp-content\/uploads\/2018\/01\/Cultura-unester_133.jpg\" rel=\"lightbox[11493]\"><img loading=\"lazy\" class=\"alignleft size-thumbnail wp-image-11560\" src=\"http:\/\/semndecarte.metarsis.ro\/wp-content\/uploads\/2018\/01\/Cultura-unester_133-95x95.jpg\" alt=\"Cultura unester_133\" width=\"95\" height=\"95\" \/><\/a> <a href=\"http:\/\/semndecarte.metarsis.ro\/wp-content\/uploads\/2018\/01\/Cultura-unester_153.jpg\" rel=\"lightbox[11493]\"><img loading=\"lazy\" class=\"alignleft size-thumbnail wp-image-11561\" src=\"http:\/\/semndecarte.metarsis.ro\/wp-content\/uploads\/2018\/01\/Cultura-unester_153-95x95.jpg\" alt=\"Cultura unester_153\" width=\"95\" height=\"95\" \/><\/a>La final, convin\u015fi c\u0103 ace\u015fti tineri frumo\u015fi vor mai reveni pe scena de \u201dacas\u0103\u201d, le mul\u0163umim lor, p\u0103rin\u0163ilor lor, dar \u015fi dasc\u0103lilor care i-au \u00eendrumat de-a lungul timpului \u015fi care s-au implicat \u00een dezvoltarea \u00eenv\u0103\u0163\u0103m\u00e2ntului rom\u00e2nesc, \u00een promovarea culturii \u00een r\u00e2ndul elevilor \u015fi pentru sprijinul acordat valorilor autentice. Aceste aspecte sunt incontestabile, av\u00e2nd \u00een vedere armonia \u015fi valoarea educa\u0163iei pe care a transmis-o tinerilor muzicieni, c\u0103rora le dorim mult succes pe drumul ales.<\/span><\/p>\n<p class=\"m_-4326685723347426265gmail-NoSpacing\" style=\"text-align: justify;\"><span lang=\"RO\">Dup\u0103 un asemenea concert \u015fi dup\u0103 ce i-am cunoscut pe viitorii no\u015ftri mari muzicieni, nu pot dec\u00e2t s\u0103 \u00eenchei cu un citat din Franz Kafka: \u201eAt\u00e2ta timp c\u00e2t nu \u00eencetezi s\u0103 urci, treptele nu se vor sf\u00e2r\u015fi niciodat\u0103. Sub pa\u015fii t\u0103i care urc\u0103, ele se vor \u00eenmul\u0163i la nesf\u00e2r\u015fit\u201d.\u00a0<\/span><\/p>\n<p class=\"m_-4326685723347426265gmail-NoSpacing\" style=\"text-align: justify;\"><span lang=\"RO\"><a href=\"http:\/\/semndecarte.metarsis.ro\/wp-content\/uploads\/2018\/01\/Cultura-unester_168.jpg\" rel=\"lightbox[11493]\"><img loading=\"lazy\" class=\"alignleft size-thumbnail wp-image-11562\" src=\"http:\/\/semndecarte.metarsis.ro\/wp-content\/uploads\/2018\/01\/Cultura-unester_168-95x95.jpg\" alt=\"Cultura unester_168\" width=\"95\" height=\"95\" \/><\/a> <a href=\"http:\/\/semndecarte.metarsis.ro\/wp-content\/uploads\/2018\/01\/Cultura-unester_188.jpg\" rel=\"lightbox[11493]\"><img loading=\"lazy\" class=\"alignleft size-thumbnail wp-image-11563\" src=\"http:\/\/semndecarte.metarsis.ro\/wp-content\/uploads\/2018\/01\/Cultura-unester_188-95x95.jpg\" alt=\"Cultura unester_188\" width=\"95\" height=\"95\" \/><\/a> <a href=\"http:\/\/semndecarte.metarsis.ro\/wp-content\/uploads\/2018\/01\/Cultura-unester_211.jpg\" rel=\"lightbox[11493]\"><img loading=\"lazy\" class=\"alignleft size-thumbnail wp-image-11564\" src=\"http:\/\/semndecarte.metarsis.ro\/wp-content\/uploads\/2018\/01\/Cultura-unester_211-95x95.jpg\" alt=\"Cultura unester_211\" width=\"95\" height=\"95\" \/><\/a> <a href=\"http:\/\/semndecarte.metarsis.ro\/wp-content\/uploads\/2018\/01\/Cultura-unester_218.jpg\" rel=\"lightbox[11493]\"><img loading=\"lazy\" class=\"alignleft size-thumbnail wp-image-11565\" src=\"http:\/\/semndecarte.metarsis.ro\/wp-content\/uploads\/2018\/01\/Cultura-unester_218-95x95.jpg\" alt=\"Cultura unester_218\" width=\"95\" height=\"95\" \/><\/a> <a href=\"http:\/\/semndecarte.metarsis.ro\/wp-content\/uploads\/2018\/01\/Cultura-unester_223.jpg\" rel=\"lightbox[11493]\"><img loading=\"lazy\" class=\"alignleft size-thumbnail wp-image-11566\" src=\"http:\/\/semndecarte.metarsis.ro\/wp-content\/uploads\/2018\/01\/Cultura-unester_223-95x95.jpg\" alt=\"Cultura unester_223\" width=\"95\" height=\"95\" \/><\/a>Manifestarea intitulat\u0103 \u201dCultura une\u015fte\u201d a fost organizat\u0103 de Metarsis &#8211; activit\u0103\u0163i \u015fi servicii de cultur\u0103 urban\u0103 \u015fi art\u0103 contemporan\u0103, cu sprijinul Prim\u0103riei Re\u015fi\u0163a, Liceului de Arte \u201dSabin P\u0103u\u0163a\u201d, a Rotary Club Re\u015fi\u0163a, Rotary Community Corps, Interact, PiperiuArte,societatea Refill si GRADIMEX din municipiul de pe B\u00e2rzava. (Paula Neam\u021bu, Agerpress)<\/span><\/p>\n<p class=\"m_-4326685723347426265gmail-NoSpacing\" style=\"text-align: justify;\">\n","protected":false},"excerpt":{"rendered":"<p>Pentru re\u015fi\u0163eni, seara de vineri, 19 ianuarie 2018, a fost o adev\u0103rat\u0103 s\u0103rb\u0103toare, dup\u0103 ce au avut ocazia s\u0103 participe la un spectacol plin de emo\u0163ie. Tineri talenta\u0163i, fo\u015fti elevi ai Liceului de Arte \u201dSabin P\u0103u\u0163a\u201d din municipiul nostru, au urcat pe scena S\u0103lii \u201dLira\u201d \u015fi au \u00eenc\u00e2ntat publicul cu un concert cameral \u2013 arii din oper\u0103, interpretate de Ana Maria St\u0103noia, \u00een prezent, sopran\u0103 la Filarmonica Banatul din Timi\u015foara, de pianistul C\u0103t\u0103lin Iacob, doctorand la Lubbock University Texas din Statele Unite ale Americii, \u015fi flautistul Adrian Florentin Beko.<\/p>\n","protected":false},"author":1,"featured_media":0,"comment_status":"open","ping_status":"open","sticky":false,"template":"","format":"standard","meta":[],"categories":[7],"tags":[257],"_links":{"self":[{"href":"https:\/\/semndecarte.metarsis.ro\/index.php?rest_route=\/wp\/v2\/posts\/11493"}],"collection":[{"href":"https:\/\/semndecarte.metarsis.ro\/index.php?rest_route=\/wp\/v2\/posts"}],"about":[{"href":"https:\/\/semndecarte.metarsis.ro\/index.php?rest_route=\/wp\/v2\/types\/post"}],"author":[{"embeddable":true,"href":"https:\/\/semndecarte.metarsis.ro\/index.php?rest_route=\/wp\/v2\/users\/1"}],"replies":[{"embeddable":true,"href":"https:\/\/semndecarte.metarsis.ro\/index.php?rest_route=%2Fwp%2Fv2%2Fcomments&post=11493"}],"version-history":[{"count":0,"href":"https:\/\/semndecarte.metarsis.ro\/index.php?rest_route=\/wp\/v2\/posts\/11493\/revisions"}],"wp:attachment":[{"href":"https:\/\/semndecarte.metarsis.ro\/index.php?rest_route=%2Fwp%2Fv2%2Fmedia&parent=11493"}],"wp:term":[{"taxonomy":"category","embeddable":true,"href":"https:\/\/semndecarte.metarsis.ro\/index.php?rest_route=%2Fwp%2Fv2%2Fcategories&post=11493"},{"taxonomy":"post_tag","embeddable":true,"href":"https:\/\/semndecarte.metarsis.ro\/index.php?rest_route=%2Fwp%2Fv2%2Ftags&post=11493"}],"curies":[{"name":"wp","href":"https:\/\/api.w.org\/{rel}","templated":true}]}}