{"id":1149,"date":"2010-06-25T06:53:06","date_gmt":"2010-06-25T06:53:06","guid":{"rendered":"http:\/\/librariasemndecarte.wordpress.com\/?p=1149"},"modified":"2010-09-09T09:48:26","modified_gmt":"2010-09-09T09:48:26","slug":"enciclopedie-vie","status":"publish","type":"post","link":"https:\/\/semndecarte.metarsis.ro\/?p=1149","title":{"rendered":"&quot;Enciclopedie vie&quot;"},"content":{"rendered":"<p style=\"text-align: justify;\">Suntem to\u0163i cet\u0103\u0163eni europeni. Ne diferen\u0163iaz\u0103 istoria \u015fi cultura.<br \/>\n\u00cent\u00e2lnirea din 23 iunie 2010 de la libr\u0103ria Semn de carte<em><span style=\"color: #ff0000;\">*<\/span><\/em> a oferit, \u00eentr-un cadru primitor \u015fi, spre surprinderea placut\u0103 a noastr\u0103,\u00a0 ne\u00eenc\u0103p\u0103tor, o \u00eengem\u0103nare perfect\u0103 \u00eentre cele dou\u0103 dimensiuni. <a title=\"?\" href=\"http:\/\/semndecarte.metarsis.ro\/?page_id=842\/#Dan Gh. Perianu\" target=\"_blank\">Dan Gh. Perianu<\/a>, numit \u201eCet\u0103\u0163ean de Onoare al municipiului Re\u015fi\u0163a\u201d tocmai ca o recunoa\u015ftere public\u0103 <!--more-->a contribu\u0163iei\u00a0 importante\u00a0 \u00een conservarea\u00a0 culturii tehnice \u015fi industriale\u00a0 a prezentat \u00een\u00a0 \u201eDic\u0163ionarul&#8221; s\u0103u\u00a0 locuri \u015fi oameni care\u00a0 au creat istoria industrial\u0103 a Rom\u00e2niei. \u201eCred cu t\u0103rie c\u0103 dac\u0103 aceast\u0103 industrie mai exist\u0103 dup\u0103 un sfert de mileniu &#8211; din care nu au lipsit \u00eemprejur\u0103ri potrivnice &#8211; o prim\u0103 explica\u0163ie o dator\u0103m tocmai factorului uman, <span style=\"font-weight: normal;\">valorii ad\u0103ugate<\/span><span style=\"font-weight: normal;\"> pe care inteligen\u0163a, h\u0103rnicia \u015fi \u00eendem\u00e2narea l-au creat, mereu, an dupa an, \u00een decursul istoriei&#8221; cuv\u00e2nta autorul c\u0103tre cititori. Ap\u0103rut \u00een edi\u0163ia a II-a\u00a0 \u015fi dedicat\u0103 de\u00a0Direc\u0163ia pentru Cultur\u0103, Culte \u015fi Patrimoniu Na\u0163ional Cara\u015f-Severin\u00a0 \u00eemplinirii a 240 de ani de la \u00eenceperea construirii uzinelor re\u015fi\u0163ene, \u00een prim\u0103vara anului 1770 &#8211; \u201ePersonalit\u0103\u0163i ale culturii tehnice \u015fi industriale din Banatul Montan&#8221;\u00a0 &#8211; dic\u0163ionarul este, conform spuselor dr. <a title=\"?\" href=\"http:\/\/semndecarte.metarsis.ro\/?page_id=842\/#Ada Cruceanu\" target=\"_blank\">Ada Cruceanu Chis\u0103li\u0163\u0103<\/a> \u201eo nou\u0103 mostr\u0103 a ata\u015famentului autorului fa\u0163\u0103 de Re\u015fi\u0163a \u015fi Banatul Montan,\u00a0 spre bucuria lui \u015fi a noastr\u0103, iar discu\u0163iile st\u00e2rnite, sunt, la r\u00e2ndu-le, un alt <\/span><em><span style=\"font-weight: normal;\">semn<\/span><\/em><span style=\"font-weight: normal;\"> al interesului \u015fi dragostei re\u015fi\u0163enilor fa\u0163\u0103 de o istoria care i-a pus \u00een r\u00e2nd cu Europa modern\u0103 \u00eenc\u0103 de acum aproape trei secole.&#8221;<\/span><\/p>\n<p style=\"text-align: justify;\"><span style=\"font-weight: normal;\"><object classid=\"clsid:d27cdb6e-ae6d-11cf-96b8-444553540000\" width=\"520\" height=\"428\" codebase=\"http:\/\/download.macromedia.com\/pub\/shockwave\/cabs\/flash\/swflash.cab#version=6,0,40,0\"><param name=\"play\" value=\"false\" \/><param name=\"loop\" value=\"false\" \/><param name=\"allowFullScreen\" value=\"true\" \/><param name=\"src\" value=\"http:\/\/www.youtube.com\/v\/fh8TDZBbpe0&amp;rel=0&amp;fs=1\" \/><param name=\"align\" value=\"top\" \/><param name=\"allowfullscreen\" value=\"true\" \/><embed type=\"application\/x-shockwave-flash\" width=\"520\" height=\"428\" src=\"http:\/\/www.youtube.com\/v\/fh8TDZBbpe0&amp;rel=0&amp;fs=1\" align=\"top\" allowfullscreen=\"true\" loop=\"false\" play=\"false\"><\/embed><\/object><br \/>\n<\/span><\/p>\n<address style=\"text-align: left;\"> <\/address>\n<address><span style=\"color: #ffffff;\">.<\/span><br \/>\n<\/address>\n<address><strong>Articole \u00een pres\u0103 pe aceast\u0103 tem\u0103:<\/strong><\/address>\n<address style=\"text-align: left;\"><strong><a href=\"http:\/\/www.radio-resita.ro\/literatura-industriala\" target=\"_blank\"><span style=\"font-weight: normal;\">http:\/\/www.radio-resita.ro\/literatura-industriala<\/span><\/a><\/strong><\/address>\n","protected":false},"excerpt":{"rendered":"<p>\u00cent\u00e2lnirea din 23 iunie 2010 de la SEMN DE CARTE a oferit, \u00eentr-un cadru primitor \u015fi, spre surprinderea placut\u0103 a noastr\u0103,  ne\u00eenc\u0103p\u0103tor, o \u00eengem\u0103nare perfect\u0103 \u00eentre cele dou\u0103 dimensiuni&#8230; Dan Gh Perianu&#8230;<\/p>\n","protected":false},"author":1,"featured_media":0,"comment_status":"open","ping_status":"closed","sticky":false,"template":"","format":"standard","meta":[],"categories":[6,7],"tags":[228,69],"_links":{"self":[{"href":"https:\/\/semndecarte.metarsis.ro\/index.php?rest_route=\/wp\/v2\/posts\/1149"}],"collection":[{"href":"https:\/\/semndecarte.metarsis.ro\/index.php?rest_route=\/wp\/v2\/posts"}],"about":[{"href":"https:\/\/semndecarte.metarsis.ro\/index.php?rest_route=\/wp\/v2\/types\/post"}],"author":[{"embeddable":true,"href":"https:\/\/semndecarte.metarsis.ro\/index.php?rest_route=\/wp\/v2\/users\/1"}],"replies":[{"embeddable":true,"href":"https:\/\/semndecarte.metarsis.ro\/index.php?rest_route=%2Fwp%2Fv2%2Fcomments&post=1149"}],"version-history":[{"count":0,"href":"https:\/\/semndecarte.metarsis.ro\/index.php?rest_route=\/wp\/v2\/posts\/1149\/revisions"}],"wp:attachment":[{"href":"https:\/\/semndecarte.metarsis.ro\/index.php?rest_route=%2Fwp%2Fv2%2Fmedia&parent=1149"}],"wp:term":[{"taxonomy":"category","embeddable":true,"href":"https:\/\/semndecarte.metarsis.ro\/index.php?rest_route=%2Fwp%2Fv2%2Fcategories&post=1149"},{"taxonomy":"post_tag","embeddable":true,"href":"https:\/\/semndecarte.metarsis.ro\/index.php?rest_route=%2Fwp%2Fv2%2Ftags&post=1149"}],"curies":[{"name":"wp","href":"https:\/\/api.w.org\/{rel}","templated":true}]}}