{"id":11454,"date":"2017-12-20T21:48:52","date_gmt":"2017-12-20T19:48:52","guid":{"rendered":"http:\/\/semndecarte.metarsis.ro\/?p=11454"},"modified":"2017-12-20T21:48:52","modified_gmt":"2017-12-20T19:48:52","slug":"concert-caritabil","status":"publish","type":"post","link":"https:\/\/semndecarte.metarsis.ro\/?p=11454","title":{"rendered":"Concert caritabil"},"content":{"rendered":"<p style=\"text-align: justify;\"><a href=\"http:\/\/semndecarte.metarsis.ro\/wp-content\/uploads\/2017\/12\/dar-din-dar.jpg\" rel=\"lightbox[11454]\"><img loading=\"lazy\" class=\"alignleft size-full wp-image-11455\" src=\"http:\/\/semndecarte.metarsis.ro\/wp-content\/uploads\/2017\/12\/dar-din-dar.jpg\" alt=\"dar din dar\" width=\"520\" height=\"236\" srcset=\"https:\/\/semndecarte.metarsis.ro\/wp-content\/uploads\/2017\/12\/dar-din-dar.jpg 520w, https:\/\/semndecarte.metarsis.ro\/wp-content\/uploads\/2017\/12\/dar-din-dar-160x73.jpg 160w, https:\/\/semndecarte.metarsis.ro\/wp-content\/uploads\/2017\/12\/dar-din-dar-163x74.jpg 163w\" sizes=\"(max-width: 520px) 100vw, 520px\" \/><\/a>DAR DIN DAR SE FACE RAI!<\/p>\n<p style=\"text-align: justify;\">Vineri, 22 decembrie 2017, de la ora 18:00, sala LIRA a Liceului de Arte SABIN P\u0102UTZA din Re\u0219i\u021ba va g\u0103zdui cea de-a patra edi\u021bie a Concertului Caritabil DAR DIN DAR SE FACE RAI.<\/p>\n<p style=\"text-align: justify;\">CR\u0102CIUNUL ne \u00eenvit\u0103 s\u0103 redescoperim, an de an, lumina din noi, s\u0103 o \u00eemp\u0103rta\u0219im cu familia \u0219i prietenii no\u0219tri.<\/p>\n<p style=\"text-align: justify;\">To\u021bi trecem, mai devreme sau mai t\u00e2rziu, prin perioade\u00a0dificile. Fie c\u0103 pierdem o fiin\u021b\u0103 drag\u0103, fie c\u0103 suntem greu \u00eencerca\u021bi,\u00a0ne \u00eensingur\u0103m, devenim tri\u0219ti. Atunci, un z\u00e2mbet \u015fi o m\u00e2n\u0103 \u00eentins\u0103, pot s\u0103 aduc\u0103 alinare \u0219i un strop de lumin\u0103 in ochi pl\u00e2n\u0219i.\u00a0Veni\u021bi la Concertul Caritabil cu un cadou pentru un seam\u0103n aflat \u00een dificultate. Spune\u021bi-ne, dac\u0103 sti\u021bi, persoane \u00eensingurate de Cr\u0103ciun.\u00a0Sau bolnave, sau triste. Vom \u00eencerca s\u0103 le alungam din triste\u021be, fiindu-le al\u0103turi, pentru c\u0103 nimeni nu ar trebui s\u0103 fie\u00a0singur de Cr\u0103ciun.\u00a0Dar din dar, cu ajutorul D-vs, se va face Rai.<!--more--><\/p>\n<p style=\"text-align: justify;\">Vor participa: Patricia Maria RO\u0218CA \u0219i Estera USCIUC, \u0218coala Gimnazial\u0103 Filaret BARBU din Lugoj, clasa de pian prof. Ramona CRINA, laureate ale Festivalului Interna\u021bional \u00a0SABIN PAUTZA, ed. a IV-a,\u00a0 Corul STELU\u021aE, \u0218coala Gimnazial\u0103 2 Re\u0219i\u021ba, dirijor prof. Mariana BREBENARIU, Corul de copii PUI DE CER, Centrul de Tineret Sf. Apostoli Mihail \u0219i Gavril, Moniom, dirijor prof. Georgiana CIUCUR,\u00a0Corul ANASTASIS al Parohiei ortodoxe Bozovici, dirijor prof. Claudia CHERESCU \u0219i Corul PROTOPOPIATULUI Re\u0219i\u021ba, dirijor preot Ionu\u021b Irinel DINU.<\/p>\n<p style=\"text-align: justify;\">\u00cen cadrul evenimentul \u00a0va avea loc o expozi\u021bie cu v\u00e2nzare a obiectelor decorative realizate \u00een orele de ergoterapie coordonate de dr. Codru\u021ba NEFF.<\/p>\n<p style=\"text-align: justify;\">Invita\u021bi speciali: \u00a0prof.univ.dr. Sabin PAUTZA, pre\u0219edinte METARSIS \u00a0\u015fi P.O. P\u0103rinte Protopop Gheorghe Adrian \u0218UVE\u021aI.<\/p>\n<p style=\"text-align: justify;\">Eveniment organizat de METARSIS- activit\u0103\u021bi \u0219i servicii de cultur\u0103 urban\u0103 \u0219i art\u0103 contemporan\u0103 .<\/p>\n<p style=\"text-align: justify;\">Parteneri culturali: Prim\u0103ria RE\u0218I\u021aA, Rotary Club Re\u0219i\u021ba, Lions Onix Club Re\u0219i\u021ba, Rotary Community Corps Re\u0219i\u021ba,\u00a0Interact Re\u0219i\u021ba, Liceul de Arte SABIN PAUTZA, Re\u0219i\u021ba.<\/p>\n<p>Servicii profesionale:\u00a0\u00a0<a href=\"http:\/\/piperiu.eu\/\" data-saferedirecturl=\"https:\/\/www.google.com\/url?hl=en&amp;q=http:\/\/PIPERIU.EU&amp;source=gmail&amp;ust=1513884696182000&amp;usg=AFQjCNG5nGHif31vrQRSkk7glegqKZoUWg\">PIPERIU.EU<\/a><\/p>\n","protected":false},"excerpt":{"rendered":"<p>Vineri, 22 decembrie 2017, de la ora 18:00, sala LIRA a Liceului de Arte SABIN P\u0102UTZA din Re\u0219i\u021ba va g\u0103zdui cea de-a patra edi\u021bie a Concertului Caritabil DAR DIN DAR SE FACE RAI.<\/p>\n","protected":false},"author":1,"featured_media":0,"comment_status":"open","ping_status":"open","sticky":false,"template":"","format":"standard","meta":[],"categories":[3],"tags":[700],"_links":{"self":[{"href":"https:\/\/semndecarte.metarsis.ro\/index.php?rest_route=\/wp\/v2\/posts\/11454"}],"collection":[{"href":"https:\/\/semndecarte.metarsis.ro\/index.php?rest_route=\/wp\/v2\/posts"}],"about":[{"href":"https:\/\/semndecarte.metarsis.ro\/index.php?rest_route=\/wp\/v2\/types\/post"}],"author":[{"embeddable":true,"href":"https:\/\/semndecarte.metarsis.ro\/index.php?rest_route=\/wp\/v2\/users\/1"}],"replies":[{"embeddable":true,"href":"https:\/\/semndecarte.metarsis.ro\/index.php?rest_route=%2Fwp%2Fv2%2Fcomments&post=11454"}],"version-history":[{"count":0,"href":"https:\/\/semndecarte.metarsis.ro\/index.php?rest_route=\/wp\/v2\/posts\/11454\/revisions"}],"wp:attachment":[{"href":"https:\/\/semndecarte.metarsis.ro\/index.php?rest_route=%2Fwp%2Fv2%2Fmedia&parent=11454"}],"wp:term":[{"taxonomy":"category","embeddable":true,"href":"https:\/\/semndecarte.metarsis.ro\/index.php?rest_route=%2Fwp%2Fv2%2Fcategories&post=11454"},{"taxonomy":"post_tag","embeddable":true,"href":"https:\/\/semndecarte.metarsis.ro\/index.php?rest_route=%2Fwp%2Fv2%2Ftags&post=11454"}],"curies":[{"name":"wp","href":"https:\/\/api.w.org\/{rel}","templated":true}]}}