{"id":11428,"date":"2017-12-06T21:32:35","date_gmt":"2017-12-06T19:32:35","guid":{"rendered":"http:\/\/semndecarte.metarsis.ro\/?p=11428"},"modified":"2017-12-06T21:32:35","modified_gmt":"2017-12-06T19:32:35","slug":"adina-ghinaci","status":"publish","type":"post","link":"https:\/\/semndecarte.metarsis.ro\/?p=11428","title":{"rendered":"ADINA GHINACI"},"content":{"rendered":"<p><strong>Expo acuatele<\/strong><\/p>\n<p style=\"text-align: justify;\"><a href=\"http:\/\/semndecarte.metarsis.ro\/wp-content\/uploads\/2017\/12\/cop1.jpg\" rel=\"lightbox[11428]\"><img loading=\"lazy\" class=\"alignleft size-full wp-image-11429\" src=\"http:\/\/semndecarte.metarsis.ro\/wp-content\/uploads\/2017\/12\/cop1.jpg\" alt=\"cop\" width=\"520\" height=\"150\" srcset=\"https:\/\/semndecarte.metarsis.ro\/wp-content\/uploads\/2017\/12\/cop1.jpg 520w, https:\/\/semndecarte.metarsis.ro\/wp-content\/uploads\/2017\/12\/cop1-160x46.jpg 160w, https:\/\/semndecarte.metarsis.ro\/wp-content\/uploads\/2017\/12\/cop1-163x47.jpg 163w\" sizes=\"(max-width: 520px) 100vw, 520px\" \/><\/a>Joi, 07 decembrie 2017, de la orele 18:00, v\u0103 invit\u0103m la libr\u0103ria Semn de Carte, str. Libert\u0103\u021bii 13, la o nou\u0103 \u00eent\u00e2lnire \u00a0cu acuarele Adinei GHINACI, cea care s-a dedicat pasiunii de-o via\u021b\u0103- pictura- pentru care n-a avut timp at\u00e2t c\u00e2t a predat la catedra de limb\u0103 \u0219i literatur\u0103 englez\u0103 a Liceului Diaconovici-Tietz din Re\u0219i\u021ba. Sub genericul CULORILE TOAMNEI, t\u00e2nara pensionar\u0103, t\u00e2n\u0103ra artist plastic- elev\u0103 \u00een anul II al Scolii de Arte \u0219i Meserii \u201dIon Rom\u00e2nu\u201d\u00a0 din Re\u0219i\u021ba- aduce, de aceast\u0103 dat\u0103, pe simezele Semnului de Carte portrete, natur\u0103 static\u0103 \u0219i peisaje \u00eentr-o explozie de culoare.<!--more--><\/p>\n<p style=\"text-align: justify;\">V\u0103 invit\u0103m la o noua \u00eent\u00e2lnire cu cea care tr\u0103ie\u0219te intens bucuria dat\u0103 de culorile a\u0219ezate, din ce \u00een ce mai me\u0219te\u0219ugit, pe carton sau p\u00e2nz\u0103, \u00eentru bucuria iubitorilor de frumos.<\/p>\n<p style=\"text-align: justify;\">Invita\u021bi speciali: arh. Ioana MIH\u0102IESCU, Maestrul Sabin PAUTZA.<\/p>\n<p style=\"text-align: justify;\">Eveniment organizat de METARSIS- activit\u0103\u021bi \u0219i servicii de cultur\u0103 urban\u0103 \u0219i art\u0103 contemporan\u0103 prin libr\u0103ria Semn de Carte.<\/p>\n","protected":false},"excerpt":{"rendered":"<p>Joi, 07 decembrie 2017, de la orele 18:00, v\u0103 invit\u0103m la libr\u0103ria Semn de Carte, str. Libert\u0103\u021bii 13, la o nou\u0103 \u00eent\u00e2lnire  cu acuarele Adinei GHINACI, cea care s-a dedicat pasiunii de-o via\u021b\u0103- pictura- pentru care n-a avut timp at\u00e2t c\u00e2t a predat la catedra de limb\u0103 \u0219i literatur\u0103 englez\u0103 a Liceului Diaconovici-Tietz din Re\u0219i\u021ba.<\/p>\n","protected":false},"author":1,"featured_media":0,"comment_status":"open","ping_status":"open","sticky":false,"template":"","format":"standard","meta":[],"categories":[3],"tags":[699,665,693,698,424],"_links":{"self":[{"href":"https:\/\/semndecarte.metarsis.ro\/index.php?rest_route=\/wp\/v2\/posts\/11428"}],"collection":[{"href":"https:\/\/semndecarte.metarsis.ro\/index.php?rest_route=\/wp\/v2\/posts"}],"about":[{"href":"https:\/\/semndecarte.metarsis.ro\/index.php?rest_route=\/wp\/v2\/types\/post"}],"author":[{"embeddable":true,"href":"https:\/\/semndecarte.metarsis.ro\/index.php?rest_route=\/wp\/v2\/users\/1"}],"replies":[{"embeddable":true,"href":"https:\/\/semndecarte.metarsis.ro\/index.php?rest_route=%2Fwp%2Fv2%2Fcomments&post=11428"}],"version-history":[{"count":0,"href":"https:\/\/semndecarte.metarsis.ro\/index.php?rest_route=\/wp\/v2\/posts\/11428\/revisions"}],"wp:attachment":[{"href":"https:\/\/semndecarte.metarsis.ro\/index.php?rest_route=%2Fwp%2Fv2%2Fmedia&parent=11428"}],"wp:term":[{"taxonomy":"category","embeddable":true,"href":"https:\/\/semndecarte.metarsis.ro\/index.php?rest_route=%2Fwp%2Fv2%2Fcategories&post=11428"},{"taxonomy":"post_tag","embeddable":true,"href":"https:\/\/semndecarte.metarsis.ro\/index.php?rest_route=%2Fwp%2Fv2%2Ftags&post=11428"}],"curies":[{"name":"wp","href":"https:\/\/api.w.org\/{rel}","templated":true}]}}