{"id":11400,"date":"2017-11-23T20:13:28","date_gmt":"2017-11-23T18:13:28","guid":{"rendered":"http:\/\/semndecarte.metarsis.ro\/?p=11400"},"modified":"2017-11-23T20:13:28","modified_gmt":"2017-11-23T18:13:28","slug":"varujan-vosganian","status":"publish","type":"post","link":"https:\/\/semndecarte.metarsis.ro\/?p=11400","title":{"rendered":"Varujan VOSGANIAN"},"content":{"rendered":"<div id=\"attachment_11401\" style=\"width: 530px\" class=\"wp-caption alignleft\"><a href=\"http:\/\/semndecarte.metarsis.ro\/wp-content\/uploads\/2017\/11\/cop2.jpg\" rel=\"lightbox[11400]\"><img aria-describedby=\"caption-attachment-11401\" loading=\"lazy\" class=\"size-full wp-image-11401\" src=\"http:\/\/semndecarte.metarsis.ro\/wp-content\/uploads\/2017\/11\/cop2.jpg\" alt=\"image description\" width=\"520\" height=\"368\" srcset=\"https:\/\/semndecarte.metarsis.ro\/wp-content\/uploads\/2017\/11\/cop2.jpg 520w, https:\/\/semndecarte.metarsis.ro\/wp-content\/uploads\/2017\/11\/cop2-160x113.jpg 160w, https:\/\/semndecarte.metarsis.ro\/wp-content\/uploads\/2017\/11\/cop2-163x115.jpg 163w\" sizes=\"(max-width: 520px) 100vw, 520px\" \/><\/a><p id=\"caption-attachment-11401\" class=\"wp-caption-text\">image description<\/p><\/div>\n<p>Copiii r\u0103zboiului<\/p>\n<p style=\"text-align: justify;\">S\u00e2mb\u0103t\u0103, 25 noiembrie 2017, ora 12:00, libr\u0103ria Semn de Carte din\u00a0Re\u0219i\u021ba, str. Libert\u0103\u021bii 13, g\u0103zduie\u0219te lansarea volumui \u201d Copiii r\u0103zboiului\u201d semnat Varujan VOSGANIAN\u00a0. Volumul, ap\u0103rut la editura Polirom \u00een noiembrie 2016, fresc\u0103 a \u00a0Rom\u00e2niei postbelice p\u00e2n\u0103 la \u00eenceputul anilor 2000, se refer\u0103 nu doar la genera\u021bia de dup\u0103 r\u0103zboi, se refer\u0103 la copiii n\u0103scu\u021bi ca genera\u021bie \u00een timpul r\u0103zboiului din mame localnice \u0219i ta\u021bi din trupele de ocupa\u021bie. <!--more-->O carte despre persecu\u021bie, despre mame traumatizate \u0219i copil\u0103rii r\u0103sucite, despre momente istorice de referin\u021b\u0103, despre rezisten\u021ba \u00een mun\u021bi, foametea din 1945-1946, despre comunismul \u201dbinea\u0219ezat\u201d de dup\u0103 1965, revolta de la Bra\u0219ov \u0219i Mi\u0219carea Transcedental\u0103, despre revolu\u021bie \u0219i postrevolu\u021bie, despre curaj \u0219i asumare, despre uitare, r\u0103zbunare \u0219i iertare.<\/p>\n<p style=\"text-align: justify;\">\u00cent\u00e2lnirea se va \u00eencheia cu o sesiune de autografe.<\/p>\n<p style=\"text-align: justify;\">Invita\u021bi speciali:\u00a0dr.fil.\u00a0Ada\u00a0D. CRUCEANU, critic de art\u0103 \u0219i maestrul Sabin PAUTZA.<\/p>\n","protected":false},"excerpt":{"rendered":"<p>S\u00e2mb\u0103t\u0103, 25 noiembrie 2017, ora 12:00, libr\u0103ria Semn de Carte din Re\u0219i\u021ba, str. Libert\u0103\u021bii 13, g\u0103zduie\u0219te lansarea volumui \u201d Copiii r\u0103zboiului\u201d semnat Varujan VOSGANIAN .<\/p>\n","protected":false},"author":1,"featured_media":0,"comment_status":"open","ping_status":"open","sticky":false,"template":"","format":"standard","meta":[],"categories":[3],"tags":[69],"_links":{"self":[{"href":"https:\/\/semndecarte.metarsis.ro\/index.php?rest_route=\/wp\/v2\/posts\/11400"}],"collection":[{"href":"https:\/\/semndecarte.metarsis.ro\/index.php?rest_route=\/wp\/v2\/posts"}],"about":[{"href":"https:\/\/semndecarte.metarsis.ro\/index.php?rest_route=\/wp\/v2\/types\/post"}],"author":[{"embeddable":true,"href":"https:\/\/semndecarte.metarsis.ro\/index.php?rest_route=\/wp\/v2\/users\/1"}],"replies":[{"embeddable":true,"href":"https:\/\/semndecarte.metarsis.ro\/index.php?rest_route=%2Fwp%2Fv2%2Fcomments&post=11400"}],"version-history":[{"count":0,"href":"https:\/\/semndecarte.metarsis.ro\/index.php?rest_route=\/wp\/v2\/posts\/11400\/revisions"}],"wp:attachment":[{"href":"https:\/\/semndecarte.metarsis.ro\/index.php?rest_route=%2Fwp%2Fv2%2Fmedia&parent=11400"}],"wp:term":[{"taxonomy":"category","embeddable":true,"href":"https:\/\/semndecarte.metarsis.ro\/index.php?rest_route=%2Fwp%2Fv2%2Fcategories&post=11400"},{"taxonomy":"post_tag","embeddable":true,"href":"https:\/\/semndecarte.metarsis.ro\/index.php?rest_route=%2Fwp%2Fv2%2Ftags&post=11400"}],"curies":[{"name":"wp","href":"https:\/\/api.w.org\/{rel}","templated":true}]}}