{"id":11301,"date":"2017-10-12T19:05:30","date_gmt":"2017-10-12T17:05:30","guid":{"rendered":"http:\/\/semndecarte.metarsis.ro\/?p=11301"},"modified":"2017-10-12T19:05:30","modified_gmt":"2017-10-12T17:05:30","slug":"kirchweih-garana-wolfsberg","status":"publish","type":"post","link":"https:\/\/semndecarte.metarsis.ro\/?p=11301","title":{"rendered":"KIRCHWEIH G\u0102R\u00c2NA\/ WOLFSBERG"},"content":{"rendered":"<p><strong><a href=\"http:\/\/semndecarte.metarsis.ro\/wp-content\/uploads\/2017\/10\/Kirchweih-2016-Garana_476.jpg\" rel=\"lightbox[11301]\"><img loading=\"lazy\" class=\"alignleft size-full wp-image-11302\" src=\"http:\/\/semndecarte.metarsis.ro\/wp-content\/uploads\/2017\/10\/Kirchweih-2016-Garana_476.jpg\" alt=\"Kirchweih 2016- Garana_476\" width=\"519\" height=\"213\" srcset=\"https:\/\/semndecarte.metarsis.ro\/wp-content\/uploads\/2017\/10\/Kirchweih-2016-Garana_476.jpg 519w, https:\/\/semndecarte.metarsis.ro\/wp-content\/uploads\/2017\/10\/Kirchweih-2016-Garana_476-160x66.jpg 160w, https:\/\/semndecarte.metarsis.ro\/wp-content\/uploads\/2017\/10\/Kirchweih-2016-Garana_476-163x67.jpg 163w\" sizes=\"(max-width: 519px) 100vw, 519px\" \/><\/a>14-15 octombrie 2017<\/strong><\/p>\n<p><strong>\u201dRug\u0103ciunea nu \u00eenseamn\u0103 nimic altceva dec\u00e2t s\u0103 fii \u00eentr-o rela\u0163ie de prietenie cu Dumnezeu\u201d\u00a0\u00a0<\/strong><strong>Sf\u00e2nta Tereza de Avila<\/strong><\/p>\n<p style=\"text-align: justify;\">S\u00e2mbat\u0103, 14,\u00a0\u0219i duminic\u0103 15 octombrie 2017, la G\u0103r\u00e2na\/ Wolfsberg, micu\u0163a localitate din Cara\u0219-Severin, a\u0219ezat\u0103 la poalele Mun\u021bilor Semenic, va avea loc s\u0103rbatoarea Bisericii romano-catolice Sf\u00e2nta Tereza de Avila (1515-1582), biseric\u0103 ridicat\u0103 \u00een anul 1879 de germanii colonizati aici din P\u0103durile Boemiei de c\u0103tre Francisc I (Franciscus Josephus Carolus, 1768-1835).<\/p>\n<p style=\"text-align: justify;\">Programul s\u0103rb\u0103toririi Hramului Bisericii Romano-Catolice Sf. Tereza de Avila din G\u0103r\u00e2na\/ Wolfsberg, jud. Cara\u0219-Severin:<!--more--><\/p>\n<p style=\"text-align: justify;\"><u><a href=\"http:\/\/semndecarte.metarsis.ro\/wp-content\/uploads\/2017\/10\/Kirchweih-Garana-2017-web.jpg\" rel=\"lightbox[11301]\"><img loading=\"lazy\" class=\"alignleft size-large wp-image-11303\" src=\"http:\/\/semndecarte.metarsis.ro\/wp-content\/uploads\/2017\/10\/Kirchweih-Garana-2017-web-114x163.jpg\" alt=\"Kirchweih Garana 2017 web\" width=\"114\" height=\"163\" srcset=\"https:\/\/semndecarte.metarsis.ro\/wp-content\/uploads\/2017\/10\/Kirchweih-Garana-2017-web-114x163.jpg 114w, https:\/\/semndecarte.metarsis.ro\/wp-content\/uploads\/2017\/10\/Kirchweih-Garana-2017-web-112x160.jpg 112w, https:\/\/semndecarte.metarsis.ro\/wp-content\/uploads\/2017\/10\/Kirchweih-Garana-2017-web.jpg 1050w\" sizes=\"(max-width: 114px) 100vw, 114px\" \/><\/a>S\u00e2mb\u0103t\u0103, 14 octombrie<\/u><\/p>\n<p style=\"text-align: justify;\">20:00 \u2013 Balul de Kirchweih \u2013 Caminul Cultural\/ Kulturheim \u2013 Program muzical cu forma\u0163ia WOLFSBERGER MUSIKANTEN. Muzic\u0103, dans, tombol\u0103.<\/p>\n<p style=\"text-align: justify;\"><u>Duminic\u0103, 15 octombrie<br \/>\n<\/u>&#8211; 11:00 Program muzical sus\u021binut de fanfara BERGWERKSKAPELLE din \u0218teierdorf<\/p>\n<p style=\"text-align: justify;\">&#8211; 11:30 Sf\u00e2nt\u0103 liturghie de hram<\/p>\n<p style=\"text-align: justify;\">&#8211; dup\u0103 12:00 Procesiune de Hram. Mar\u0219 \u0219i ridicarea pomului de Kirchweih \u00een fa\u021ba bisericii.<\/p>\n<p style=\"text-align: justify;\">&#8211; program cultural cu muzic\u0103 \u0219i dansuri populare germane. Particip\u0103 forma\u021biile de dansuri ale Forumurilor Democratice ale Germanilor din Re\u0219i\u021ba, Anina, \u0218teierdorf, Caransebe\u0219, Boc\u0219a, Or\u0219ova, Deta, Timi\u0219oara.<\/p>\n<p style=\"text-align: justify;\">Organizator: Societatea pentru Cultur\u0103 METARSIS<\/p>\n<p style=\"text-align: justify;\">Parteneri: CONSILIUL JUDE\u021aEAN CARA\u0218-SEVERIN,<\/p>\n<p style=\"text-align: justify;\">Parteneri culturali: Comuna BREBU-NOU, FORUMUL DEMOCRATIC AL GERMANILOR, Biserica romano-catolic\u0103 Sf. Tereza de Avila G\u0102R\u00c2NA, Biserica romano-catolic\u0103 MARIA Z\u0102PEZII RE\u0218I\u021aA, \u00a0Ocolul Silvic V\u0102LIUG, \u00a0GRADIMEX, SOCEPAN, Heimatstub\u2019n zu Wolfsberg, GORDIAN- editur\u0103 \u015fi tipografie, Pensiunea HEIDI, Gasthaus CRISTEL, Hanul LA RASCRUCE, Cofetaria MARBEK.<\/p>\n","protected":false},"excerpt":{"rendered":"<p>14-15 octombrie 2017 \u201dRug\u0103ciunea nu \u00eenseamn\u0103 nimic altceva dec\u00e2t s\u0103 fii \u00eentr-o rela\u0163ie de prietenie cu Dumnezeu\u201d\u00a0\u00a0Sf\u00e2nta Tereza de Avila S\u00e2mbat\u0103, 14,\u00a0\u0219i duminic\u0103 15 octombrie 2017, la G\u0103r\u00e2na\/ Wolfsberg, micu\u0163a localitate din Cara\u0219-Severin, a\u0219ezat\u0103 la poalele Mun\u021bilor Semenic, va avea loc s\u0103rbatoarea Bisericii romano-catolice Sf\u00e2nta Tereza de Avila (1515-1582), biseric\u0103 ridicat\u0103 \u00een anul 1879 de [&hellip;]<\/p>\n","protected":false},"author":1,"featured_media":0,"comment_status":"open","ping_status":"open","sticky":false,"template":"","format":"standard","meta":[],"categories":[3],"tags":[409],"_links":{"self":[{"href":"https:\/\/semndecarte.metarsis.ro\/index.php?rest_route=\/wp\/v2\/posts\/11301"}],"collection":[{"href":"https:\/\/semndecarte.metarsis.ro\/index.php?rest_route=\/wp\/v2\/posts"}],"about":[{"href":"https:\/\/semndecarte.metarsis.ro\/index.php?rest_route=\/wp\/v2\/types\/post"}],"author":[{"embeddable":true,"href":"https:\/\/semndecarte.metarsis.ro\/index.php?rest_route=\/wp\/v2\/users\/1"}],"replies":[{"embeddable":true,"href":"https:\/\/semndecarte.metarsis.ro\/index.php?rest_route=%2Fwp%2Fv2%2Fcomments&post=11301"}],"version-history":[{"count":0,"href":"https:\/\/semndecarte.metarsis.ro\/index.php?rest_route=\/wp\/v2\/posts\/11301\/revisions"}],"wp:attachment":[{"href":"https:\/\/semndecarte.metarsis.ro\/index.php?rest_route=%2Fwp%2Fv2%2Fmedia&parent=11301"}],"wp:term":[{"taxonomy":"category","embeddable":true,"href":"https:\/\/semndecarte.metarsis.ro\/index.php?rest_route=%2Fwp%2Fv2%2Fcategories&post=11301"},{"taxonomy":"post_tag","embeddable":true,"href":"https:\/\/semndecarte.metarsis.ro\/index.php?rest_route=%2Fwp%2Fv2%2Ftags&post=11301"}],"curies":[{"name":"wp","href":"https:\/\/api.w.org\/{rel}","templated":true}]}}