{"id":11298,"date":"2017-10-07T08:34:21","date_gmt":"2017-10-07T06:34:21","guid":{"rendered":"http:\/\/semndecarte.metarsis.ro\/?p=11298"},"modified":"2017-10-07T08:35:57","modified_gmt":"2017-10-07T06:35:57","slug":"iulian-vitalis-cojocariu-3","status":"publish","type":"post","link":"https:\/\/semndecarte.metarsis.ro\/?p=11298","title":{"rendered":"Iulian Vitalis COJOCARIU"},"content":{"rendered":"<p style=\"text-align: justify;\"><strong><a href=\"http:\/\/semndecarte.metarsis.ro\/wp-content\/uploads\/2017\/10\/Minchev.jpg\" rel=\"lightbox[11298]\"><img loading=\"lazy\" class=\"alignleft size-full wp-image-11299\" src=\"http:\/\/semndecarte.metarsis.ro\/wp-content\/uploads\/2017\/10\/Minchev.jpg\" alt=\"Minchev\" width=\"520\" height=\"202\" srcset=\"https:\/\/semndecarte.metarsis.ro\/wp-content\/uploads\/2017\/10\/Minchev.jpg 520w, https:\/\/semndecarte.metarsis.ro\/wp-content\/uploads\/2017\/10\/Minchev-160x62.jpg 160w, https:\/\/semndecarte.metarsis.ro\/wp-content\/uploads\/2017\/10\/Minchev-163x63.jpg 163w\" sizes=\"(max-width: 520px) 100vw, 520px\" \/><\/a>Dezvelirea bustului<\/strong><\/p>\n<p style=\"text-align: justify;\">Luni, 9 octombrie 2017, ora 17:00,\u00a0 \u00een cadrul evenimentelor celei de-a XXXVI-a edi\u021bii a manifest\u0103rilor organizate de Casa de Cultur\u0103 a Sindicatelor din Re\u0219i\u021ba sub genericul RE\u0218I\u021aA \u00ceN 10 DIMENSIUNI, va fi dezvelit, bustul artistului plastic IULIAN VITALIS (BEBE) COJOCARIU (10.01.1939- 30.08.2013).<!--more--><\/p>\n<p style=\"text-align: justify;\">La patru ani de la dispari\u0163ia sa \u201eOmagiu adus lui Iulian Vitalis Cojocariu\u201d, sculptura n\u0103scut\u0103 din admira\u021bia \u0219i respectul fa\u021b\u0103 de MAESTRU a doi\u00a0 arti\u0219ti bulgari\u00a0: Bogdan ALEXANDROV \u015fi Georgi MINCHEV, donat\u0103 re\u0219i\u021benilor, a fost amplasata, prin grija directorului Marian Apostol, \u00een fa\u0163a Casei de Cultur\u0103 a Sindicatelor din Re\u015fi\u0163a.<\/p>\n<p style=\"text-align: justify;\">\u201cPaznicul cerului\u201d, Iulian Vitalis COJOCARIU nu a pierdut p\u0103m\u00e2ntul. Ne va privi, SIMULTAN, de aici \u0219i de dincolo, cu z\u00e2mbet \u0219\u0103galnic fluturat pe sub musta\u021b\u0103- reper moral remarcabil \u00eentrat \u00een con\u0219tiin\u021ba colectiv\u0103.<\/p>\n<p style=\"text-align: justify;\">Luni \u00eel vom omagia pe MAESTRU!<\/p>\n","protected":false},"excerpt":{"rendered":"<p>Luni, 9 octombrie 2017, ora 17:00,  \u00een cadrul evenimentelor celei de-a XXXVI-a edi\u021bii a manifest\u0103rilor organizate de Casa de Cultur\u0103 a Sindicatelor din Re\u0219i\u021ba sub genericul RE\u0218I\u021aA \u00ceN 10 DIMENSIUNI, va fi dezvelit oficial, bustul artistului plastic IULIAN VITALIS (BEBE) COJOCARIU (10.01.1939- 30.08.2013).<\/p>\n","protected":false},"author":1,"featured_media":0,"comment_status":"open","ping_status":"open","sticky":false,"template":"","format":"standard","meta":[],"categories":[3],"tags":[695],"_links":{"self":[{"href":"https:\/\/semndecarte.metarsis.ro\/index.php?rest_route=\/wp\/v2\/posts\/11298"}],"collection":[{"href":"https:\/\/semndecarte.metarsis.ro\/index.php?rest_route=\/wp\/v2\/posts"}],"about":[{"href":"https:\/\/semndecarte.metarsis.ro\/index.php?rest_route=\/wp\/v2\/types\/post"}],"author":[{"embeddable":true,"href":"https:\/\/semndecarte.metarsis.ro\/index.php?rest_route=\/wp\/v2\/users\/1"}],"replies":[{"embeddable":true,"href":"https:\/\/semndecarte.metarsis.ro\/index.php?rest_route=%2Fwp%2Fv2%2Fcomments&post=11298"}],"version-history":[{"count":0,"href":"https:\/\/semndecarte.metarsis.ro\/index.php?rest_route=\/wp\/v2\/posts\/11298\/revisions"}],"wp:attachment":[{"href":"https:\/\/semndecarte.metarsis.ro\/index.php?rest_route=%2Fwp%2Fv2%2Fmedia&parent=11298"}],"wp:term":[{"taxonomy":"category","embeddable":true,"href":"https:\/\/semndecarte.metarsis.ro\/index.php?rest_route=%2Fwp%2Fv2%2Fcategories&post=11298"},{"taxonomy":"post_tag","embeddable":true,"href":"https:\/\/semndecarte.metarsis.ro\/index.php?rest_route=%2Fwp%2Fv2%2Ftags&post=11298"}],"curies":[{"name":"wp","href":"https:\/\/api.w.org\/{rel}","templated":true}]}}