{"id":11296,"date":"2017-10-04T19:01:49","date_gmt":"2017-10-04T17:01:49","guid":{"rendered":"http:\/\/semndecarte.metarsis.ro\/?p=11296"},"modified":"2017-10-04T19:01:49","modified_gmt":"2017-10-04T17:01:49","slug":"dan-d-farcas-la-resita","status":"publish","type":"post","link":"https:\/\/semndecarte.metarsis.ro\/?p=11296","title":{"rendered":"Dan D. FARCA\u0218 la Re\u0219i\u021ba"},"content":{"rendered":"<p><strong><a href=\"http:\/\/semndecarte.metarsis.ro\/wp-content\/uploads\/2017\/10\/Enigma-DD-Farcas-mic.jpg\" rel=\"lightbox[11296]\"><img loading=\"lazy\" class=\"alignleft size-full wp-image-11297\" src=\"http:\/\/semndecarte.metarsis.ro\/wp-content\/uploads\/2017\/10\/Enigma-DD-Farcas-mic.jpg\" alt=\"Enigma DD Farcas mic\" width=\"519\" height=\"263\" srcset=\"https:\/\/semndecarte.metarsis.ro\/wp-content\/uploads\/2017\/10\/Enigma-DD-Farcas-mic.jpg 519w, https:\/\/semndecarte.metarsis.ro\/wp-content\/uploads\/2017\/10\/Enigma-DD-Farcas-mic-160x81.jpg 160w, https:\/\/semndecarte.metarsis.ro\/wp-content\/uploads\/2017\/10\/Enigma-DD-Farcas-mic-163x83.jpg 163w\" sizes=\"(max-width: 519px) 100vw, 519px\" \/><\/a>Enigma lumilor paralele. Lansare de carte<\/strong><\/p>\n<p style=\"text-align: justify;\">Una dintre min\u021bile str\u0103lucite ale Re\u0219i\u021bei, cunoscutul matematician Dan D. FARCA\u0218 este, \u00een aceste zile, acas\u0103, la Re\u0219i\u021ba aduc\u00e2ndu-ne ultima sa carte publicat\u0103 (2017) de editura \u0218coala Ardelean\u0103 din Cluj: ENIGMA LUMILOR PARALELE. Cu o prefa\u021b\u0103 semnat\u0103 Dumitru Constantin Dulcan, volumul prezint\u0103 cititorului punctul de vedere al matematicianului de la\u00a0 \u201dComplexitatea realit\u0103\u021bii \u0219i a min\u021bii\u201d p\u00e2n\u0103 la \u201dFinalitate, Crea\u021bie \u0219i Iubire\u201d ar\u0103t\u00e2ndu-ne \u201dCalea, Rostul \u0219i Maturizarea \u00eentru frumos \u0219i iubire\u201d.<\/p>\n<p style=\"text-align: justify;\">\u201dEnigma lumilor paralele\u201d de Dan D. FARCA\u0218 va fi lansat\u0103 joi, 5 octombrie 2017, \u00een Sala Cenaclului \u201dSemenicul\u201d din Casa de Cultur\u0103 a Sindicatelor Re\u0219i\u021ba, la ora 13:00, prezentarea fiind f\u0103cut\u0103 de criticul Gheorghe JURMA, fiind una dintre manifest\u0103rile cuprinse \u00een cea de-a XXXVI-a edi\u021bie a RE\u0218I\u021aEI \u00ceN 10 DIMENSIUNI.<\/p>\n<p style=\"text-align: justify;\">Tot joi, 5 octombrie 2017, ora 18:00, Dan D. Farca\u0219 se va \u00eent\u00e2lni cu prietenii \u0219i admiratorii la libr\u0103ria Semn de Carte din Re\u0219i\u021ba, str. Libert\u0103\u021bii 13.<!--more--><\/p>\n<p style=\"text-align: justify;\">Evenimente\u00a0 organizate de Societatea pentru Cultur\u0103 METARSIS- activit\u0103\u021bi \u0219i servicii de cultur\u0103 urban\u0103 \u0219i art\u0103 contemporan\u0103 prin libr\u0103ria Semn de Carte.<\/p>\n","protected":false},"excerpt":{"rendered":"<p>Una dintre min\u021bile str\u0103lucite ale Re\u0219i\u021bei, cunoscutul matematician Dan D. FARCA\u0218 este, \u00een aceste zile, acas\u0103, la Re\u0219i\u021ba aduc\u00e2ndu-ne ultima sa carte publicat\u0103 (2017) de editura \u0218coala Ardelean\u0103 din Cluj: ENIGMA LUMILOR PARALELE.<\/p>\n","protected":false},"author":1,"featured_media":0,"comment_status":"open","ping_status":"open","sticky":false,"template":"","format":"standard","meta":[],"categories":[3],"tags":[69],"_links":{"self":[{"href":"https:\/\/semndecarte.metarsis.ro\/index.php?rest_route=\/wp\/v2\/posts\/11296"}],"collection":[{"href":"https:\/\/semndecarte.metarsis.ro\/index.php?rest_route=\/wp\/v2\/posts"}],"about":[{"href":"https:\/\/semndecarte.metarsis.ro\/index.php?rest_route=\/wp\/v2\/types\/post"}],"author":[{"embeddable":true,"href":"https:\/\/semndecarte.metarsis.ro\/index.php?rest_route=\/wp\/v2\/users\/1"}],"replies":[{"embeddable":true,"href":"https:\/\/semndecarte.metarsis.ro\/index.php?rest_route=%2Fwp%2Fv2%2Fcomments&post=11296"}],"version-history":[{"count":0,"href":"https:\/\/semndecarte.metarsis.ro\/index.php?rest_route=\/wp\/v2\/posts\/11296\/revisions"}],"wp:attachment":[{"href":"https:\/\/semndecarte.metarsis.ro\/index.php?rest_route=%2Fwp%2Fv2%2Fmedia&parent=11296"}],"wp:term":[{"taxonomy":"category","embeddable":true,"href":"https:\/\/semndecarte.metarsis.ro\/index.php?rest_route=%2Fwp%2Fv2%2Fcategories&post=11296"},{"taxonomy":"post_tag","embeddable":true,"href":"https:\/\/semndecarte.metarsis.ro\/index.php?rest_route=%2Fwp%2Fv2%2Ftags&post=11296"}],"curies":[{"name":"wp","href":"https:\/\/api.w.org\/{rel}","templated":true}]}}