{"id":11218,"date":"2017-09-25T20:34:52","date_gmt":"2017-09-25T18:34:52","guid":{"rendered":"http:\/\/semndecarte.metarsis.ro\/?p=11218"},"modified":"2017-09-25T20:34:52","modified_gmt":"2017-09-25T18:34:52","slug":"carmen-sulti","status":"publish","type":"post","link":"https:\/\/semndecarte.metarsis.ro\/?p=11218","title":{"rendered":"Carmen \u0218UL\u021aI"},"content":{"rendered":"<p><strong><a href=\"http:\/\/semndecarte.metarsis.ro\/wp-content\/uploads\/2017\/09\/cop1.jpg\" rel=\"lightbox[11218]\"><img loading=\"lazy\" class=\"alignleft size-full wp-image-11219\" src=\"http:\/\/semndecarte.metarsis.ro\/wp-content\/uploads\/2017\/09\/cop1.jpg\" alt=\"cop\" width=\"519\" height=\"196\" srcset=\"https:\/\/semndecarte.metarsis.ro\/wp-content\/uploads\/2017\/09\/cop1.jpg 519w, https:\/\/semndecarte.metarsis.ro\/wp-content\/uploads\/2017\/09\/cop1-160x60.jpg 160w, https:\/\/semndecarte.metarsis.ro\/wp-content\/uploads\/2017\/09\/cop1-163x62.jpg 163w\" sizes=\"(max-width: 519px) 100vw, 519px\" \/><\/a>Impresii, sentimente, amintiri<\/strong><\/p>\n<p style=\"text-align: justify;\">Miercuri, 27 septembrie 2017, ora 18:00, la libr\u0103ria re\u0219i\u021bean\u0103 Semn de Carte va avea loc lansarea volumului semnat Carmen \u0218UL\u021aI: <em>Impresii, sentimente, amintiri<\/em>. Volumul, \u00een edi\u021bie bilingv\u0103: rom\u00e2n\u0103- francez\u0103, ap\u0103rut anul acesta la editura Graph, cu o prefa\u021b\u0103 semnat\u0103 de prof.dr. Adriana DUDA\u0218- VASILE, se constituie \u00een debutul literar al cunoscutei profesoare \u0219i face public, totodat\u0103, blazonul spiritual al familiei \u0218UL\u021aI.<!--more--><\/p>\n<p style=\"text-align: justify;\"><a href=\"http:\/\/semndecarte.metarsis.ro\/wp-content\/uploads\/2017\/09\/CS.jpg\" rel=\"lightbox[11218]\"><img loading=\"lazy\" class=\"alignleft size-large wp-image-11220\" src=\"http:\/\/semndecarte.metarsis.ro\/wp-content\/uploads\/2017\/09\/CS-113x163.jpg\" alt=\"CS\" width=\"113\" height=\"163\" srcset=\"https:\/\/semndecarte.metarsis.ro\/wp-content\/uploads\/2017\/09\/CS-113x163.jpg 113w, https:\/\/semndecarte.metarsis.ro\/wp-content\/uploads\/2017\/09\/CS-111x160.jpg 111w, https:\/\/semndecarte.metarsis.ro\/wp-content\/uploads\/2017\/09\/CS.jpg 417w\" sizes=\"(max-width: 113px) 100vw, 113px\" \/><\/a>Invitat special: prof.dr. Adriana DUDA\u0218-VASILE, inspector de specialitate ISJCS<\/p>\n<p style=\"text-align: justify;\">Moment muzical:\u00a0Adrian PETROVICI- pian<\/p>\n<p style=\"text-align: justify;\">Eveniment organizat de Societatea pentru cultur\u0103 METARSIS- activita\u021bi \u0219i servicii de cultur\u0103 urban\u0103 \u0219i art\u0103 contemporan\u0103 prin libr\u0103ria Semn de Carte.<\/p>\n<p>&nbsp;<\/p>\n","protected":false},"excerpt":{"rendered":"<p>Miercuri, 27 septembrie 2017, ora 18:00, la libr\u0103ria re\u0219i\u021bean\u0103 Semn de Carte va avea loc lansarea volumului semnat Carmen \u0218UL\u021aI: Impresii, sentimente, amintiri. Volumul, \u00een edi\u021bie bilingv\u0103: rom\u00e2n\u0103- francez\u0103, ap\u0103rut anul acesta la editura Graph, cu o prefa\u021b\u0103 semnat\u0103 de prof.dr. Adriana DUDA\u0218- VASILE, se constituie \u00een debutul literar al cunoscutei profesoare \u0219i face public, totodat\u0103, blazonul spiritual al familiei \u0218UL\u021aI.<\/p>\n","protected":false},"author":1,"featured_media":0,"comment_status":"open","ping_status":"open","sticky":false,"template":"","format":"standard","meta":[],"categories":[3],"tags":[694,271,423,642],"_links":{"self":[{"href":"https:\/\/semndecarte.metarsis.ro\/index.php?rest_route=\/wp\/v2\/posts\/11218"}],"collection":[{"href":"https:\/\/semndecarte.metarsis.ro\/index.php?rest_route=\/wp\/v2\/posts"}],"about":[{"href":"https:\/\/semndecarte.metarsis.ro\/index.php?rest_route=\/wp\/v2\/types\/post"}],"author":[{"embeddable":true,"href":"https:\/\/semndecarte.metarsis.ro\/index.php?rest_route=\/wp\/v2\/users\/1"}],"replies":[{"embeddable":true,"href":"https:\/\/semndecarte.metarsis.ro\/index.php?rest_route=%2Fwp%2Fv2%2Fcomments&post=11218"}],"version-history":[{"count":0,"href":"https:\/\/semndecarte.metarsis.ro\/index.php?rest_route=\/wp\/v2\/posts\/11218\/revisions"}],"wp:attachment":[{"href":"https:\/\/semndecarte.metarsis.ro\/index.php?rest_route=%2Fwp%2Fv2%2Fmedia&parent=11218"}],"wp:term":[{"taxonomy":"category","embeddable":true,"href":"https:\/\/semndecarte.metarsis.ro\/index.php?rest_route=%2Fwp%2Fv2%2Fcategories&post=11218"},{"taxonomy":"post_tag","embeddable":true,"href":"https:\/\/semndecarte.metarsis.ro\/index.php?rest_route=%2Fwp%2Fv2%2Ftags&post=11218"}],"curies":[{"name":"wp","href":"https:\/\/api.w.org\/{rel}","templated":true}]}}