{"id":11193,"date":"2017-09-13T16:19:13","date_gmt":"2017-09-13T14:19:13","guid":{"rendered":"http:\/\/semndecarte.metarsis.ro\/?p=11193"},"modified":"2017-09-13T16:21:05","modified_gmt":"2017-09-13T14:21:05","slug":"nicolae-susara","status":"publish","type":"post","link":"https:\/\/semndecarte.metarsis.ro\/?p=11193","title":{"rendered":"Nicolae  \u0218U\u0218AR\u0102"},"content":{"rendered":"<p>&nbsp;<\/p>\n<p><a href=\"http:\/\/semndecarte.metarsis.ro\/wp-content\/uploads\/2017\/09\/IMG_4061.jpg\" rel=\"lightbox[11193]\"><img loading=\"lazy\" class=\"alignleft size-full wp-image-11194\" src=\"http:\/\/semndecarte.metarsis.ro\/wp-content\/uploads\/2017\/09\/IMG_4061.jpg\" alt=\"IMG_4061\" width=\"520\" height=\"200\" srcset=\"https:\/\/semndecarte.metarsis.ro\/wp-content\/uploads\/2017\/09\/IMG_4061.jpg 520w, https:\/\/semndecarte.metarsis.ro\/wp-content\/uploads\/2017\/09\/IMG_4061-160x62.jpg 160w, https:\/\/semndecarte.metarsis.ro\/wp-content\/uploads\/2017\/09\/IMG_4061-163x63.jpg 163w\" sizes=\"(max-width: 520px) 100vw, 520px\" \/><\/a><strong>&#8230; \u0219i o salb\u0103 de CHEI<\/strong><\/p>\n<p style=\"text-align: justify;\">Joi, l4 septembrie 2017, orele 18:00, la libr\u0103ria Semn de Carte din Re\u0219i\u021ba, str. Libert\u0103\u021bii 13, Nicolae \u0218U\u0218AR\u0102, frumosul \u201dnebun\u201d de la Buhui, \u00eendr\u0103gostitul iemediabil de mun\u021bii \u0219i p\u0103durile Banatului Montan, vine \u00een fa\u021ba re\u0219i\u021benilor cu o nou\u0103 expozi\u021bie de fotografii realizate \u00een acest col\u021b de Rai.<\/p>\n<p style=\"text-align: justify;\">De la Izbucul Cara\u0219ului la Dun\u0103re, de la P\u00e2r\u00e2ul Rece de sub Marila la Bazia\u0219, salba de CHEI: Nera, Cara\u0219, Mini\u0219, G\u00e2rli\u0219te, cascadele Big\u0103r \u0219i Beu\u0219ni\u021ba, p\u0103durile din Mun\u021bii Aninei, cei 3 Seqvoia Gigantea de pe Beiul Sec sau cel de la Navesul Mare, chiar \u0219i temuta viper\u0103 cu corn, toate v\u0103 sunt oferite \u00een fotografii de o rar\u0103 frumuse\u021be realizate de cantonierul\u00a0 Nicu \u0218U\u0218AR\u0102.<!--more--><\/p>\n<p>Invitat special: prof.univ.dr. Gheorghe POPOVICI<\/p>\n","protected":false},"excerpt":{"rendered":"<p>Joi, l4 septembrie 2017, orele 18:00, la libr\u0103ria Semn de Carte din Re\u0219i\u021ba, str. Libert\u0103\u021bii 13, Nicolae \u0218U\u0218AR\u0102, frumosul \u201dnebun\u201d de la Buhui, \u00eendr\u0103gostitul iemediabil de mun\u021bii \u0219i p\u0103durile Banatului Montan, vine \u00een fa\u021ba re\u0219i\u021benilor cu o nou\u0103 expozi\u021bie de fotografii realizate \u00een acest col\u021b de Rai.<\/p>\n","protected":false},"author":1,"featured_media":0,"comment_status":"open","ping_status":"open","sticky":false,"template":"","format":"standard","meta":[],"categories":[3],"tags":[499,687],"_links":{"self":[{"href":"https:\/\/semndecarte.metarsis.ro\/index.php?rest_route=\/wp\/v2\/posts\/11193"}],"collection":[{"href":"https:\/\/semndecarte.metarsis.ro\/index.php?rest_route=\/wp\/v2\/posts"}],"about":[{"href":"https:\/\/semndecarte.metarsis.ro\/index.php?rest_route=\/wp\/v2\/types\/post"}],"author":[{"embeddable":true,"href":"https:\/\/semndecarte.metarsis.ro\/index.php?rest_route=\/wp\/v2\/users\/1"}],"replies":[{"embeddable":true,"href":"https:\/\/semndecarte.metarsis.ro\/index.php?rest_route=%2Fwp%2Fv2%2Fcomments&post=11193"}],"version-history":[{"count":0,"href":"https:\/\/semndecarte.metarsis.ro\/index.php?rest_route=\/wp\/v2\/posts\/11193\/revisions"}],"wp:attachment":[{"href":"https:\/\/semndecarte.metarsis.ro\/index.php?rest_route=%2Fwp%2Fv2%2Fmedia&parent=11193"}],"wp:term":[{"taxonomy":"category","embeddable":true,"href":"https:\/\/semndecarte.metarsis.ro\/index.php?rest_route=%2Fwp%2Fv2%2Fcategories&post=11193"},{"taxonomy":"post_tag","embeddable":true,"href":"https:\/\/semndecarte.metarsis.ro\/index.php?rest_route=%2Fwp%2Fv2%2Ftags&post=11193"}],"curies":[{"name":"wp","href":"https:\/\/api.w.org\/{rel}","templated":true}]}}