{"id":11110,"date":"2017-07-06T15:09:48","date_gmt":"2017-07-06T13:09:48","guid":{"rendered":"http:\/\/semndecarte.metarsis.ro\/?p=11110"},"modified":"2017-11-28T11:36:45","modified_gmt":"2017-11-28T09:36:45","slug":"jazz-crez","status":"publish","type":"post","link":"https:\/\/semndecarte.metarsis.ro\/?p=11110","title":{"rendered":"JAZZ CREZ"},"content":{"rendered":"<p>2 premiere<\/p>\n<p style=\"text-align: justify;\"><a href=\"http:\/\/semndecarte.metarsis.ro\/wp-content\/uploads\/2017\/07\/admin-ajax1.jpg\" rel=\"lightbox[11110]\"><img loading=\"lazy\" class=\"alignleft size-full wp-image-11112\" src=\"http:\/\/semndecarte.metarsis.ro\/wp-content\/uploads\/2017\/07\/admin-ajax1.jpg\" alt=\"admin-ajax\" width=\"519\" height=\"200\" srcset=\"https:\/\/semndecarte.metarsis.ro\/wp-content\/uploads\/2017\/07\/admin-ajax1.jpg 519w, https:\/\/semndecarte.metarsis.ro\/wp-content\/uploads\/2017\/07\/admin-ajax1-160x62.jpg 160w, https:\/\/semndecarte.metarsis.ro\/wp-content\/uploads\/2017\/07\/admin-ajax1-163x63.jpg 163w\" sizes=\"(max-width: 519px) 100vw, 519px\" \/><\/a>2 biserici, 2 premiere, 4 concerte, opt muzicieni de marc\u0103 \u015fi maestrul Sabin PAUTZA. S\u00e2mb\u0103t\u0103, 8 iulie 2017,\u00a0 si duminica 9 iulie, JAZZ- CREZ \u0219i CLASSIC MEETS JAZZ \u00een Bisericile Romano-Catolice din Brebu-Nou\/ Weidenthal \u0219i G\u0103r\u00e2na\/ Wolfsberg,\u00a0 cu\u00a0dou\u0103 premier\u0103 absolute: pian la patru m\u00e2ini, un recital extraordinar Corina R\u0102DUCANU &amp; Eugen DUMITRESCU (Bucure\u0219ti), s\u00e2mb\u0103t\u0103, 8 iulie ora 16:30 la G\u0103r\u00e2na si\u00a0\u00a0duminic\u0103, 9 iulie 2017, ora 11:30, \u00een Biserica Romano-Catolic\u0103 din Brebu-Nou, Nicolas SIMION (K\u00f6ln), \u00eentr-un proiect SOLO, va oferi melomanilor un regal de jazz altern\u00e2nd orga Bisericii cu\u00a0 instrumentele de suflat cu ancii si nu doar. S\u00e2mbt\u0103. de la ora 11:30, la Brebu-Nou vor concerta Gabriela COSTA \u0219i Alex\u00a0MAN, iar\u00a0duminic\u0103, la G\u0103r\u00e2na, de la ora 16:30, clasicul va \u00eent\u00e2lni jazzul prin\u00a0Sorin Dogariu- pian,\u00a0 Marius Manyov- bass si Nicolae Ha\u021biegan- bariton\u00a0\u00eentr-un\u00a0 recital extraordinar cu piese din repertoriu clasic si modern. Evenimentele se vor bucura de prezen\u0163a compozitorului \u015fi dirijorului Sabin PAUTZA, personalitate marcant\u0103 a muzicii clasice, Conductor Emeritus, pe via\u0163\u0103, al celei mai vechi orchestre simfonice, cu activitate continua, din America, Playnfield Simphony Orchestra.<!--more--><\/p>\n<p style=\"text-align: justify;\">Concertele de zi \u00een Biserica din Brebu- Nou, ridicat\u0103 de Florian Lungu la rang de caterdal\u0103, adiacente, nu concurente Festivalului Interna\u021bional de Jazz de la G\u0103r\u00e2na, ofer\u0103 iubitorilor de gen, de 11 ani, \u00eent\u00e2lniri cu personalit\u0103\u0163i marcante ale genului printre care: Mircea Tiberian, Liviu Butoi, Nicolas Simion, Elena Morariu, Sorin Romanescu, Elena Morariu, Luiza Zan, Ilie Sterpan, Puba Hromatka, Horea Cri\u015fovan, Tony Khun, M\u0103d\u0103lin Luca, Didina Curea, Adrian Dinu Schwartz. \u015ei pentru c\u0103 jazz nu se poate f\u0103r\u0103 studiul temeinic al muzicii clasice, respectul nostru pentru muzica studiat\u0103 temeinic se reflect\u0103, \u00een recitaluri, \u00eent\u00e2i \u00een biserica din Brebu Nou, apoi, din 2015, sub genericul CLASSIC MEETS JAZZ, au loc \u00een Biserica din G\u0103r\u00eena. Aici au concertat, printre altii: Cristian Ro\u015foag\u0103, Remus \u015fi Eduard Ailenei, Oana B\u0103descu, Georg Col\u0163a, Zenaida V\u00e2rd\u0103u, Diana Szuiogan, Cornelia \u0219i Lorand Balogh-Remelei\u00a0.<\/p>\n<p style=\"text-align: justify;\">Nicolas SIMION a fost desemnat, \u00een 2016, c\u00e2\u0219tig\u0103torul celei de-a doua edi\u021bii a concursului de compozi\u021bie New Jazz Works, platforma de comisionare a Bucharest Jazz Festival sub egida ARCUB.<\/p>\n<p style=\"text-align: justify;\">Organizator: Societatea pentru Cultur\u0103 METARSIS- activit\u0103\u0163i \u015fi servicii de cultur\u0103 urban\u0103 \u015fi art\u0103 contemporan\u0103<\/p>\n<p style=\"text-align: justify;\">Partener: Consiliului Jude\u0163ean Cara\u015f-Severin<\/p>\n<p style=\"text-align: justify;\">Parteneri culturali: Funda\u0163ia Iancu de Hunedoara, Asocia\u0163ia Klavierart Bucure\u015fti, Forumul Democratic al Germanilor din Cara\u015f-Severin, Liceul de Arte Sabin P\u0103u\u0163a Re\u015fi\u0163a, Gordian Timi\u015foara<\/p>\n<p style=\"text-align: justify;\">Prin bun\u0103voin\u0163a Parohiei Romano Catolice \u201cMaria Z\u0103pezii\u201d, monseniorul J\u00f3zsef Csaba P\u00e1l, canonic de Timi\u015foara \u015fi arhidiacon romano-catolic al Banatului Montan.<\/p>\n<p style=\"text-align: justify;\">Servicii profesionale\u00a0 piperiu.eu<\/p>\n","protected":false},"excerpt":{"rendered":"<p>2 biserici, 2 premiere, opt muzicieni de marc\u0103 \u015fi maestrul Sabin PAUTZA. S\u00e2mb\u0103t\u0103, 8 iulie 2017, ora 16:30, si Duminica CLASSIC MEETS JAZZ \u00een Biserica Romano-Catolic\u0103 din G\u0103r\u00e2na\/ Wolfsberg \u00eentr-o premier\u0103 absolut\u0103: pian la patru m\u00e2ini, un recital extraordinar Corina R\u0102DUCANU &#038; Eugen DUMITRESCU (Bucure\u0219ti). Sambata si Duminic\u0103, ora 11:30, \u00een Biserica Romano-Catolic\u0103 din Brebu-Nou\/ Weidenthal, Nicolas SIMION (K\u00f6ln), \u00eentr-un proiect SOLO, va oferi melomanilor un regal de jazz altern\u00e2nd orga Bisericii cu  instrumentele de suflat cu ancii si nu doar.<\/p>\n","protected":false},"author":1,"featured_media":0,"comment_status":"open","ping_status":"open","sticky":false,"template":"","format":"standard","meta":[],"categories":[3],"tags":[601,334,82],"_links":{"self":[{"href":"https:\/\/semndecarte.metarsis.ro\/index.php?rest_route=\/wp\/v2\/posts\/11110"}],"collection":[{"href":"https:\/\/semndecarte.metarsis.ro\/index.php?rest_route=\/wp\/v2\/posts"}],"about":[{"href":"https:\/\/semndecarte.metarsis.ro\/index.php?rest_route=\/wp\/v2\/types\/post"}],"author":[{"embeddable":true,"href":"https:\/\/semndecarte.metarsis.ro\/index.php?rest_route=\/wp\/v2\/users\/1"}],"replies":[{"embeddable":true,"href":"https:\/\/semndecarte.metarsis.ro\/index.php?rest_route=%2Fwp%2Fv2%2Fcomments&post=11110"}],"version-history":[{"count":0,"href":"https:\/\/semndecarte.metarsis.ro\/index.php?rest_route=\/wp\/v2\/posts\/11110\/revisions"}],"wp:attachment":[{"href":"https:\/\/semndecarte.metarsis.ro\/index.php?rest_route=%2Fwp%2Fv2%2Fmedia&parent=11110"}],"wp:term":[{"taxonomy":"category","embeddable":true,"href":"https:\/\/semndecarte.metarsis.ro\/index.php?rest_route=%2Fwp%2Fv2%2Fcategories&post=11110"},{"taxonomy":"post_tag","embeddable":true,"href":"https:\/\/semndecarte.metarsis.ro\/index.php?rest_route=%2Fwp%2Fv2%2Ftags&post=11110"}],"curies":[{"name":"wp","href":"https:\/\/api.w.org\/{rel}","templated":true}]}}