{"id":11008,"date":"2017-06-18T17:11:34","date_gmt":"2017-06-18T15:11:34","guid":{"rendered":"http:\/\/semndecarte.metarsis.ro\/?p=11008"},"modified":"2018-01-24T21:56:18","modified_gmt":"2018-01-24T19:56:18","slug":"timp-si-contratimp-in-identitatea-banatului-de-munte-5","status":"publish","type":"post","link":"https:\/\/semndecarte.metarsis.ro\/?p=11008","title":{"rendered":"TIMP \u0219i CONTRATIMP \u00een identitatea Banatului de Munte"},"content":{"rendered":"<p style=\"text-align: justify;\"><strong><a href=\"http:\/\/semndecarte.metarsis.ro\/wp-content\/uploads\/2017\/06\/cop-1.jpg\" rel=\"lightbox[11008]\"><img loading=\"lazy\" class=\"alignleft size-full wp-image-11009\" src=\"http:\/\/semndecarte.metarsis.ro\/wp-content\/uploads\/2017\/06\/cop-1.jpg\" alt=\"cop 1\" width=\"520\" height=\"180\" srcset=\"https:\/\/semndecarte.metarsis.ro\/wp-content\/uploads\/2017\/06\/cop-1.jpg 520w, https:\/\/semndecarte.metarsis.ro\/wp-content\/uploads\/2017\/06\/cop-1-160x55.jpg 160w, https:\/\/semndecarte.metarsis.ro\/wp-content\/uploads\/2017\/06\/cop-1-163x56.jpg 163w\" sizes=\"(max-width: 520px) 100vw, 520px\" \/><\/a>IA rom\u00e2neasc\u0103 \u0219i BR\u00c2UL b\u0103n\u0103\u021bean<\/strong><\/p>\n<p style=\"text-align: justify;\">Dou\u0103 repere definitorii pentru fiin\u021ba noastr\u0103 na\u021bional\u0103 au fost puse \u00een eviden\u021b\u0103 miercuri, 14 iunie 2017, \u00een Centrul Civic al municipiului Re\u0219i\u021ba, printr-un eveniment puternic mediatizat de presa c\u0103r\u0103\u0219an\u0103: IA rom\u00e2neasc\u0103- element din patrimoniul material al Rom\u00e2niei, definitoriu \u00een TIMP \u0219i BR\u00c2UL b\u0103n\u0103\u021bean- joc pe CONTRATIMP- din patrimoniul imaterial al Banatului de Munte.<\/p>\n<p style=\"text-align: justify;\">Int\u00e2lnirea de la ora 17:00 din curtea Universit\u0103\u021bii re\u0219i\u021bene Eftimie Murgu din Re\u0219i\u021ba a adus, laolalt\u0103: Ansamblul \u0219i Orchestra <em>B\u00c2RZAVA <\/em>al Prim\u0103riei Municipiului Re\u015fi\u0163a, ansamblurile: <em>DOINA<\/em> al Casei Or\u0103\u0219ene\u0219ti de Cultur\u0103 Anina, <em>TEREGOVI\u021aA<\/em> \u0219i <em>TEREGOVANA<\/em> din Teregova,<em> DATINA C\u0102R\u0102\u0218AN\u0102<\/em> a Sindicatului \u00cenv\u0103\u021b\u0103m\u00e2nt Preuniversitar Cara\u0219-Severin, <em>ML\u0102DI\u021aE F\u00c2RLIUGENE <\/em>din F\u00e2rliug, <em>S\u00c2NZIENE ZORLEN\u021aE<\/em> din Zorlen\u021bu Mare, <em>ALM\u0102JANA<\/em> din Bozovici, <em>CUNUNA BOLVA\u0218NI\u021aEI<\/em> din Bolva\u0219ni\u021ba, <em>CIOB\u0102NA\u0218UL<\/em> din B\u0103u\u021bar, <em>TOMMYLAND<\/em> din Moldova Nou\u0103, \u00a0M\u0103ce\u015fti \u0219i Ansamblul Casei de Cultur\u0103 din Moldova Veche<em>, <\/em>Asocia\u0163ia Cultural\u0103<em> RE\u0218I\u021aA ROM\u00c2N\u0102, <\/em>Centrul jude\u0163ean pentru P\u0103strarea \u015fi Promovarea Culturii Tradi\u0163ionale Cara\u015f-Severin<em>, <\/em>Liceul de Arte<em> SABIN P\u0102U\u021aA , COLEGIUL TEHNIC C\u0102R\u0102\u0218AN, <\/em>Colegiul Na\u0163ional<em> TRAIAN LALESCU <\/em>\u015ecoala de Arte \u015fi Meserii<em> ION ROM\u00c2NU, <\/em>Centrul de voluntariat<em> \u015fi INTERACT \u00a0<\/em>Re\u015fi\u0163a. Ne-am prins \u00een piept cocarde tricolore \u00een semn de respect pentru aceast\u0103 frumoas\u0103 \u021bar\u0103- ROM\u00c2NIA- leag\u0103n de DOINE \u0219i DOR, picior de RAI \u0219i plai de POVESTE, m\u0103rturisind m\u00e2ndria de a apar\u021bine acestui NEAM ales. <!--more--><a href=\"http:\/\/semndecarte.metarsis.ro\/wp-content\/uploads\/2017\/06\/cop-2.jpg\" rel=\"lightbox[11008]\"><img loading=\"lazy\" class=\"alignleft size-full wp-image-11010\" src=\"http:\/\/semndecarte.metarsis.ro\/wp-content\/uploads\/2017\/06\/cop-2.jpg\" alt=\"cop 2\" width=\"520\" height=\"223\" srcset=\"https:\/\/semndecarte.metarsis.ro\/wp-content\/uploads\/2017\/06\/cop-2.jpg 520w, https:\/\/semndecarte.metarsis.ro\/wp-content\/uploads\/2017\/06\/cop-2-160x69.jpg 160w, https:\/\/semndecarte.metarsis.ro\/wp-content\/uploads\/2017\/06\/cop-2-163x70.jpg 163w\" sizes=\"(max-width: 520px) 100vw, 520px\" \/><\/a><iframe src=\"\/\/www.youtube.com\/embed\/B7-PHV4t08I\" width=\"520\" height=\"350\" allowfullscreen=\"allowfullscreen\"><\/iframe>Ne-am delectat cu ciocolat\u0103 ROM\u00e2neasc\u0103 \u0219i am pornit, f\u0103lo\u0219i, spre Centrul Civic \u00een frunte cu muzican\u021bii \u0219i dansatorii a trei genera\u021bii din ansamblul B\u00c2RZAVA, coordona\u021bi de inimoasa Maria AGHESCU. Ni s-au al\u0103turat simpli cet\u0103\u021beni, \u00eembr\u0103ca\u021bi sau nu \u00een c\u0103m\u0103\u0219i populare. \u00cen \u00a0Cetrul Civic al Re\u0219i\u021bei, ne a\u015fteptau al\u021bi oameni frumo\u0219i. Gata s\u0103 m\u0103rturisim, \u00eempreun\u0103, \u00een jur de 1.000 de persoane, m\u00e2ndria de a fi rom\u00e2ni, de a fi b\u0103n\u0103\u021beni \u201d \u00een \u021boalele noastre\u201d, evenimentul de la care nu a lipsit primarul Re\u0219i\u021bei, IOAN POPA, a \u00eenceput cu imnul ansamblului B\u00c2RZAVA interpretat de Camelia CIOCU, un br\u00e2u b\u0103n\u0103\u021bean ar\u0103tat publicului de tinerii ansamblului. Prin grija doamnei prof. Maria SANDU de la Colegiul Tehnic C\u0103r\u0103\u0219an din Re\u0219i\u021ba, inginer textilist, specialist\u0103 \u00een recondi\u021bionat \u0219i pasionat\u0103 de aceste minunate piese, au fost prezentate, \u00een Centrul Civic, trei costume populare autentice. Ada D. CRUCEANU, vocea important\u0103 a criticii: \u201dDac\u0103 ia este un element definitoriu pentru costumul popular al rom\u00e2ncei, s\u0103 amintim c\u0103 \u201eia cu ciupag\u201d este, cu adev\u0103rat, specific\u0103 doar c\u0103m\u0103\u015fii femeie\u015fti din arealul rom\u00e2nesc \u00een \u00eentregul s\u0103u, ciupagul fiind, \u00een fapt, platca de pe piep\u0163ii c\u0103m\u0103\u015fii, rezultat\u0103 din configurarea unui ornament bogat, cu motive geometrice, care prinde \u00een cus\u0103tura sa pliurile de la \u00eencre\u0163itura g\u00eetului acesteia \u015fi formeaz\u0103 un decor compact \u00eentre m\u00eeneci \u015fi p\u00een\u0103 la jum\u0103tatea c\u0103m\u0103\u015fii, spre br\u00eeu. Un exemplu de \u201eie cu ciupag\u201d ne ofer\u0103 ast\u0103zi doamna Chera, cu un costum realizat, \u00eens\u0103, printr-o alt\u0103 tehnic\u0103, mai simpl\u0103, care nu mai prinde pliurile de la \u00eencre\u0163itura g\u00eetului, dar respect\u0103, \u00een mare, dimensiunile \u015fi func\u0163iile ini\u0163iale ale ciupagului. Banatul se distinge \u00eens\u0103 printr-o asimilare a \u201eciupagului\u201d ca definind ia, astfel \u00eenc\u00eet, dialectal \u015fi implicit identitar din acest punct de vedere, termenul \u201eciupag\u201d (\u015fiupag) semnific\u0103 propriu-zis c\u0103ma\u015fa femeiasc\u0103; trec\u00eend peste istoria \u00eendelungat\u0103 a ciupagului, s\u0103 amintim c\u0103 acela\u015fi cuv\u00eent a definit, \u00een alte zone ale \u0163\u0103rii, pieptarul (laib\u0103rul, sp\u0103celul) din costumul femeiesc, nu mai pu\u0163in \u201ebuzunarul\u201d mic din interiorul pieptarului b\u0103rb\u0103tesc. B\u0103n\u0103\u0163ean \u015fi prezent numai \u00een costul rom\u00e2nesc din anumite zone etnofolclorice din Banat, este opregul (peticul) cu chi\u0163\u0103le, nu altceva dec\u00eet c\u0103trin\u0163a din spate, realizat\u0103 dintr-un dreptunghi relativ \u00eengust, bogat ornamentat, \u0163esut \u00een r\u0103zboi, din care se las\u0103 s\u0103 curg\u0103 liber peste poale, \u015firuri din materialul de \u0163es\u0103tur\u0103 (b\u0103teal\u0103), care, astfel, sugereaz\u0103 c\u0103trin\u0163a \u015fi, desigur, las\u0103 vederii mai mult\u0103 suprafa\u0163\u0103 din poalele costumului. Un exemplar costum cu c\u0103trin\u0163\u0103 \u0163esut\u0103 cu fir metalic \u015fi opreg cu chi\u0163\u0103le este cel purtat de Maria, a\u015fa cum, tot exemplar pentru o zon\u0103 aparte a Banatului de munte, este costumul bufenesc, de C\u0103rbunari \u2013 Padina Matei- Bo\u015fneag (Moldova Nou\u0103 de ast\u0103zi) din colec\u0163ia impresionant\u0103 a doamnei profesoare Maria Sandu, la care se distinge ornamentul \u201ecu b\u0103nu\u0163i\u201d (sau \u201ebumbi\u201d) prezent pe ambele c\u0103trin\u0163e \u015fi, \u00een costumul tradi\u0163ional, pe tablele de pe m\u00eenecile c\u0103m\u0103\u015fii, respectiv, \u00een \u015firurile laterale de pe poale.\u201d<\/p>\n<p style=\"text-align: justify;\"><a href=\"http:\/\/semndecarte.metarsis.ro\/wp-content\/uploads\/2017\/06\/Ia-romaneasca-si-braul-banatean_039.jpg\" rel=\"lightbox[11008]\"><img loading=\"lazy\" class=\"alignleft size-thumbnail wp-image-11011\" src=\"http:\/\/semndecarte.metarsis.ro\/wp-content\/uploads\/2017\/06\/Ia-romaneasca-si-braul-banatean_039-95x95.jpg\" alt=\"Ia romaneasca si braul banatean_039\" width=\"95\" height=\"95\" \/><\/a> <a href=\"http:\/\/semndecarte.metarsis.ro\/wp-content\/uploads\/2017\/06\/Ia-romaneasca-si-braul-banatean_004.jpg\" rel=\"lightbox[11008]\"><img loading=\"lazy\" class=\"alignleft size-thumbnail wp-image-11012\" src=\"http:\/\/semndecarte.metarsis.ro\/wp-content\/uploads\/2017\/06\/Ia-romaneasca-si-braul-banatean_004-95x95.jpg\" alt=\"Ia romaneasca si braul banatean_004\" width=\"95\" height=\"95\" \/><\/a> <a href=\"http:\/\/semndecarte.metarsis.ro\/wp-content\/uploads\/2017\/06\/Ia-romaneasca-si-braul-banatean_006.jpg\" rel=\"lightbox[11008]\"><img loading=\"lazy\" class=\"alignleft size-thumbnail wp-image-11013\" src=\"http:\/\/semndecarte.metarsis.ro\/wp-content\/uploads\/2017\/06\/Ia-romaneasca-si-braul-banatean_006-95x95.jpg\" alt=\"Ia romaneasca si braul banatean_006\" width=\"95\" height=\"95\" \/><\/a> <a href=\"http:\/\/semndecarte.metarsis.ro\/wp-content\/uploads\/2017\/06\/Ia-romaneasca-si-braul-banatean_009.jpg\" rel=\"lightbox[11008]\"><img loading=\"lazy\" class=\"alignleft size-thumbnail wp-image-11014\" src=\"http:\/\/semndecarte.metarsis.ro\/wp-content\/uploads\/2017\/06\/Ia-romaneasca-si-braul-banatean_009-95x95.jpg\" alt=\"Ia romaneasca si braul banatean_009\" width=\"95\" height=\"95\" \/><\/a> <a href=\"http:\/\/semndecarte.metarsis.ro\/wp-content\/uploads\/2017\/06\/Ia-romaneasca-si-braul-banatean_014.jpg\" rel=\"lightbox[11008]\"><img loading=\"lazy\" class=\"alignleft size-thumbnail wp-image-11015\" src=\"http:\/\/semndecarte.metarsis.ro\/wp-content\/uploads\/2017\/06\/Ia-romaneasca-si-braul-banatean_014-95x95.jpg\" alt=\"Ia romaneasca si braul banatean_014\" width=\"95\" height=\"95\" \/><\/a> <a href=\"http:\/\/semndecarte.metarsis.ro\/wp-content\/uploads\/2017\/06\/Ia-romaneasca-si-braul-banatean_015.jpg\" rel=\"lightbox[11008]\"><img loading=\"lazy\" class=\"alignleft size-thumbnail wp-image-11016\" src=\"http:\/\/semndecarte.metarsis.ro\/wp-content\/uploads\/2017\/06\/Ia-romaneasca-si-braul-banatean_015-95x95.jpg\" alt=\"Ia romaneasca si braul banatean_015\" width=\"95\" height=\"95\" \/><\/a> <a href=\"http:\/\/semndecarte.metarsis.ro\/wp-content\/uploads\/2017\/06\/Ia-romaneasca-si-braul-banatean_018.jpg\" rel=\"lightbox[11008]\"><img loading=\"lazy\" class=\"alignleft size-thumbnail wp-image-11017\" src=\"http:\/\/semndecarte.metarsis.ro\/wp-content\/uploads\/2017\/06\/Ia-romaneasca-si-braul-banatean_018-95x95.jpg\" alt=\"Ia romaneasca si braul banatean_018\" width=\"95\" height=\"95\" \/><\/a> <a href=\"http:\/\/semndecarte.metarsis.ro\/wp-content\/uploads\/2017\/06\/Ia-romaneasca-si-braul-banatean_020.jpg\" rel=\"lightbox[11008]\"><img loading=\"lazy\" class=\"alignleft size-thumbnail wp-image-11018\" src=\"http:\/\/semndecarte.metarsis.ro\/wp-content\/uploads\/2017\/06\/Ia-romaneasca-si-braul-banatean_020-95x95.jpg\" alt=\"Ia romaneasca si braul banatean_020\" width=\"95\" height=\"95\" \/><\/a> <a href=\"http:\/\/semndecarte.metarsis.ro\/wp-content\/uploads\/2017\/06\/Ia-romaneasca-si-braul-banatean_023.jpg\" rel=\"lightbox[11008]\"><img loading=\"lazy\" class=\"alignleft size-thumbnail wp-image-11019\" src=\"http:\/\/semndecarte.metarsis.ro\/wp-content\/uploads\/2017\/06\/Ia-romaneasca-si-braul-banatean_023-95x95.jpg\" alt=\"Ia romaneasca si braul banatean_023\" width=\"95\" height=\"95\" \/><\/a> <a href=\"http:\/\/semndecarte.metarsis.ro\/wp-content\/uploads\/2017\/06\/Ia-romaneasca-si-braul-banatean_029.jpg\" rel=\"lightbox[11008]\"><img loading=\"lazy\" class=\"alignleft size-thumbnail wp-image-11020\" src=\"http:\/\/semndecarte.metarsis.ro\/wp-content\/uploads\/2017\/06\/Ia-romaneasca-si-braul-banatean_029-95x95.jpg\" alt=\"Ia romaneasca si braul banatean_029\" width=\"95\" height=\"95\" \/><\/a> <a href=\"http:\/\/semndecarte.metarsis.ro\/wp-content\/uploads\/2017\/06\/Ia-romaneasca-si-braul-banatean_030.jpg\" rel=\"lightbox[11008]\"><img loading=\"lazy\" class=\"alignleft size-thumbnail wp-image-11021\" src=\"http:\/\/semndecarte.metarsis.ro\/wp-content\/uploads\/2017\/06\/Ia-romaneasca-si-braul-banatean_030-95x95.jpg\" alt=\"Ia romaneasca si braul banatean_030\" width=\"95\" height=\"95\" \/><\/a> <a href=\"http:\/\/semndecarte.metarsis.ro\/wp-content\/uploads\/2017\/06\/Ia-romaneasca-si-braul-banatean_032.jpg\" rel=\"lightbox[11008]\"><img loading=\"lazy\" class=\"alignleft size-thumbnail wp-image-11022\" src=\"http:\/\/semndecarte.metarsis.ro\/wp-content\/uploads\/2017\/06\/Ia-romaneasca-si-braul-banatean_032-95x95.jpg\" alt=\"Ia romaneasca si braul banatean_032\" width=\"95\" height=\"95\" \/><\/a> <a href=\"http:\/\/semndecarte.metarsis.ro\/wp-content\/uploads\/2017\/06\/Ia-romaneasca-si-braul-banatean_034.jpg\" rel=\"lightbox[11008]\"><img loading=\"lazy\" class=\"alignleft size-thumbnail wp-image-11023\" src=\"http:\/\/semndecarte.metarsis.ro\/wp-content\/uploads\/2017\/06\/Ia-romaneasca-si-braul-banatean_034-95x95.jpg\" alt=\"Ia romaneasca si braul banatean_034\" width=\"95\" height=\"95\" \/><\/a> <a href=\"http:\/\/semndecarte.metarsis.ro\/wp-content\/uploads\/2017\/06\/Ia-romaneasca-si-braul-banatean_035.jpg\" rel=\"lightbox[11008]\"><img loading=\"lazy\" class=\"alignleft size-thumbnail wp-image-11024\" src=\"http:\/\/semndecarte.metarsis.ro\/wp-content\/uploads\/2017\/06\/Ia-romaneasca-si-braul-banatean_035-95x95.jpg\" alt=\"Ia romaneasca si braul banatean_035\" width=\"95\" height=\"95\" \/><\/a> <a href=\"http:\/\/semndecarte.metarsis.ro\/wp-content\/uploads\/2017\/06\/Ia-romaneasca-si-braul-banatean_038.jpg\" rel=\"lightbox[11008]\"><img loading=\"lazy\" class=\"alignleft size-thumbnail wp-image-11025\" src=\"http:\/\/semndecarte.metarsis.ro\/wp-content\/uploads\/2017\/06\/Ia-romaneasca-si-braul-banatean_038-95x95.jpg\" alt=\"Ia romaneasca si braul banatean_038\" width=\"95\" height=\"95\" \/><\/a>Br\u00e2ul b\u0103n\u0103\u021bean, \u00eenceput de senioarea Floarea Vela \u0219i de seniorul Ioan Ghimboa\u0219\u0103, a fost jucat cu FAL\u0102 B\u0102N\u0102\u021aEAN\u0102 \u00a0de aproape 1.000 de oameni. Tineri, mai pu\u021bin tineri si, cel mai important, de copii. Cei care vor purta, peste TIMP, aceste dou\u0103 repere identitare extrem de importante, repere care le confer\u0103 R\u0102D\u0102CINI.<\/p>\n<p style=\"text-align: justify;\"><a href=\"http:\/\/semndecarte.metarsis.ro\/wp-content\/uploads\/2017\/06\/Ia-romaneasca-si-braul-banatean_085.jpg\" rel=\"lightbox[11008]\"><img loading=\"lazy\" class=\"alignleft size-thumbnail wp-image-11026\" src=\"http:\/\/semndecarte.metarsis.ro\/wp-content\/uploads\/2017\/06\/Ia-romaneasca-si-braul-banatean_085-95x95.jpg\" alt=\"Ia romaneasca si braul banatean_085\" width=\"95\" height=\"95\" \/><\/a> <a href=\"http:\/\/semndecarte.metarsis.ro\/wp-content\/uploads\/2017\/06\/Ia-romaneasca-si-braul-banatean_040.jpg\" rel=\"lightbox[11008]\"><img loading=\"lazy\" class=\"alignleft size-thumbnail wp-image-11027\" src=\"http:\/\/semndecarte.metarsis.ro\/wp-content\/uploads\/2017\/06\/Ia-romaneasca-si-braul-banatean_040-95x95.jpg\" alt=\"Ia romaneasca si braul banatean_040\" width=\"95\" height=\"95\" \/><\/a> <a href=\"http:\/\/semndecarte.metarsis.ro\/wp-content\/uploads\/2017\/06\/Ia-romaneasca-si-braul-banatean_042.jpg\" rel=\"lightbox[11008]\"><img loading=\"lazy\" class=\"alignleft size-thumbnail wp-image-11028\" src=\"http:\/\/semndecarte.metarsis.ro\/wp-content\/uploads\/2017\/06\/Ia-romaneasca-si-braul-banatean_042-95x95.jpg\" alt=\"Ia romaneasca si braul banatean_042\" width=\"95\" height=\"95\" \/><\/a> <a href=\"http:\/\/semndecarte.metarsis.ro\/wp-content\/uploads\/2017\/06\/Ia-romaneasca-si-braul-banatean_046.jpg\" rel=\"lightbox[11008]\"><img loading=\"lazy\" class=\"alignleft size-thumbnail wp-image-11029\" src=\"http:\/\/semndecarte.metarsis.ro\/wp-content\/uploads\/2017\/06\/Ia-romaneasca-si-braul-banatean_046-95x95.jpg\" alt=\"Ia romaneasca si braul banatean_046\" width=\"95\" height=\"95\" \/><\/a> <a href=\"http:\/\/semndecarte.metarsis.ro\/wp-content\/uploads\/2017\/06\/Ia-romaneasca-si-braul-banatean_050.jpg\" rel=\"lightbox[11008]\"><img loading=\"lazy\" class=\"alignleft size-thumbnail wp-image-11030\" src=\"http:\/\/semndecarte.metarsis.ro\/wp-content\/uploads\/2017\/06\/Ia-romaneasca-si-braul-banatean_050-95x95.jpg\" alt=\"Ia romaneasca si braul banatean_050\" width=\"95\" height=\"95\" \/><\/a> <a href=\"http:\/\/semndecarte.metarsis.ro\/wp-content\/uploads\/2017\/06\/Ia-romaneasca-si-braul-banatean_052.jpg\" rel=\"lightbox[11008]\"><img loading=\"lazy\" class=\"alignleft size-thumbnail wp-image-11031\" src=\"http:\/\/semndecarte.metarsis.ro\/wp-content\/uploads\/2017\/06\/Ia-romaneasca-si-braul-banatean_052-95x95.jpg\" alt=\"Ia romaneasca si braul banatean_052\" width=\"95\" height=\"95\" \/><\/a> <a href=\"http:\/\/semndecarte.metarsis.ro\/wp-content\/uploads\/2017\/06\/Ia-romaneasca-si-braul-banatean_053.jpg\" rel=\"lightbox[11008]\"><img loading=\"lazy\" class=\"alignleft size-thumbnail wp-image-11032\" src=\"http:\/\/semndecarte.metarsis.ro\/wp-content\/uploads\/2017\/06\/Ia-romaneasca-si-braul-banatean_053-95x95.jpg\" alt=\"Ia romaneasca si braul banatean_053\" width=\"95\" height=\"95\" \/><\/a> <a href=\"http:\/\/semndecarte.metarsis.ro\/wp-content\/uploads\/2017\/06\/Ia-romaneasca-si-braul-banatean_054.jpg\" rel=\"lightbox[11008]\"><img loading=\"lazy\" class=\"alignleft size-thumbnail wp-image-11033\" src=\"http:\/\/semndecarte.metarsis.ro\/wp-content\/uploads\/2017\/06\/Ia-romaneasca-si-braul-banatean_054-95x95.jpg\" alt=\"Ia romaneasca si braul banatean_054\" width=\"95\" height=\"95\" \/><\/a> <a href=\"http:\/\/semndecarte.metarsis.ro\/wp-content\/uploads\/2017\/06\/Ia-romaneasca-si-braul-banatean_056.jpg\" rel=\"lightbox[11008]\"><img loading=\"lazy\" class=\"alignleft size-thumbnail wp-image-11034\" src=\"http:\/\/semndecarte.metarsis.ro\/wp-content\/uploads\/2017\/06\/Ia-romaneasca-si-braul-banatean_056-95x95.jpg\" alt=\"Ia romaneasca si braul banatean_056\" width=\"95\" height=\"95\" \/><\/a> <a href=\"http:\/\/semndecarte.metarsis.ro\/wp-content\/uploads\/2017\/06\/Ia-romaneasca-si-braul-banatean_059.jpg\" rel=\"lightbox[11008]\"><img loading=\"lazy\" class=\"alignleft size-thumbnail wp-image-11035\" src=\"http:\/\/semndecarte.metarsis.ro\/wp-content\/uploads\/2017\/06\/Ia-romaneasca-si-braul-banatean_059-95x95.jpg\" alt=\"Ia romaneasca si braul banatean_059\" width=\"95\" height=\"95\" \/><\/a> <a href=\"http:\/\/semndecarte.metarsis.ro\/wp-content\/uploads\/2017\/06\/Ia-romaneasca-si-braul-banatean_061.jpg\" rel=\"lightbox[11008]\"><img loading=\"lazy\" class=\"alignleft size-thumbnail wp-image-11036\" src=\"http:\/\/semndecarte.metarsis.ro\/wp-content\/uploads\/2017\/06\/Ia-romaneasca-si-braul-banatean_061-95x95.jpg\" alt=\"Ia romaneasca si braul banatean_061\" width=\"95\" height=\"95\" \/><\/a> <a href=\"http:\/\/semndecarte.metarsis.ro\/wp-content\/uploads\/2017\/06\/Ia-romaneasca-si-braul-banatean_062.jpg\" rel=\"lightbox[11008]\"><img loading=\"lazy\" class=\"alignleft size-thumbnail wp-image-11037\" src=\"http:\/\/semndecarte.metarsis.ro\/wp-content\/uploads\/2017\/06\/Ia-romaneasca-si-braul-banatean_062-95x95.jpg\" alt=\"Ia romaneasca si braul banatean_062\" width=\"95\" height=\"95\" \/><\/a> <a href=\"http:\/\/semndecarte.metarsis.ro\/wp-content\/uploads\/2017\/06\/Ia-romaneasca-si-braul-banatean_064.jpg\" rel=\"lightbox[11008]\"><img loading=\"lazy\" class=\"alignleft size-thumbnail wp-image-11038\" src=\"http:\/\/semndecarte.metarsis.ro\/wp-content\/uploads\/2017\/06\/Ia-romaneasca-si-braul-banatean_064-95x95.jpg\" alt=\"Ia romaneasca si braul banatean_064\" width=\"95\" height=\"95\" \/><\/a> <a href=\"http:\/\/semndecarte.metarsis.ro\/wp-content\/uploads\/2017\/06\/Ia-romaneasca-si-braul-banatean_065.jpg\" rel=\"lightbox[11008]\"><img loading=\"lazy\" class=\"alignleft size-thumbnail wp-image-11039\" src=\"http:\/\/semndecarte.metarsis.ro\/wp-content\/uploads\/2017\/06\/Ia-romaneasca-si-braul-banatean_065-95x95.jpg\" alt=\"Ia romaneasca si braul banatean_065\" width=\"95\" height=\"95\" \/><\/a> <a href=\"http:\/\/semndecarte.metarsis.ro\/wp-content\/uploads\/2017\/06\/Ia-romaneasca-si-braul-banatean_067.jpg\" rel=\"lightbox[11008]\"><img loading=\"lazy\" class=\"alignleft size-thumbnail wp-image-11040\" src=\"http:\/\/semndecarte.metarsis.ro\/wp-content\/uploads\/2017\/06\/Ia-romaneasca-si-braul-banatean_067-95x95.jpg\" alt=\"Ia romaneasca si braul banatean_067\" width=\"95\" height=\"95\" \/><\/a> <a href=\"http:\/\/semndecarte.metarsis.ro\/wp-content\/uploads\/2017\/06\/Ia-romaneasca-si-braul-banatean_068.jpg\" rel=\"lightbox[11008]\"><img loading=\"lazy\" class=\"alignleft size-thumbnail wp-image-11041\" src=\"http:\/\/semndecarte.metarsis.ro\/wp-content\/uploads\/2017\/06\/Ia-romaneasca-si-braul-banatean_068-95x95.jpg\" alt=\"Ia romaneasca si braul banatean_068\" width=\"95\" height=\"95\" \/><\/a> <a href=\"http:\/\/semndecarte.metarsis.ro\/wp-content\/uploads\/2017\/06\/Ia-romaneasca-si-braul-banatean_073.jpg\" rel=\"lightbox[11008]\"><img loading=\"lazy\" class=\"alignleft size-thumbnail wp-image-11042\" src=\"http:\/\/semndecarte.metarsis.ro\/wp-content\/uploads\/2017\/06\/Ia-romaneasca-si-braul-banatean_073-95x95.jpg\" alt=\"Ia romaneasca si braul banatean_073\" width=\"95\" height=\"95\" \/><\/a> <a href=\"http:\/\/semndecarte.metarsis.ro\/wp-content\/uploads\/2017\/06\/Ia-romaneasca-si-braul-banatean_074.jpg\" rel=\"lightbox[11008]\"><img loading=\"lazy\" class=\"alignleft size-thumbnail wp-image-11043\" src=\"http:\/\/semndecarte.metarsis.ro\/wp-content\/uploads\/2017\/06\/Ia-romaneasca-si-braul-banatean_074-95x95.jpg\" alt=\"Ia romaneasca si braul banatean_074\" width=\"95\" height=\"95\" \/><\/a> <a href=\"http:\/\/semndecarte.metarsis.ro\/wp-content\/uploads\/2017\/06\/Ia-romaneasca-si-braul-banatean_078.jpg\" rel=\"lightbox[11008]\"><img loading=\"lazy\" class=\"alignleft size-thumbnail wp-image-11044\" src=\"http:\/\/semndecarte.metarsis.ro\/wp-content\/uploads\/2017\/06\/Ia-romaneasca-si-braul-banatean_078-95x95.jpg\" alt=\"Ia romaneasca si braul banatean_078\" width=\"95\" height=\"95\" \/><\/a> <a href=\"http:\/\/semndecarte.metarsis.ro\/wp-content\/uploads\/2017\/06\/Ia-romaneasca-si-braul-banatean_084.jpg\" rel=\"lightbox[11008]\"><img loading=\"lazy\" class=\"alignleft size-thumbnail wp-image-11045\" src=\"http:\/\/semndecarte.metarsis.ro\/wp-content\/uploads\/2017\/06\/Ia-romaneasca-si-braul-banatean_084-95x95.jpg\" alt=\"Ia romaneasca si braul banatean_084\" width=\"95\" height=\"95\" \/><\/a>Pornit \u00een urm\u0103 cu cinci ani, \u00een iunie 2013, la ini\u021biativa so\u021bilor Paula \u0219i Vasile Neam\u021bu, idee \u00eembr\u0103\u021bi\u0219at\u0103 cu drag, din 2014, de organizatori, \u00a0evenimentul a crescut an de an, frumos, reu\u0219ind s\u0103 ne aduc\u0103 \u00ceMPREUN\u0102. Momentele surprinse de fotografi profesioni\u0219ti \u0219i amatori vor face obiectul unei ample expozi\u021bii \u00een toamn\u0103, la Re\u0219i\u021ba.<\/p>\n<p style=\"text-align: justify;\">V\u0103 rug\u0103m s\u0103 aduce\u021bi fotografii la libr\u0103ria Semn de Carte din Re\u0219i\u021ba, str. Libert\u0103\u021bii 13, sau s\u0103 le trimite\u021bi pe adresa de mail: <a href=\"mailto:contact@metarsis.ro\">contact@metarsis.ro<\/a><\/p>\n<p style=\"text-align: justify;\"><a href=\"http:\/\/semndecarte.metarsis.ro\/wp-content\/uploads\/2017\/06\/Ia-romaneasca-si-braul-banatean_135.jpg\" rel=\"lightbox[11008]\"><img loading=\"lazy\" class=\"alignleft size-thumbnail wp-image-11046\" src=\"http:\/\/semndecarte.metarsis.ro\/wp-content\/uploads\/2017\/06\/Ia-romaneasca-si-braul-banatean_135-95x95.jpg\" alt=\"Ia romaneasca si braul banatean_135\" width=\"95\" height=\"95\" \/><\/a> <a href=\"http:\/\/semndecarte.metarsis.ro\/wp-content\/uploads\/2017\/06\/Ia-romaneasca-si-braul-banatean_086.jpg\" rel=\"lightbox[11008]\"><img loading=\"lazy\" class=\"alignleft size-thumbnail wp-image-11047\" src=\"http:\/\/semndecarte.metarsis.ro\/wp-content\/uploads\/2017\/06\/Ia-romaneasca-si-braul-banatean_086-95x95.jpg\" alt=\"Ia romaneasca si braul banatean_086\" width=\"95\" height=\"95\" \/><\/a> <a href=\"http:\/\/semndecarte.metarsis.ro\/wp-content\/uploads\/2017\/06\/Ia-romaneasca-si-braul-banatean_096.jpg\" rel=\"lightbox[11008]\"><img loading=\"lazy\" class=\"alignleft size-thumbnail wp-image-11048\" src=\"http:\/\/semndecarte.metarsis.ro\/wp-content\/uploads\/2017\/06\/Ia-romaneasca-si-braul-banatean_096-95x95.jpg\" alt=\"Ia romaneasca si braul banatean_096\" width=\"95\" height=\"95\" \/><\/a> <a href=\"http:\/\/semndecarte.metarsis.ro\/wp-content\/uploads\/2017\/06\/Ia-romaneasca-si-braul-banatean_103.jpg\" rel=\"lightbox[11008]\"><img loading=\"lazy\" class=\"alignleft size-thumbnail wp-image-11049\" src=\"http:\/\/semndecarte.metarsis.ro\/wp-content\/uploads\/2017\/06\/Ia-romaneasca-si-braul-banatean_103-95x95.jpg\" alt=\"Ia romaneasca si braul banatean_103\" width=\"95\" height=\"95\" \/><\/a> <a href=\"http:\/\/semndecarte.metarsis.ro\/wp-content\/uploads\/2017\/06\/Ia-romaneasca-si-braul-banatean_105.jpg\" rel=\"lightbox[11008]\"><img loading=\"lazy\" class=\"alignleft size-thumbnail wp-image-11050\" src=\"http:\/\/semndecarte.metarsis.ro\/wp-content\/uploads\/2017\/06\/Ia-romaneasca-si-braul-banatean_105-95x95.jpg\" alt=\"Ia romaneasca si braul banatean_105\" width=\"95\" height=\"95\" \/><\/a> <a href=\"http:\/\/semndecarte.metarsis.ro\/wp-content\/uploads\/2017\/06\/Ia-romaneasca-si-braul-banatean_106.jpg\" rel=\"lightbox[11008]\"><img loading=\"lazy\" class=\"alignleft size-thumbnail wp-image-11051\" src=\"http:\/\/semndecarte.metarsis.ro\/wp-content\/uploads\/2017\/06\/Ia-romaneasca-si-braul-banatean_106-95x95.jpg\" alt=\"Ia romaneasca si braul banatean_106\" width=\"95\" height=\"95\" \/><\/a> <a href=\"http:\/\/semndecarte.metarsis.ro\/wp-content\/uploads\/2017\/06\/Ia-romaneasca-si-braul-banatean_110.jpg\" rel=\"lightbox[11008]\"><img loading=\"lazy\" class=\"alignleft size-thumbnail wp-image-11052\" src=\"http:\/\/semndecarte.metarsis.ro\/wp-content\/uploads\/2017\/06\/Ia-romaneasca-si-braul-banatean_110-95x95.jpg\" alt=\"Ia romaneasca si braul banatean_110\" width=\"95\" height=\"95\" \/><\/a> <a href=\"http:\/\/semndecarte.metarsis.ro\/wp-content\/uploads\/2017\/06\/Ia-romaneasca-si-braul-banatean_112.jpg\" rel=\"lightbox[11008]\"><img loading=\"lazy\" class=\"alignleft size-thumbnail wp-image-11053\" src=\"http:\/\/semndecarte.metarsis.ro\/wp-content\/uploads\/2017\/06\/Ia-romaneasca-si-braul-banatean_112-95x95.jpg\" alt=\"Ia romaneasca si braul banatean_112\" width=\"95\" height=\"95\" \/><\/a> <a href=\"http:\/\/semndecarte.metarsis.ro\/wp-content\/uploads\/2017\/06\/Ia-romaneasca-si-braul-banatean_114.jpg\" rel=\"lightbox[11008]\"><img loading=\"lazy\" class=\"alignleft size-thumbnail wp-image-11054\" src=\"http:\/\/semndecarte.metarsis.ro\/wp-content\/uploads\/2017\/06\/Ia-romaneasca-si-braul-banatean_114-95x95.jpg\" alt=\"Ia romaneasca si braul banatean_114\" width=\"95\" height=\"95\" \/><\/a> <a href=\"http:\/\/semndecarte.metarsis.ro\/wp-content\/uploads\/2017\/06\/Ia-romaneasca-si-braul-banatean_115.jpg\" rel=\"lightbox[11008]\"><img loading=\"lazy\" class=\"alignleft size-thumbnail wp-image-11055\" src=\"http:\/\/semndecarte.metarsis.ro\/wp-content\/uploads\/2017\/06\/Ia-romaneasca-si-braul-banatean_115-95x95.jpg\" alt=\"Ia romaneasca si braul banatean_115\" width=\"95\" height=\"95\" \/><\/a> <a href=\"http:\/\/semndecarte.metarsis.ro\/wp-content\/uploads\/2017\/06\/Ia-romaneasca-si-braul-banatean_117.jpg\" rel=\"lightbox[11008]\"><img loading=\"lazy\" class=\"alignleft size-thumbnail wp-image-11056\" src=\"http:\/\/semndecarte.metarsis.ro\/wp-content\/uploads\/2017\/06\/Ia-romaneasca-si-braul-banatean_117-95x95.jpg\" alt=\"Ia romaneasca si braul banatean_117\" width=\"95\" height=\"95\" \/><\/a> <a href=\"http:\/\/semndecarte.metarsis.ro\/wp-content\/uploads\/2017\/06\/Ia-romaneasca-si-braul-banatean_118.jpg\" rel=\"lightbox[11008]\"><img loading=\"lazy\" class=\"alignleft size-thumbnail wp-image-11057\" src=\"http:\/\/semndecarte.metarsis.ro\/wp-content\/uploads\/2017\/06\/Ia-romaneasca-si-braul-banatean_118-95x95.jpg\" alt=\"Ia romaneasca si braul banatean_118\" width=\"95\" height=\"95\" \/><\/a> <a href=\"http:\/\/semndecarte.metarsis.ro\/wp-content\/uploads\/2017\/06\/Ia-romaneasca-si-braul-banatean_119.jpg\" rel=\"lightbox[11008]\"><img loading=\"lazy\" class=\"alignleft size-thumbnail wp-image-11058\" src=\"http:\/\/semndecarte.metarsis.ro\/wp-content\/uploads\/2017\/06\/Ia-romaneasca-si-braul-banatean_119-95x95.jpg\" alt=\"Ia romaneasca si braul banatean_119\" width=\"95\" height=\"95\" \/><\/a> <a href=\"http:\/\/semndecarte.metarsis.ro\/wp-content\/uploads\/2017\/06\/Ia-romaneasca-si-braul-banatean_120.jpg\" rel=\"lightbox[11008]\"><img loading=\"lazy\" class=\"alignleft size-thumbnail wp-image-11059\" src=\"http:\/\/semndecarte.metarsis.ro\/wp-content\/uploads\/2017\/06\/Ia-romaneasca-si-braul-banatean_120-95x95.jpg\" alt=\"Ia romaneasca si braul banatean_120\" width=\"95\" height=\"95\" \/><\/a> <a href=\"http:\/\/semndecarte.metarsis.ro\/wp-content\/uploads\/2017\/06\/Ia-romaneasca-si-braul-banatean_123.jpg\" rel=\"lightbox[11008]\"><img loading=\"lazy\" class=\"alignleft size-thumbnail wp-image-11060\" src=\"http:\/\/semndecarte.metarsis.ro\/wp-content\/uploads\/2017\/06\/Ia-romaneasca-si-braul-banatean_123-95x95.jpg\" alt=\"Ia romaneasca si braul banatean_123\" width=\"95\" height=\"95\" \/><\/a> <a href=\"http:\/\/semndecarte.metarsis.ro\/wp-content\/uploads\/2017\/06\/Ia-romaneasca-si-braul-banatean_125.jpg\" rel=\"lightbox[11008]\"><img loading=\"lazy\" class=\"alignleft size-thumbnail wp-image-11061\" src=\"http:\/\/semndecarte.metarsis.ro\/wp-content\/uploads\/2017\/06\/Ia-romaneasca-si-braul-banatean_125-95x95.jpg\" alt=\"Ia romaneasca si braul banatean_125\" width=\"95\" height=\"95\" \/><\/a> <a href=\"http:\/\/semndecarte.metarsis.ro\/wp-content\/uploads\/2017\/06\/Ia-romaneasca-si-braul-banatean_126.jpg\" rel=\"lightbox[11008]\"><img loading=\"lazy\" class=\"alignleft size-thumbnail wp-image-11062\" src=\"http:\/\/semndecarte.metarsis.ro\/wp-content\/uploads\/2017\/06\/Ia-romaneasca-si-braul-banatean_126-95x95.jpg\" alt=\"Ia romaneasca si braul banatean_126\" width=\"95\" height=\"95\" \/><\/a> <a href=\"http:\/\/semndecarte.metarsis.ro\/wp-content\/uploads\/2017\/06\/Ia-romaneasca-si-braul-banatean_129.jpg\" rel=\"lightbox[11008]\"><img loading=\"lazy\" class=\"alignleft size-thumbnail wp-image-11063\" src=\"http:\/\/semndecarte.metarsis.ro\/wp-content\/uploads\/2017\/06\/Ia-romaneasca-si-braul-banatean_129-95x95.jpg\" alt=\"Ia romaneasca si braul banatean_129\" width=\"95\" height=\"95\" \/><\/a> <a href=\"http:\/\/semndecarte.metarsis.ro\/wp-content\/uploads\/2017\/06\/Ia-romaneasca-si-braul-banatean_132.jpg\" rel=\"lightbox[11008]\"><img loading=\"lazy\" class=\"alignleft size-thumbnail wp-image-11064\" src=\"http:\/\/semndecarte.metarsis.ro\/wp-content\/uploads\/2017\/06\/Ia-romaneasca-si-braul-banatean_132-95x95.jpg\" alt=\"Ia romaneasca si braul banatean_132\" width=\"95\" height=\"95\" \/><\/a> <a href=\"http:\/\/semndecarte.metarsis.ro\/wp-content\/uploads\/2017\/06\/Ia-romaneasca-si-braul-banatean_134.jpg\" rel=\"lightbox[11008]\"><img loading=\"lazy\" class=\"alignleft size-thumbnail wp-image-11065\" src=\"http:\/\/semndecarte.metarsis.ro\/wp-content\/uploads\/2017\/06\/Ia-romaneasca-si-braul-banatean_134-95x95.jpg\" alt=\"Ia romaneasca si braul banatean_134\" width=\"95\" height=\"95\" \/><\/a>Seara s-a \u00eencheiat cu nelipsita poz\u0103 de grup \u0219i \u00eendemnul: \u00ceMBRAC\u0102 O IE!<\/p>\n<p style=\"text-align: justify;\">\u201cNatura omului se cuprinde \u00een suflet \u015fi \u00een trup\u201d afirma, \u00een secolul al XVIII-lea, c\u0103rturarul b\u0103n\u0103\u021bean Paul Iorgovici. Dac\u0103 IA\u2013 TIMP ETERNIZAT-, aceast\u0103 pies\u0103 extraordinar\u0103 din patrimoniul material al Rom\u00e2niei, \u00a0\u00eembrac\u0103 trupul, CONTRATIMPUL\u00a0 BR\u00c2ULUI B\u0102N\u0102\u021aEAN, joc din patrimoniul imaterial al Banatului Montan, pe care Eftimie Murgu \u00eel definea plastic: \u201csar \u00een \u015fir to\u0163i deodat\u0103, astfel \u00eenc\u00e2t al treilea pas s\u0103 \u0163in\u0103 ritmul\u201d, cuprinde sufletul \u0219i men\u021bine \u00een con\u0219tiin\u021ba colectiv\u0103 FALA b\u0103n\u0103\u0163ean\u0103, acea m\u00e2ndrie local\u0103 articulat\u0103 \u00een melodiile c\u00e2ntate pe \u201ctimp\u201d \u015fi jucate pe \u201ccontratimp\u201d \u00eentr-o rela\u0163ie des\u0103v\u00e2r\u015fit\u0103 dintre muzican\u0163i \u015fi dansatori.<\/p>\n<p style=\"text-align: justify;\">Organizatorii au oferit DIPLOME DE EXCELEN\u021a\u0102 semnate de maestrul SABIN PAUTZA, pre\u015fedinte al Societatii pentru Cultur\u0103 METARSIS, tuturor celor implica\u021bi \u00een buna desf\u0103\u0219urare a evenimentului.<\/p>\n<p style=\"text-align: justify;\">V\u0102 MUL\u021aUMIM. (Camelia DUCA)<\/p>\n<p style=\"text-align: justify;\"><a href=\"http:\/\/semndecarte.metarsis.ro\/wp-content\/uploads\/2017\/06\/Ia-romaneasca-si-braul-banatean_224.jpg\" rel=\"lightbox[11008]\"><img loading=\"lazy\" class=\"alignleft size-thumbnail wp-image-11066\" src=\"http:\/\/semndecarte.metarsis.ro\/wp-content\/uploads\/2017\/06\/Ia-romaneasca-si-braul-banatean_224-95x95.jpg\" alt=\"Ia romaneasca si braul banatean_224\" width=\"95\" height=\"95\" \/><\/a> <a href=\"http:\/\/semndecarte.metarsis.ro\/wp-content\/uploads\/2017\/06\/Ia-romaneasca-si-braul-banatean_140.jpg\" rel=\"lightbox[11008]\"><img loading=\"lazy\" class=\"alignleft size-thumbnail wp-image-11067\" src=\"http:\/\/semndecarte.metarsis.ro\/wp-content\/uploads\/2017\/06\/Ia-romaneasca-si-braul-banatean_140-95x95.jpg\" alt=\"Ia romaneasca si braul banatean_140\" width=\"95\" height=\"95\" \/><\/a> <a href=\"http:\/\/semndecarte.metarsis.ro\/wp-content\/uploads\/2017\/06\/Ia-romaneasca-si-braul-banatean_141.jpg\" rel=\"lightbox[11008]\"><img loading=\"lazy\" class=\"alignleft size-thumbnail wp-image-11068\" src=\"http:\/\/semndecarte.metarsis.ro\/wp-content\/uploads\/2017\/06\/Ia-romaneasca-si-braul-banatean_141-95x95.jpg\" alt=\"Ia romaneasca si braul banatean_141\" width=\"95\" height=\"95\" \/><\/a> <a href=\"http:\/\/semndecarte.metarsis.ro\/wp-content\/uploads\/2017\/06\/Ia-romaneasca-si-braul-banatean_142.jpg\" rel=\"lightbox[11008]\"><img loading=\"lazy\" class=\"alignleft size-thumbnail wp-image-11069\" src=\"http:\/\/semndecarte.metarsis.ro\/wp-content\/uploads\/2017\/06\/Ia-romaneasca-si-braul-banatean_142-95x95.jpg\" alt=\"Ia romaneasca si braul banatean_142\" width=\"95\" height=\"95\" \/><\/a> <a href=\"http:\/\/semndecarte.metarsis.ro\/wp-content\/uploads\/2017\/06\/Ia-romaneasca-si-braul-banatean_143.jpg\" rel=\"lightbox[11008]\"><img loading=\"lazy\" class=\"alignleft size-thumbnail wp-image-11070\" src=\"http:\/\/semndecarte.metarsis.ro\/wp-content\/uploads\/2017\/06\/Ia-romaneasca-si-braul-banatean_143-95x95.jpg\" alt=\"Ia romaneasca si braul banatean_143\" width=\"95\" height=\"95\" \/><\/a> <a href=\"http:\/\/semndecarte.metarsis.ro\/wp-content\/uploads\/2017\/06\/Ia-romaneasca-si-braul-banatean_144.jpg\" rel=\"lightbox[11008]\"><img loading=\"lazy\" class=\"alignleft size-thumbnail wp-image-11071\" src=\"http:\/\/semndecarte.metarsis.ro\/wp-content\/uploads\/2017\/06\/Ia-romaneasca-si-braul-banatean_144-95x95.jpg\" alt=\"Ia romaneasca si braul banatean_144\" width=\"95\" height=\"95\" \/><\/a> <a href=\"http:\/\/semndecarte.metarsis.ro\/wp-content\/uploads\/2017\/06\/Ia-romaneasca-si-braul-banatean_145.jpg\" rel=\"lightbox[11008]\"><img loading=\"lazy\" class=\"alignleft size-thumbnail wp-image-11072\" src=\"http:\/\/semndecarte.metarsis.ro\/wp-content\/uploads\/2017\/06\/Ia-romaneasca-si-braul-banatean_145-95x95.jpg\" alt=\"Ia romaneasca si braul banatean_145\" width=\"95\" height=\"95\" \/><\/a> <a href=\"http:\/\/semndecarte.metarsis.ro\/wp-content\/uploads\/2017\/06\/Ia-romaneasca-si-braul-banatean_146.jpg\" rel=\"lightbox[11008]\"><img loading=\"lazy\" class=\"alignleft size-thumbnail wp-image-11073\" src=\"http:\/\/semndecarte.metarsis.ro\/wp-content\/uploads\/2017\/06\/Ia-romaneasca-si-braul-banatean_146-95x95.jpg\" alt=\"Ia romaneasca si braul banatean_146\" width=\"95\" height=\"95\" \/><\/a> <a href=\"http:\/\/semndecarte.metarsis.ro\/wp-content\/uploads\/2017\/06\/Ia-romaneasca-si-braul-banatean_147.jpg\" rel=\"lightbox[11008]\"><img loading=\"lazy\" class=\"alignleft size-thumbnail wp-image-11074\" src=\"http:\/\/semndecarte.metarsis.ro\/wp-content\/uploads\/2017\/06\/Ia-romaneasca-si-braul-banatean_147-95x95.jpg\" alt=\"Ia romaneasca si braul banatean_147\" width=\"95\" height=\"95\" \/><\/a> <a href=\"http:\/\/semndecarte.metarsis.ro\/wp-content\/uploads\/2017\/06\/Ia-romaneasca-si-braul-banatean_148.jpg\" rel=\"lightbox[11008]\"><img loading=\"lazy\" class=\"alignleft size-thumbnail wp-image-11075\" src=\"http:\/\/semndecarte.metarsis.ro\/wp-content\/uploads\/2017\/06\/Ia-romaneasca-si-braul-banatean_148-95x95.jpg\" alt=\"Ia romaneasca si braul banatean_148\" width=\"95\" height=\"95\" \/><\/a> <a href=\"http:\/\/semndecarte.metarsis.ro\/wp-content\/uploads\/2017\/06\/Ia-romaneasca-si-braul-banatean_149.jpg\" rel=\"lightbox[11008]\"><img loading=\"lazy\" class=\"alignleft size-thumbnail wp-image-11076\" src=\"http:\/\/semndecarte.metarsis.ro\/wp-content\/uploads\/2017\/06\/Ia-romaneasca-si-braul-banatean_149-95x95.jpg\" alt=\"Ia romaneasca si braul banatean_149\" width=\"95\" height=\"95\" \/><\/a> <a href=\"http:\/\/semndecarte.metarsis.ro\/wp-content\/uploads\/2017\/06\/Ia-romaneasca-si-braul-banatean_150.jpg\" rel=\"lightbox[11008]\"><img loading=\"lazy\" class=\"alignleft size-thumbnail wp-image-11077\" src=\"http:\/\/semndecarte.metarsis.ro\/wp-content\/uploads\/2017\/06\/Ia-romaneasca-si-braul-banatean_150-95x95.jpg\" alt=\"Ia romaneasca si braul banatean_150\" width=\"95\" height=\"95\" \/><\/a> <a href=\"http:\/\/semndecarte.metarsis.ro\/wp-content\/uploads\/2017\/06\/Ia-romaneasca-si-braul-banatean_153.jpg\" rel=\"lightbox[11008]\"><img loading=\"lazy\" class=\"alignleft size-thumbnail wp-image-11078\" src=\"http:\/\/semndecarte.metarsis.ro\/wp-content\/uploads\/2017\/06\/Ia-romaneasca-si-braul-banatean_153-95x95.jpg\" alt=\"Ia romaneasca si braul banatean_153\" width=\"95\" height=\"95\" \/><\/a> <a href=\"http:\/\/semndecarte.metarsis.ro\/wp-content\/uploads\/2017\/06\/Ia-romaneasca-si-braul-banatean_154.jpg\" rel=\"lightbox[11008]\"><img loading=\"lazy\" class=\"alignleft size-thumbnail wp-image-11079\" src=\"http:\/\/semndecarte.metarsis.ro\/wp-content\/uploads\/2017\/06\/Ia-romaneasca-si-braul-banatean_154-95x95.jpg\" alt=\"Ia romaneasca si braul banatean_154\" width=\"95\" height=\"95\" \/><\/a> <a href=\"http:\/\/semndecarte.metarsis.ro\/wp-content\/uploads\/2017\/06\/Ia-romaneasca-si-braul-banatean_157.jpg\" rel=\"lightbox[11008]\"><img loading=\"lazy\" class=\"alignleft size-thumbnail wp-image-11080\" src=\"http:\/\/semndecarte.metarsis.ro\/wp-content\/uploads\/2017\/06\/Ia-romaneasca-si-braul-banatean_157-95x95.jpg\" alt=\"Ia romaneasca si braul banatean_157\" width=\"95\" height=\"95\" \/><\/a> <a href=\"http:\/\/semndecarte.metarsis.ro\/wp-content\/uploads\/2017\/06\/Ia-romaneasca-si-braul-banatean_158.jpg\" rel=\"lightbox[11008]\"><img loading=\"lazy\" class=\"alignleft size-thumbnail wp-image-11081\" src=\"http:\/\/semndecarte.metarsis.ro\/wp-content\/uploads\/2017\/06\/Ia-romaneasca-si-braul-banatean_158-95x95.jpg\" alt=\"Ia romaneasca si braul banatean_158\" width=\"95\" height=\"95\" \/><\/a> <a href=\"http:\/\/semndecarte.metarsis.ro\/wp-content\/uploads\/2017\/06\/Ia-romaneasca-si-braul-banatean_159.jpg\" rel=\"lightbox[11008]\"><img loading=\"lazy\" class=\"alignleft size-thumbnail wp-image-11082\" src=\"http:\/\/semndecarte.metarsis.ro\/wp-content\/uploads\/2017\/06\/Ia-romaneasca-si-braul-banatean_159-95x95.jpg\" alt=\"Ia romaneasca si braul banatean_159\" width=\"95\" height=\"95\" \/><\/a> <a href=\"http:\/\/semndecarte.metarsis.ro\/wp-content\/uploads\/2017\/06\/Ia-romaneasca-si-braul-banatean_165.jpg\" rel=\"lightbox[11008]\"><img loading=\"lazy\" class=\"alignleft size-thumbnail wp-image-11083\" src=\"http:\/\/semndecarte.metarsis.ro\/wp-content\/uploads\/2017\/06\/Ia-romaneasca-si-braul-banatean_165-95x95.jpg\" alt=\"Ia romaneasca si braul banatean_165\" width=\"95\" height=\"95\" \/><\/a> <a href=\"http:\/\/semndecarte.metarsis.ro\/wp-content\/uploads\/2017\/06\/Ia-romaneasca-si-braul-banatean_205.jpg\" rel=\"lightbox[11008]\"><img loading=\"lazy\" class=\"alignleft size-thumbnail wp-image-11084\" src=\"http:\/\/semndecarte.metarsis.ro\/wp-content\/uploads\/2017\/06\/Ia-romaneasca-si-braul-banatean_205-95x95.jpg\" alt=\"Ia romaneasca si braul banatean_205\" width=\"95\" height=\"95\" \/><\/a> <a href=\"http:\/\/semndecarte.metarsis.ro\/wp-content\/uploads\/2017\/06\/Ia-romaneasca-si-braul-banatean_208.jpg\" rel=\"lightbox[11008]\"><img loading=\"lazy\" class=\"alignleft size-thumbnail wp-image-11085\" src=\"http:\/\/semndecarte.metarsis.ro\/wp-content\/uploads\/2017\/06\/Ia-romaneasca-si-braul-banatean_208-95x95.jpg\" alt=\"Ia romaneasca si braul banatean_208\" width=\"95\" height=\"95\" \/><\/a>Organizator: METARSIS- activit\u0103\u021bi \u0219i servicii de cultur\u0103 urban\u0103 \u0219i art\u0103 contemporan\u0103<\/p>\n<p style=\"text-align: justify;\">Parteneri: Consiliul Jude\u0163ean Cara\u0219-Severin \u015fi Prim\u0103ria Re\u015fi\u0163a<\/p>\n<p style=\"text-align: justify;\">Parteneri culturali: Universitatea EFTIMIE MURGU Re\u0219i\u021ba, Ansamblul B\u00c2RZAVA, PIPERIU.EU, INCRED.<\/p>\n<p style=\"text-align: justify;\">Parteneri media: PRESA C\u0102R\u0102\u0218AN\u0102<\/p>\n<p style=\"text-align: justify;\">Mul\u021bumirile noastre Inspectoratului de Poli\u0163ie Cara\u015f-Severin, Jandarmeriei \u0219i Poli\u0163iei Locale.<\/p>\n","protected":false},"excerpt":{"rendered":"<p>Dou\u0103 repere definitorii pentru fiin\u021ba noastr\u0103 na\u021bional\u0103 au fost puse \u00een eviden\u021b\u0103 miercuri, 14 iunie 2017, \u00een Centrul Civic al municipiului Re\u0219i\u021ba, printr-un eveniment puternic mediatizat de presa c\u0103r\u0103\u0219an\u0103: IA rom\u00e2neasc\u0103- element din patrimoniul material al Rom\u00e2niei, definitoriu \u00een TIMP \u0219i BR\u00c2UL b\u0103n\u0103\u021bean- joc pe CONTRATIMP- din patrimoniul imaterial al Banatului de Munte.<\/p>\n","protected":false},"author":1,"featured_media":0,"comment_status":"open","ping_status":"open","sticky":false,"template":"","format":"standard","meta":[],"categories":[7],"tags":[496,675],"_links":{"self":[{"href":"https:\/\/semndecarte.metarsis.ro\/index.php?rest_route=\/wp\/v2\/posts\/11008"}],"collection":[{"href":"https:\/\/semndecarte.metarsis.ro\/index.php?rest_route=\/wp\/v2\/posts"}],"about":[{"href":"https:\/\/semndecarte.metarsis.ro\/index.php?rest_route=\/wp\/v2\/types\/post"}],"author":[{"embeddable":true,"href":"https:\/\/semndecarte.metarsis.ro\/index.php?rest_route=\/wp\/v2\/users\/1"}],"replies":[{"embeddable":true,"href":"https:\/\/semndecarte.metarsis.ro\/index.php?rest_route=%2Fwp%2Fv2%2Fcomments&post=11008"}],"version-history":[{"count":0,"href":"https:\/\/semndecarte.metarsis.ro\/index.php?rest_route=\/wp\/v2\/posts\/11008\/revisions"}],"wp:attachment":[{"href":"https:\/\/semndecarte.metarsis.ro\/index.php?rest_route=%2Fwp%2Fv2%2Fmedia&parent=11008"}],"wp:term":[{"taxonomy":"category","embeddable":true,"href":"https:\/\/semndecarte.metarsis.ro\/index.php?rest_route=%2Fwp%2Fv2%2Fcategories&post=11008"},{"taxonomy":"post_tag","embeddable":true,"href":"https:\/\/semndecarte.metarsis.ro\/index.php?rest_route=%2Fwp%2Fv2%2Ftags&post=11008"}],"curies":[{"name":"wp","href":"https:\/\/api.w.org\/{rel}","templated":true}]}}