{"id":11004,"date":"2017-06-07T16:22:51","date_gmt":"2017-06-07T14:22:51","guid":{"rendered":"http:\/\/semndecarte.metarsis.ro\/?p=11004"},"modified":"2017-06-07T16:22:51","modified_gmt":"2017-06-07T14:22:51","slug":"timp-si-contratimp-in-identitatea-banatului-de-munte-4","status":"publish","type":"post","link":"https:\/\/semndecarte.metarsis.ro\/?p=11004","title":{"rendered":"TIMP \u0219i CONTRATIMP \u00een identitatea Banatului de Munte"},"content":{"rendered":"<p style=\"text-align: justify;\"><strong><a href=\"http:\/\/semndecarte.metarsis.ro\/wp-content\/uploads\/2017\/06\/Banner-web-.jpg\" rel=\"lightbox[11004]\"><img loading=\"lazy\" class=\"alignleft size-full wp-image-11005\" src=\"http:\/\/semndecarte.metarsis.ro\/wp-content\/uploads\/2017\/06\/Banner-web-.jpg\" alt=\"Banner web +\" width=\"520\" height=\"207\" srcset=\"https:\/\/semndecarte.metarsis.ro\/wp-content\/uploads\/2017\/06\/Banner-web-.jpg 520w, https:\/\/semndecarte.metarsis.ro\/wp-content\/uploads\/2017\/06\/Banner-web--160x64.jpg 160w, https:\/\/semndecarte.metarsis.ro\/wp-content\/uploads\/2017\/06\/Banner-web--163x65.jpg 163w\" sizes=\"(max-width: 520px) 100vw, 520px\" \/><\/a>Presa c\u0103r\u0103\u015fan\u0103 promoveaz\u0103 ia \u0219i br\u00e2ul bana\u0163ean, edi\u021bia a V-a<\/strong><\/p>\n<p style=\"text-align: justify;\">Miercuri, 14 iunie 2017, orele 18:00, \u00een Centrul Civic al municipiului Re\u015fi\u0163a, IA ROM\u00c2NEASC\u0102 \u015fi BR\u00c2UL B\u0102N\u0102\u0162EAN- repere definitorii ale identit\u0103\u0163iia noastre na\u0163ionale \u2013 vor fi puse \u00een valoare printr-un eveniment cultural puternic mediatizat de presa c\u0103r\u0103\u015fan\u0103, ajuns la cea de-a V-a edi\u021bie.<\/p>\n<p style=\"text-align: justify;\"><a href=\"http:\/\/semndecarte.metarsis.ro\/wp-content\/uploads\/2017\/06\/AFIS-ie-2017web.jpg\" rel=\"lightbox[11004]\"><img loading=\"lazy\" class=\"alignleft size-large wp-image-11006\" src=\"http:\/\/semndecarte.metarsis.ro\/wp-content\/uploads\/2017\/06\/AFIS-ie-2017web-115x163.jpg\" alt=\"AFIS ie 2017web\" width=\"115\" height=\"163\" srcset=\"https:\/\/semndecarte.metarsis.ro\/wp-content\/uploads\/2017\/06\/AFIS-ie-2017web-115x163.jpg 115w, https:\/\/semndecarte.metarsis.ro\/wp-content\/uploads\/2017\/06\/AFIS-ie-2017web-113x160.jpg 113w, https:\/\/semndecarte.metarsis.ro\/wp-content\/uploads\/2017\/06\/AFIS-ie-2017web.jpg 566w\" sizes=\"(max-width: 115px) 100vw, 115px\" \/><\/a>Pornit \u00een anul 2013 din ini\u0163iativa a doi jurnali\u015fti re\u015fi\u0163eni, so\u0163ii Paula \u015fi Vasile Neam\u0163u sub genericul PRESA C\u0102R\u0102\u0218AN\u0102 PROMOVEAZ\u0102 IA evenimentul a fost unul de impact, \u00eentreaga pres\u0103 c\u0103r\u0103\u015fan\u0103 mediatiz\u00e2nd unul dintre reperele rom\u00e2ne\u015fti definitoriu peste TIMP. Din anul 2014 Societatea pentru Cultur\u0103 Metarsis \u2013activit\u0103\u021bi \u0219i servicii de cultur\u0103 urban\u0103 \u0219i art\u0103 contemporan\u0103\u00a0 a \u00eembr\u0103\u021bi\u0219at ideea \u0219i, la solicitarea celor doi so\u0163i s-a al\u0103turat logistic \u00een organizarea manifest\u0103rilor. Tot de atunci iilor \u0219i c\u0103m\u0103\u0219ilor rom\u00e2ne\u0219ti li s-a ad\u0103ugat CONTRATIMPUL br\u00e2ului b\u0103n\u0103\u0163ean, joc din patrimoniul imaterial al Banatului de Munte pe care Eftimie Murgu \u00eel definea plastic: \u201csar \u00een \u015fir to\u0163i deodat\u0103, astfel \u00eenc\u00e2t al treilea pas s\u0103 \u0163in\u0103 ritmul\u201d.<!--more--><\/p>\n<p style=\"text-align: justify;\">IA \u0219i BR\u00c2UL B\u0102N\u0102\u021aEAN, transpuse ca TIMP \u0219i CONTRATIMP \u00een identitatea Banatului de Munte ne vor aduna, \u00eempreun\u0103, miercuri, 14 iunie 2017, orele 17:30, \u00een curtea Universit\u0103\u021bii\u00a0<em>EFTIMIE MURGU<\/em>\u00a0din Re\u0219i\u021ba. Ne vom prinde cocarde tricolore \u00een piept m\u0103rturisind dragostea pentru aceast\u0103 \u021bar\u0103 at\u00e2t de frumoas\u0103, leag\u0103n de DOIN\u0102 \u0219i plai de poveste. Vom porni, la orele 18:00, spre CENTRUL CIVIC RE\u0218I\u021aA\u00a0 unde ne vom prinde, \u201ccu fal\u0103\u201d, \u00eentr-un br\u00e2u b\u0103n\u0103\u0163ean, \u00een semn de respect fa\u0163\u0103 de valorile na\u0163ionale, \u00eentru cinstirea mo\u0219ilor \u0219i a \u00a0str\u0103mo\u015filor no\u015ftri.<\/p>\n<p style=\"text-align: justify;\">Pentru c\u0103 toate DORURILE nostre sunt eternizate \u00een IA rom\u00e2neasc\u0103 \u015fi toata FALA B\u0102N\u0102\u021aEAN\u0102 este articulat\u0103 \u00een melodiile c\u00e2ntate pe \u201ctimp\u201d \u015fi jucate pe \u201ccontratimp\u201d \u00eentr-o rela\u0163ie des\u0103v\u00e2r\u015fit\u0103 \u00eentre muzican\u0163i \u015fi dansatori.<\/p>\n<p style=\"text-align: justify;\">Veni\u0163i \u00eembr\u0103ca\u0163i \u00een ii sau c\u0103m\u0103\u0219i populare s\u0103 m\u0103rturisim demnitatea rom\u00e2neasc\u0103 \u015fi s\u0103 ar\u0103t\u0103m lumii \u00eentregi c\u0103 suntem B\u0102N\u0102\u021aENI, c\u0103 suntem ROM\u00c2NI.<\/p>\n<p style=\"text-align: justify;\">\u201cNatura omului se cuprinde \u00een suflet \u015fi \u00een trup.\u201d Paul Iorgovici<\/p>\n<p style=\"text-align: justify;\">Organizator: METARSIS- activit\u0103\u021bi \u0219i servicii de cultur\u0103 urban\u0103 \u0219i art\u0103 contemporan\u0103<\/p>\n<p style=\"text-align: justify;\">Parteneri: Consiliul Jude\u0163ean Cara\u0219-Severin \u015fi Prim\u0103ria Re\u015fi\u0163a<\/p>\n<p style=\"text-align: justify;\">Parteneri culturali: Universitatea Eftimie Murgu Re\u0219i\u021ba, Ansamblul B\u00c2RZAVA<\/p>\n<p style=\"text-align: justify;\">Parteneri media: PRESA C\u0102R\u0102\u0218AN\u0102<\/p>\n","protected":false},"excerpt":{"rendered":"<p>Presa c\u0103r\u0103\u015fan\u0103 promoveaz\u0103 ia \u0219i br\u00e2ul bana\u0163ean, edi\u021bia a V-a Miercuri, 14 iunie 2017, orele 18:00, \u00een Centrul Civic al municipiului Re\u015fi\u0163a, IA ROM\u00c2NEASC\u0102 \u015fi BR\u00c2UL B\u0102N\u0102\u0162EAN- repere definitorii ale identit\u0103\u0163iia noastre na\u0163ionale \u2013 vor fi puse \u00een valoare printr-un eveniment cultural puternic mediatizat de presa c\u0103r\u0103\u015fan\u0103, ajuns la cea de-a V-a edi\u021bie. Pornit \u00een [&hellip;]<\/p>\n","protected":false},"author":1,"featured_media":0,"comment_status":"open","ping_status":"open","sticky":false,"template":"","format":"standard","meta":[],"categories":[3],"tags":[402],"_links":{"self":[{"href":"https:\/\/semndecarte.metarsis.ro\/index.php?rest_route=\/wp\/v2\/posts\/11004"}],"collection":[{"href":"https:\/\/semndecarte.metarsis.ro\/index.php?rest_route=\/wp\/v2\/posts"}],"about":[{"href":"https:\/\/semndecarte.metarsis.ro\/index.php?rest_route=\/wp\/v2\/types\/post"}],"author":[{"embeddable":true,"href":"https:\/\/semndecarte.metarsis.ro\/index.php?rest_route=\/wp\/v2\/users\/1"}],"replies":[{"embeddable":true,"href":"https:\/\/semndecarte.metarsis.ro\/index.php?rest_route=%2Fwp%2Fv2%2Fcomments&post=11004"}],"version-history":[{"count":0,"href":"https:\/\/semndecarte.metarsis.ro\/index.php?rest_route=\/wp\/v2\/posts\/11004\/revisions"}],"wp:attachment":[{"href":"https:\/\/semndecarte.metarsis.ro\/index.php?rest_route=%2Fwp%2Fv2%2Fmedia&parent=11004"}],"wp:term":[{"taxonomy":"category","embeddable":true,"href":"https:\/\/semndecarte.metarsis.ro\/index.php?rest_route=%2Fwp%2Fv2%2Fcategories&post=11004"},{"taxonomy":"post_tag","embeddable":true,"href":"https:\/\/semndecarte.metarsis.ro\/index.php?rest_route=%2Fwp%2Fv2%2Ftags&post=11004"}],"curies":[{"name":"wp","href":"https:\/\/api.w.org\/{rel}","templated":true}]}}