{"id":10826,"date":"2017-04-25T17:24:28","date_gmt":"2017-04-25T15:24:28","guid":{"rendered":"http:\/\/semndecarte.metarsis.ro\/?p=10826"},"modified":"2017-04-25T17:24:28","modified_gmt":"2017-04-25T15:24:28","slug":"marin-vinatoru","status":"publish","type":"post","link":"https:\/\/semndecarte.metarsis.ro\/?p=10826","title":{"rendered":"Marin V\u00ceN\u0102TORU"},"content":{"rendered":"<p><strong>Vremuind prin vreme<\/strong><\/p>\n<p style=\"text-align: justify;\"><a href=\"http:\/\/semndecarte.metarsis.ro\/wp-content\/uploads\/2017\/04\/cop2.jpg\" rel=\"lightbox[10826]\"><img loading=\"lazy\" class=\"alignleft size-full wp-image-10827\" src=\"http:\/\/semndecarte.metarsis.ro\/wp-content\/uploads\/2017\/04\/cop2.jpg\" alt=\"cop\" width=\"520\" height=\"200\" srcset=\"https:\/\/semndecarte.metarsis.ro\/wp-content\/uploads\/2017\/04\/cop2.jpg 520w, https:\/\/semndecarte.metarsis.ro\/wp-content\/uploads\/2017\/04\/cop2-160x62.jpg 160w, https:\/\/semndecarte.metarsis.ro\/wp-content\/uploads\/2017\/04\/cop2-163x63.jpg 163w\" sizes=\"(max-width: 520px) 100vw, 520px\" \/><\/a>Miercuri, 26 aprilie 2017, de la orele 17:30, libr\u0103ria Semn de Carte din Re\u0219i\u021ba, str. Libert\u0103\u021bii 13, g\u0103zduie\u0219te lansarea volumului de versuri\u00a0<em>Vremuind prin vreme\u00a0<\/em>semnat Marin V\u00ceN\u0102TORU. Absolvent de filozofie al Universit\u0103\u021bii Babe\u0219-Bolyay din Cluj, cu un doctorat \u00een aceea\u0219i disciplin\u0103, profesor asociat al Universit\u0103\u021bilor\u00a0<em>Eftimie Murgu<\/em>\u00a0din Re\u0219i\u021ba (2008-2011) \u0219i\u00a0<em>Vasile Goldi\u0219<\/em> din Arad, filiala Re\u0219i\u021ba, Marin V\u00ceN\u0102TORU vine \u00een fa\u021ba iubitorilor de poezie cu al \u0219aptelea volum de versuri, cu un capitol distinct de g\u00e2nduri \u00eenchinate unor poe\u021bi recunoscu\u021bi sub generic\u00a0<em>Arderi \u00een t\u0103cere<\/em>.<\/p>\n<p style=\"text-align: justify;\">Prezentarea volumui va fi facut\u0103 de prof. Ana KREMM.<\/p>\n<p style=\"text-align: justify;\">\n","protected":false},"excerpt":{"rendered":"<p>Miercuri, 26 aprilie 2017, de la orele 17:30, libr\u0103ria Semn de Carte din Re\u0219i\u021ba, str. Libert\u0103\u021bii 13, g\u0103zduie\u0219te lansarea volumului de versuri Vremuind prin vreme semnat Marin V\u00ceN\u0102TORU. <\/p>\n","protected":false},"author":1,"featured_media":0,"comment_status":"open","ping_status":"open","sticky":false,"template":"","format":"standard","meta":[],"categories":[1],"tags":[],"_links":{"self":[{"href":"https:\/\/semndecarte.metarsis.ro\/index.php?rest_route=\/wp\/v2\/posts\/10826"}],"collection":[{"href":"https:\/\/semndecarte.metarsis.ro\/index.php?rest_route=\/wp\/v2\/posts"}],"about":[{"href":"https:\/\/semndecarte.metarsis.ro\/index.php?rest_route=\/wp\/v2\/types\/post"}],"author":[{"embeddable":true,"href":"https:\/\/semndecarte.metarsis.ro\/index.php?rest_route=\/wp\/v2\/users\/1"}],"replies":[{"embeddable":true,"href":"https:\/\/semndecarte.metarsis.ro\/index.php?rest_route=%2Fwp%2Fv2%2Fcomments&post=10826"}],"version-history":[{"count":0,"href":"https:\/\/semndecarte.metarsis.ro\/index.php?rest_route=\/wp\/v2\/posts\/10826\/revisions"}],"wp:attachment":[{"href":"https:\/\/semndecarte.metarsis.ro\/index.php?rest_route=%2Fwp%2Fv2%2Fmedia&parent=10826"}],"wp:term":[{"taxonomy":"category","embeddable":true,"href":"https:\/\/semndecarte.metarsis.ro\/index.php?rest_route=%2Fwp%2Fv2%2Fcategories&post=10826"},{"taxonomy":"post_tag","embeddable":true,"href":"https:\/\/semndecarte.metarsis.ro\/index.php?rest_route=%2Fwp%2Fv2%2Ftags&post=10826"}],"curies":[{"name":"wp","href":"https:\/\/api.w.org\/{rel}","templated":true}]}}