{"id":10801,"date":"2017-04-09T20:39:58","date_gmt":"2017-04-09T18:39:58","guid":{"rendered":"http:\/\/semndecarte.metarsis.ro\/?p=10801"},"modified":"2017-04-10T13:27:19","modified_gmt":"2017-04-10T11:27:19","slug":"10801","status":"publish","type":"post","link":"https:\/\/semndecarte.metarsis.ro\/?p=10801","title":{"rendered":"Zilele Literaturii Germane la Re\u015fi\u0163a,  XXVII"},"content":{"rendered":"<p style=\"text-align: justify;\"><a href=\"http:\/\/semndecarte.metarsis.ro\/wp-content\/uploads\/2017\/04\/cop.jpg\" rel=\"lightbox[10801]\"><img loading=\"lazy\" class=\"alignleft size-full wp-image-10802\" src=\"http:\/\/semndecarte.metarsis.ro\/wp-content\/uploads\/2017\/04\/cop.jpg\" alt=\"cop\" width=\"520\" height=\"293\" srcset=\"https:\/\/semndecarte.metarsis.ro\/wp-content\/uploads\/2017\/04\/cop.jpg 520w, https:\/\/semndecarte.metarsis.ro\/wp-content\/uploads\/2017\/04\/cop-160x90.jpg 160w, https:\/\/semndecarte.metarsis.ro\/wp-content\/uploads\/2017\/04\/cop-163x92.jpg 163w\" sizes=\"(max-width: 520px) 100vw, 520px\" \/><\/a>Anton BREITENHOFER\u00a0(1912- 1989)<\/p>\n<p style=\"text-align: justify;\">Luni, 10 aprilie\u00a02017, ora 17:00, libr\u0103ria Semn de Carte, str. Libert\u0103\u0163ii 13, va g\u0103zdui ultimul eveniment cuprins \u00een cadrul Zilelor Literaturii Germane la Re\u015fi\u0163a, ed. XXVII. Va fi comemorat, la 105 ani de la na\u015ftere, scriitorul \u015fi jurnalistul re\u015fitean de origine german\u0103 \u00a0Anton BREITENHOFER, cel care a fost, timp de 20 de ani, redactorul \u015fef al cotidianului de limb\u0103 german\u0103 \u201eNeuer Weg\u201d, autor a 14 romane, majoritatea dintre ale av\u00e2nd subiecte legate de Re\u015fi\u0163a.<!--more--><\/p>\n<p style=\"text-align: justify;\">Invita\u0163i speciali: Erwin Josef TIGLA, pre\u015fedinte Forumului Democratic al Germanilor din Banatul Montan, Edith GUIP-COBILANSCHI, scriitor.<\/p>\n<p style=\"text-align: justify;\">Moment muzical sus\u0163inut de: Georgiana COJOCARIU \u015fi Florentina SAMOIL\u0102,\u00a0 oboi, clasa prof. Zenaida V\u00c2RD\u0102U, Daiana DUMITRU \u015fi Alexandru MOLDOVAN, pian, clasa prof. Elena SCHEFER, Liceul de Arte Sabin P\u0102U\u0162A, Re\u015fi\u0163a.<\/p>\n<p style=\"text-align: justify;\">Eveniment organizat de Asocia\u0163ia German\u0103 de Cultur\u0103 \u015fi Educa\u0163ie a Adul\u0163ilor Re\u015fi\u0163a cu sprijinul Societ\u0103\u0163ii pentru Cultur\u0103 METARSIS prin libr\u0103ria Semn de Carte.<\/p>\n","protected":false},"excerpt":{"rendered":"<p>Luni, 10 decembrie 2017, ora 17:00, libr\u0103ria Semn de Carte, str. Libert\u0103\u0163ii 13, va g\u0103zdui ultimul eveniment cuprins \u00een cadrul Zilelor Literaturii Germane la Re\u015fi\u0163a, ed. XXVII. Va fi comemorat, la 105 ani de la na\u015ftere, scriitorul \u015fi jurnalistul re\u015fitean de origine german\u0103  Anton BREITENHOFER<\/p>\n","protected":false},"author":1,"featured_media":0,"comment_status":"open","ping_status":"open","sticky":false,"template":"","format":"standard","meta":[],"categories":[3],"tags":[669,668,670,629,423,421,424],"_links":{"self":[{"href":"https:\/\/semndecarte.metarsis.ro\/index.php?rest_route=\/wp\/v2\/posts\/10801"}],"collection":[{"href":"https:\/\/semndecarte.metarsis.ro\/index.php?rest_route=\/wp\/v2\/posts"}],"about":[{"href":"https:\/\/semndecarte.metarsis.ro\/index.php?rest_route=\/wp\/v2\/types\/post"}],"author":[{"embeddable":true,"href":"https:\/\/semndecarte.metarsis.ro\/index.php?rest_route=\/wp\/v2\/users\/1"}],"replies":[{"embeddable":true,"href":"https:\/\/semndecarte.metarsis.ro\/index.php?rest_route=%2Fwp%2Fv2%2Fcomments&post=10801"}],"version-history":[{"count":0,"href":"https:\/\/semndecarte.metarsis.ro\/index.php?rest_route=\/wp\/v2\/posts\/10801\/revisions"}],"wp:attachment":[{"href":"https:\/\/semndecarte.metarsis.ro\/index.php?rest_route=%2Fwp%2Fv2%2Fmedia&parent=10801"}],"wp:term":[{"taxonomy":"category","embeddable":true,"href":"https:\/\/semndecarte.metarsis.ro\/index.php?rest_route=%2Fwp%2Fv2%2Fcategories&post=10801"},{"taxonomy":"post_tag","embeddable":true,"href":"https:\/\/semndecarte.metarsis.ro\/index.php?rest_route=%2Fwp%2Fv2%2Ftags&post=10801"}],"curies":[{"name":"wp","href":"https:\/\/api.w.org\/{rel}","templated":true}]}}