{"id":10774,"date":"2017-03-31T17:51:30","date_gmt":"2017-03-31T15:51:30","guid":{"rendered":"http:\/\/semndecarte.metarsis.ro\/?p=10774"},"modified":"2017-03-31T18:40:39","modified_gmt":"2017-03-31T16:40:39","slug":"scoala-altfel-6","status":"publish","type":"post","link":"https:\/\/semndecarte.metarsis.ro\/?p=10774","title":{"rendered":"\u0218coala altfel"},"content":{"rendered":"<p><strong>Palatul fermecat<\/strong><\/p>\n<p style=\"text-align: justify;\"><a href=\"http:\/\/semndecarte.metarsis.ro\/wp-content\/uploads\/2017\/03\/cop3.jpg\" rel=\"lightbox[10774]\"><img loading=\"lazy\" class=\"alignleft size-full wp-image-10797\" src=\"http:\/\/semndecarte.metarsis.ro\/wp-content\/uploads\/2017\/03\/cop3.jpg\" alt=\"cop\" width=\"520\" height=\"200\" srcset=\"https:\/\/semndecarte.metarsis.ro\/wp-content\/uploads\/2017\/03\/cop3.jpg 520w, https:\/\/semndecarte.metarsis.ro\/wp-content\/uploads\/2017\/03\/cop3-160x62.jpg 160w, https:\/\/semndecarte.metarsis.ro\/wp-content\/uploads\/2017\/03\/cop3-163x63.jpg 163w\" sizes=\"(max-width: 520px) 100vw, 520px\" \/><\/a>Mar\u0163i, 28.03.2017, \u00een cadrul proiectului na\u0163ional &#8222;S\u0103 \u015ftii mai multe, s\u0103 fii mai bun&#8221;, pre\u015fcolarii grupelor mari &#8222;Mickey \u015fi Minnie&#8221; \u015fi &#8222;Boboceii veseli&#8221; de la Gr\u0103dini\u0163a cu P.P. &#8222;Palatul Fermecat&#8221;,\u00a0Re\u015fi\u0163a\u00a0au participat la activitatea intitulat\u0103 &#8222;C\u0103l\u0103torie \u00een lumea c\u0103r\u0163ilor&#8221;. Cu aceast\u0103 ocazie pre\u015fcolarii \u00eenso\u0163i\u0163i de p\u0103rin\u0163i \u015fi de cadrele didactice care coordoneaz\u0103 aceste grupe &#8211; d-nele prof. Pan\u0103 Diana-Maria, prof. Beck Alina Iozefina \u015fi C\u0103praru Loredana &#8211; au efectuat o vizit\u0103 la Libr\u0103ria &#8222;Semn de carte&#8221;.<\/p>\n<p style=\"text-align: justify;\"><!--more--> <a href=\"http:\/\/semndecarte.metarsis.ro\/wp-content\/uploads\/2017\/03\/08.jpg\" rel=\"lightbox[10774]\"><img loading=\"lazy\" class=\"alignleft size-thumbnail wp-image-10775\" src=\"http:\/\/semndecarte.metarsis.ro\/wp-content\/uploads\/2017\/03\/08-95x95.jpg\" alt=\"08\" width=\"95\" height=\"95\" \/><\/a> <a href=\"http:\/\/semndecarte.metarsis.ro\/wp-content\/uploads\/2017\/03\/021.jpg\" rel=\"lightbox[10774]\"><img loading=\"lazy\" class=\"alignleft size-thumbnail wp-image-10776\" src=\"http:\/\/semndecarte.metarsis.ro\/wp-content\/uploads\/2017\/03\/021-95x95.jpg\" alt=\"02\" width=\"95\" height=\"95\" \/><\/a> <a href=\"http:\/\/semndecarte.metarsis.ro\/wp-content\/uploads\/2017\/03\/04.jpg\" rel=\"lightbox[10774]\"><img loading=\"lazy\" class=\"alignleft size-thumbnail wp-image-10777\" src=\"http:\/\/semndecarte.metarsis.ro\/wp-content\/uploads\/2017\/03\/04-95x95.jpg\" alt=\"04\" width=\"95\" height=\"95\" \/><\/a> <a href=\"http:\/\/semndecarte.metarsis.ro\/wp-content\/uploads\/2017\/03\/05.jpg\" rel=\"lightbox[10774]\"><img loading=\"lazy\" class=\"alignleft size-thumbnail wp-image-10778\" src=\"http:\/\/semndecarte.metarsis.ro\/wp-content\/uploads\/2017\/03\/05-95x95.jpg\" alt=\"05\" width=\"95\" height=\"95\" \/><\/a> <a href=\"http:\/\/semndecarte.metarsis.ro\/wp-content\/uploads\/2017\/03\/07.jpg\" rel=\"lightbox[10774]\"><img loading=\"lazy\" class=\"alignleft size-thumbnail wp-image-10779\" src=\"http:\/\/semndecarte.metarsis.ro\/wp-content\/uploads\/2017\/03\/07-95x95.jpg\" alt=\"07\" width=\"95\" height=\"95\" \/><\/a>Sub atenta \u00eendrumare a d-nei Camelia Duca, copiii prezen\u0163i au avut posibilitatea s\u0103 r\u0103sfoiasc\u0103 minunatele c\u0103r\u0163i din libr\u0103rie, au p\u0103truns \u00een lumea tainic\u0103 a pove\u015ftilor copil\u0103riei \u015fi au descoperit importan\u0163a \u015fi frumuse\u0163ea c\u0103r\u0163ilor.\u00a0\u00cen finalul activit\u0103\u0163ii pre\u015fcolarii au prezentat un scurt program artistic cu tematic\u0103 de prim\u0103var\u0103. (Tamara Potoceanu)<\/p>\n<p style=\"text-align: justify;\">\n","protected":false},"excerpt":{"rendered":"<p>Mar\u0163i, 28.03.2017, \u00een cadrul proiectului na\u0163ional &#8222;S\u0103 \u015ftii mai multe, s\u0103 fii mai bun&#8221;, pre\u015fcolarii grupelor mari &#8222;Mickey \u015fi Minnie&#8221; \u015fi &#8222;Boboceii veseli&#8221; de la Gr\u0103dini\u0163a cu P.P. &#8222;Palatul Fermecat&#8221;, Re\u015fi\u0163a au participat la activitatea intitulat\u0103 &#8222;C\u0103l\u0103torie \u00een lumea c\u0103r\u0163ilor&#8221;. <\/p>\n","protected":false},"author":1,"featured_media":0,"comment_status":"open","ping_status":"open","sticky":false,"template":"","format":"standard","meta":[],"categories":[7],"tags":[361],"_links":{"self":[{"href":"https:\/\/semndecarte.metarsis.ro\/index.php?rest_route=\/wp\/v2\/posts\/10774"}],"collection":[{"href":"https:\/\/semndecarte.metarsis.ro\/index.php?rest_route=\/wp\/v2\/posts"}],"about":[{"href":"https:\/\/semndecarte.metarsis.ro\/index.php?rest_route=\/wp\/v2\/types\/post"}],"author":[{"embeddable":true,"href":"https:\/\/semndecarte.metarsis.ro\/index.php?rest_route=\/wp\/v2\/users\/1"}],"replies":[{"embeddable":true,"href":"https:\/\/semndecarte.metarsis.ro\/index.php?rest_route=%2Fwp%2Fv2%2Fcomments&post=10774"}],"version-history":[{"count":0,"href":"https:\/\/semndecarte.metarsis.ro\/index.php?rest_route=\/wp\/v2\/posts\/10774\/revisions"}],"wp:attachment":[{"href":"https:\/\/semndecarte.metarsis.ro\/index.php?rest_route=%2Fwp%2Fv2%2Fmedia&parent=10774"}],"wp:term":[{"taxonomy":"category","embeddable":true,"href":"https:\/\/semndecarte.metarsis.ro\/index.php?rest_route=%2Fwp%2Fv2%2Fcategories&post=10774"},{"taxonomy":"post_tag","embeddable":true,"href":"https:\/\/semndecarte.metarsis.ro\/index.php?rest_route=%2Fwp%2Fv2%2Ftags&post=10774"}],"curies":[{"name":"wp","href":"https:\/\/api.w.org\/{rel}","templated":true}]}}