{"id":10756,"date":"2017-03-30T22:21:26","date_gmt":"2017-03-30T20:21:26","guid":{"rendered":"http:\/\/semndecarte.metarsis.ro\/?p=10756"},"modified":"2017-03-31T18:44:52","modified_gmt":"2017-03-31T16:44:52","slug":"acasa-adina-ghinaci","status":"publish","type":"post","link":"https:\/\/semndecarte.metarsis.ro\/?p=10756","title":{"rendered":"ACAS\u0102. Adina GHINACI"},"content":{"rendered":"<p><strong><a href=\"http:\/\/semndecarte.metarsis.ro\/wp-content\/uploads\/2017\/03\/cop2.jpg\" rel=\"lightbox[10756]\"><img loading=\"lazy\" class=\"alignleft size-full wp-image-10757\" src=\"http:\/\/semndecarte.metarsis.ro\/wp-content\/uploads\/2017\/03\/cop2.jpg\" alt=\"cop\" width=\"520\" height=\"220\" srcset=\"https:\/\/semndecarte.metarsis.ro\/wp-content\/uploads\/2017\/03\/cop2.jpg 520w, https:\/\/semndecarte.metarsis.ro\/wp-content\/uploads\/2017\/03\/cop2-160x68.jpg 160w, https:\/\/semndecarte.metarsis.ro\/wp-content\/uploads\/2017\/03\/cop2-163x69.jpg 163w\" sizes=\"(max-width: 520px) 100vw, 520px\" \/><\/a>Expo acuarela, microrecital Alexandru SZABO-pian<\/strong><\/p>\n<p style=\"text-align: justify;\">Dup\u0103-amiaza zilei de 27 martie 2017 a prilejuit, la libr\u0103ria Semn de Carte din Re\u0219i\u021ba, \u00eent\u00e2lnirea iubitorilor de frumos cu acuarele Adinei GHINACI. La nici un an de la prima ei personala- FLORI, 14 aprilie 2016, tot pe simezele Semnului de Carte- prof. Adina GHINACI \u00eemparte cu noi, ACAS\u0102, bucuria culorilor a\u0219ternute pe carton cu inten\u021bia vadit\u0103 de a ne demonstra-dac\u0103 mai era cazul- c\u00e2t de frumoas\u0103 este Re\u0219i\u021ba, c\u00e2t de f\u0103los \u00eei Banatul Montan.<!--more-->Vorbind \u00een deschidere, arh. Ioana Mih\u0103iescu reiter\u00e2nd no\u021biunea de ACAS\u0102, a subliniat, printre altele: \u201d&#8230; Acas\u0103\u00a0 este cumulul de locuri \u00een care noi ne scriem povestea vie\u021bii. ACAS\u0102 nu sunt cei patru pere\u021bi ai copil\u0103riei, nu este doar curtea \u00een care ne-am zbenguit cu ceilal\u021bi copii, ACAS\u0102 este TOT. \u0218coala \u00een care am \u00eenv\u0103\u021bat, str\u0103zile pe care am alergat, institu\u021biile \u00een care am intrat, parcurile \u00een care ne-am bucurat de tinere\u021bea noastr\u0103, unde ne-am \u00eendr\u0103gostit, ACAS\u0102 este \u021bara noastr\u0103, este aceast\u0103 lume&#8230; Mi-a pl\u0103cut alegerea Adinei, acest cuv\u00e2nt ACAS\u0102 care, mie mi se pare c\u0103 in limba rom\u00e2n\u0103 sun\u0103 cel mai frumos. HOME mie nu-mi spune nimic&#8230;pe c\u00e2nd ACAS\u0102 are ni\u0219te vocale rotunde, frumoase, are un S care imprim\u0103 vivacitate cuv\u00e2ntului, ACAS\u0102 este altceva&#8230; M-am uitat la tablourile Adinei \u0219i vreau s\u0103 v\u0103 spun c\u0103, pentru Adina,\u00a0 \u00een aceast\u0103 cas\u0103 a c\u0103r\u021bilor \u0219i a prieteniei, ACAS\u0102 este ast\u0103zi\u00a0 cursul B\u00e2rzavei\u00a0 din Re\u0219i\u021ba care se \u00eendreapt\u0103 spre o \u021bint\u0103 greu descifrabil\u0103- este undeva, \u00een infinit- jalonat de o parte \u0219i de alta de repere care sunt ca ni\u0219te g\u0103ri- peisajul nostru urban. ACAS\u0102 sunt furnalele Re\u0219i\u021bei \u00eendreptate spre cer, \u00een vremea aceea, \u00een spatele unui fundal de construc\u021bii urbane o parte anoste, \u00een paralelipipede destul de rigide&#8230;O salcie care \u00ee\u0219i scutur\u0103 pletele \u00een fa\u021ba unui peisaj urban ne vorbe\u0219te despre trecerea timpului a\u0219a cum \u0219i B\u00e2rzava din primele acuarele ne vorbe\u0219te despre aceea\u0219i trecere a timpului. ACAS\u0102 sunt turlele Bisericii Sf.Vasile cel Mare din Lunca Re\u0219i\u021bei, paz\u0103z\u0103, str\u0103jer \u0219i ea \u00een fa\u021ba frontului blocurilor \u00een care se \u00eenghesuie at\u00e2\u021bia oameni, sunetul clopotului vorbindu-ne de aceea\u0219i trecere a timpului el sun\u00e2nd la evenimente care au marcat societatea noastr\u0103&#8230; ACAS\u0102 sunt, pentru Adina \u0219i pentru noi \u00een aceast\u0103 dup\u0103-amiaz\u0103, peisajele minunate ale acestui jude\u021b: de la cursul Rud\u0103riei care iese, parc\u0103, dintr-un tunel al timpului&#8230;imaginile de pe Muntele Semenic unde dealurile \u0219i\u00a0 formele de relief molcome, desp\u0103durite, cu arbu\u0219ti cu frunza mic\u0103 ce ne amintesc de zbaterea v\u00e2ntului \u0219i ea\u00a0 tot o\u00a0 trece a timpului.\u00a0 ACAS\u0102 sunt peisajele pe care Adina le-a marcat \u00een celelalte tablouri pict\u00e2nd cu deosebit\u0103 acuitate \u0219i sensibilitate zborul norilor deasupra lor, umbrele norilor \u00een trecerea lor fulgurant\u0103 vorbesc tot despre trecerea <a href=\"http:\/\/semndecarte.metarsis.ro\/wp-content\/uploads\/2017\/03\/Expo-Adina-G_011.jpg\" rel=\"lightbox[10756]\"><img loading=\"lazy\" class=\"alignleft size-thumbnail wp-image-10758\" src=\"http:\/\/semndecarte.metarsis.ro\/wp-content\/uploads\/2017\/03\/Expo-Adina-G_011-95x95.jpg\" alt=\"Expo Adina G_011\" width=\"95\" height=\"95\" \/><\/a> <a href=\"http:\/\/semndecarte.metarsis.ro\/wp-content\/uploads\/2017\/03\/Expo-Adina-G_005.jpg\" rel=\"lightbox[10756]\"><img loading=\"lazy\" class=\"alignleft size-thumbnail wp-image-10759\" src=\"http:\/\/semndecarte.metarsis.ro\/wp-content\/uploads\/2017\/03\/Expo-Adina-G_005-95x95.jpg\" alt=\"Expo Adina G_005\" width=\"95\" height=\"95\" \/><\/a> <a href=\"http:\/\/semndecarte.metarsis.ro\/wp-content\/uploads\/2017\/03\/Expo-Adina-G_004.jpg\" rel=\"lightbox[10756]\"><img loading=\"lazy\" class=\"alignleft size-thumbnail wp-image-10760\" src=\"http:\/\/semndecarte.metarsis.ro\/wp-content\/uploads\/2017\/03\/Expo-Adina-G_004-95x95.jpg\" alt=\"Expo Adina G_004\" width=\"95\" height=\"95\" \/><\/a> <a href=\"http:\/\/semndecarte.metarsis.ro\/wp-content\/uploads\/2017\/03\/Expo-Adina-G_003.jpg\" rel=\"lightbox[10756]\"><img loading=\"lazy\" class=\"alignleft size-thumbnail wp-image-10761\" src=\"http:\/\/semndecarte.metarsis.ro\/wp-content\/uploads\/2017\/03\/Expo-Adina-G_003-95x95.jpg\" alt=\"Expo Adina G_003\" width=\"95\" height=\"95\" \/><\/a> <a href=\"http:\/\/semndecarte.metarsis.ro\/wp-content\/uploads\/2017\/03\/Expo-Adina-G_001.jpg\" rel=\"lightbox[10756]\"><img loading=\"lazy\" class=\"alignleft size-thumbnail wp-image-10762\" src=\"http:\/\/semndecarte.metarsis.ro\/wp-content\/uploads\/2017\/03\/Expo-Adina-G_001-95x95.jpg\" alt=\"Expo Adina G_001\" width=\"95\" height=\"95\" \/><\/a>timpului.ACAS\u0102 este aceast\u0103 G\u0103r\u00e2n\u0103 minunat\u0103- un tablou foarte reu\u0219it- \u00een care recuno\u0219ti specificul zonei cu mult\u0103 u\u0219urin\u021b\u0103. Fronturile de case continue, cu zidurile albe, inaculate, t\u00e2mpl\u0103riile nealterate de nicio interven\u021bie contemporan\u0103, \u00een culori verzi, albastre, acoperi\u0219urile ro\u0219ii, staticitatea acestei zone \u0219i singur\u0103tatea ei\u00a0; undeva \u00een spate, Adina introduce o pat\u0103 alb\u0103- albul fiind o non culoare- \u0219i creaz\u0103 \u00een aceast\u0103 lucrare dou\u0103 puncte de interes. De regul\u0103, lucr\u0103rile au un punct de interes amplasat \u00een zona central\u0103. \u00cen aceast\u0103 lucrare cele dou\u0103 puncte de interes sunt acest front stradal cu aceast\u0103 rigol\u0103 \u0219i pode\u021bul, al doilea fiind albul din spate. Privind acest tablou observa\u021bi c\u0103 ochii fug spre albul din spate \u0219i privirea se \u00eentoarce- din dorin\u021ba de a fi protejat\u0103- \u00een planul din fa\u021b\u0103. \u0218i \u00een aceast\u0103 lucrare, albul puternic este un \u00eenceput dar poate s\u0103 fie \u0219i un sf\u00e2r\u0219it aminte\u0219te tot de trecerea timpului. ACAS\u0102 \u00eenseamn\u0103 \u0219i gr\u0103dina- obligatoriu de pruni \u00een Cara\u0219-Severin- din fa\u021ba locuin\u021belor printre care se \u00eentrevede \u201dca un vis de tinetere\u021be\u201d rezultatul muncii m\u00e2inii umane- locuin\u021bele&#8230;. ACAS\u0102 mai \u00eenseamn\u0103 \u0219i acest pr\u00e2nz luat de dou\u0103 persoane v\u00e2rsnice\u00a0 pe o banc\u0103 \u0219i o mas\u0103 de lemn unde, sigur, trebuie s\u0103 fie o p\u00e2ine care\u00a0 arome\u0219te a gr\u00e2u, dou\u0103 persoane cu p\u0103rul alb care stau \u00een aceast\u0103 natur\u0103 bogat\u0103 de culoare diafan\u0103, ca un vis, sub umbra unui copac ce a murit. Un copac care nu mai are frunze. \u00cen acest tablou timpul se opre\u0219te&#8230;Prin aceast\u0103 expzi\u021bie Adina GHINACI \u00ee\u0219i extinde subiectul de crea\u021bie tr\u0103d\u00e2nd acelea\u0219i caracteristici \u0219i acelea\u0219i coordonate\u00a0: este sensibil\u0103, este diafan\u0103, a \u00eenv\u0103\u021bat ce este acuarela, lucreaz\u0103 cu tente transparente pentru c\u0103 aceasta este specificul acestei tehnici, \u0219tie c\u0103 nu are voie s\u0103 revin\u0103 peste h\u00e2rtie ca s\u0103 nu \u00eemb\u00e2cseasc\u0103 desenul \u0219i c\u0103 tot ce se ob\u021bine prin aceast\u0103 manier\u0103 este un g\u00e2nd \u00eencremenit \u00een timp. Aceasta este acuarela\u00a0: o stare, un g\u00e2nd, o emo\u021bie pe care trebuie s\u0103 o prinzi \u0219i s\u0103 o pui pe h\u00e2rtie acum, neaccept\u00e2nsd s\u0103-\u021bi schimbi punctul de vedere, s\u0103 revii, s\u0103-\u021bi schimbi ob\u021biunile, iese ca un suvoi din tine \u0219i te dezv\u0103lui celorlal\u021bi. Sunt acuarele reu\u0219ite, echilibrate, cu linii de compozi\u021bie bine studiate&#8230; sunt acuarele frumoase&#8230;\u201d a concluzionat arh. Ioana MIH\u0102IESCU, in deschiderea expozi\u021biei de acuarele semnate Adina GHINACI. Au mai transmis g\u00e2nduri frumoase col. Relu Bu\u0219e, prof. Adriana Popescu, prof. Carmen Schultzi., Adina GHINACI mul\u021bumindu-le tuturor dar, mai ales p\u0103rin\u021bilor \u0219i so\u021bului, familiei care o sus\u021bine, \u00eendemn\u00e2nd la dechidere spre exterior, la o privire atent\u0103 spre ora\u0219ul frumos \u0219i spre minunatul Cara\u0219.<\/p>\n<p style=\"text-align: justify;\"><strong><a href=\"http:\/\/semndecarte.metarsis.ro\/wp-content\/uploads\/2017\/03\/Expo-Adina-G_002.jpg\" rel=\"lightbox[10756]\"><img loading=\"lazy\" class=\"alignleft size-thumbnail wp-image-10763\" src=\"http:\/\/semndecarte.metarsis.ro\/wp-content\/uploads\/2017\/03\/Expo-Adina-G_002-95x95.jpg\" alt=\"Expo Adina G_002\" width=\"95\" height=\"95\" \/><\/a> <a href=\"http:\/\/semndecarte.metarsis.ro\/wp-content\/uploads\/2017\/03\/Expo-Adina-G_006.jpg\" rel=\"lightbox[10756]\"><img loading=\"lazy\" class=\"alignleft size-thumbnail wp-image-10764\" src=\"http:\/\/semndecarte.metarsis.ro\/wp-content\/uploads\/2017\/03\/Expo-Adina-G_006-95x95.jpg\" alt=\"Expo Adina G_006\" width=\"95\" height=\"95\" \/><\/a> <a href=\"http:\/\/semndecarte.metarsis.ro\/wp-content\/uploads\/2017\/03\/Expo-Adina-G_007.jpg\" rel=\"lightbox[10756]\"><img loading=\"lazy\" class=\"alignleft size-thumbnail wp-image-10765\" src=\"http:\/\/semndecarte.metarsis.ro\/wp-content\/uploads\/2017\/03\/Expo-Adina-G_007-95x95.jpg\" alt=\"Expo Adina G_007\" width=\"95\" height=\"95\" \/><\/a> <a href=\"http:\/\/semndecarte.metarsis.ro\/wp-content\/uploads\/2017\/03\/Expo-Adina-G_008.jpg\" rel=\"lightbox[10756]\"><img loading=\"lazy\" class=\"alignleft size-thumbnail wp-image-10766\" src=\"http:\/\/semndecarte.metarsis.ro\/wp-content\/uploads\/2017\/03\/Expo-Adina-G_008-95x95.jpg\" alt=\"Expo Adina G_008\" width=\"95\" height=\"95\" \/><\/a> <a href=\"http:\/\/semndecarte.metarsis.ro\/wp-content\/uploads\/2017\/03\/Expo-Adina-G_009.jpg\" rel=\"lightbox[10756]\"><img loading=\"lazy\" class=\"alignleft size-thumbnail wp-image-10767\" src=\"http:\/\/semndecarte.metarsis.ro\/wp-content\/uploads\/2017\/03\/Expo-Adina-G_009-95x95.jpg\" alt=\"Expo Adina G_009\" width=\"95\" height=\"95\" \/><\/a> <a href=\"http:\/\/semndecarte.metarsis.ro\/wp-content\/uploads\/2017\/03\/Expo-Adina-G_010.jpg\" rel=\"lightbox[10756]\"><img loading=\"lazy\" class=\"alignleft size-thumbnail wp-image-10768\" src=\"http:\/\/semndecarte.metarsis.ro\/wp-content\/uploads\/2017\/03\/Expo-Adina-G_010-95x95.jpg\" alt=\"Expo Adina G_010\" width=\"95\" height=\"95\" \/><\/a> <a href=\"http:\/\/semndecarte.metarsis.ro\/wp-content\/uploads\/2017\/03\/Expo-Adina-G_012.jpg\" rel=\"lightbox[10756]\"><img loading=\"lazy\" class=\"alignleft size-thumbnail wp-image-10769\" src=\"http:\/\/semndecarte.metarsis.ro\/wp-content\/uploads\/2017\/03\/Expo-Adina-G_012-95x95.jpg\" alt=\"Expo Adina G_012\" width=\"95\" height=\"95\" \/><\/a> <a href=\"http:\/\/semndecarte.metarsis.ro\/wp-content\/uploads\/2017\/03\/Expo-Adina-G_013.jpg\" rel=\"lightbox[10756]\"><img loading=\"lazy\" class=\"alignleft size-thumbnail wp-image-10770\" src=\"http:\/\/semndecarte.metarsis.ro\/wp-content\/uploads\/2017\/03\/Expo-Adina-G_013-95x95.jpg\" alt=\"Expo Adina G_013\" width=\"95\" height=\"95\" \/><\/a> <a href=\"http:\/\/semndecarte.metarsis.ro\/wp-content\/uploads\/2017\/03\/Expo-Adina-G_014.jpg\" rel=\"lightbox[10756]\"><img loading=\"lazy\" class=\"alignleft size-thumbnail wp-image-10771\" src=\"http:\/\/semndecarte.metarsis.ro\/wp-content\/uploads\/2017\/03\/Expo-Adina-G_014-95x95.jpg\" alt=\"Expo Adina G_014\" width=\"95\" height=\"95\" \/><\/a> <a href=\"http:\/\/semndecarte.metarsis.ro\/wp-content\/uploads\/2017\/03\/Expo-Adina-G_015.jpg\" rel=\"lightbox[10756]\"><img loading=\"lazy\" class=\"alignleft size-thumbnail wp-image-10772\" src=\"http:\/\/semndecarte.metarsis.ro\/wp-content\/uploads\/2017\/03\/Expo-Adina-G_015-95x95.jpg\" alt=\"Expo Adina G_015\" width=\"95\" height=\"95\" \/><\/a><\/strong>Surpriza organizatorilor pentru Adina GHINACI, cea care s-a dedicat picturii la pensie, dup\u0103 ce ani intregi a ini\u021biat \u00een limba lui Shakespeare gtenera\u021bii \u00eentregi, \u00a0at\u00e2t c\u00e2t a predat la catedra de limb\u0103 \u0219i literatur\u0103 englez\u0103 a Liceului Diaconovici-Tietz din Re\u0219i\u021ba, a fost microrecitalul t\u00e2n\u0103rului pianist Alexandru SZABO. Absolvent al Liceului de Arte Sabin P\u0103u\u021ba din Re\u0219i\u021ba, licen\u021biat al Conservatorului Gheorghe Dima din Cluj la clasa altui re\u0219i\u021bean, prof. univ. Dr. Daniel GOI\u021aI, actualmente masterand an II la clasa prof. Akos Henadi la Universitarea de Muzic\u0103 din Trossingen- Germania. Alex SZABO a interpretat , cu daruire \u0219i sensibilitate, Studiul dup\u0103 Paganini nr. 2 \u00een Mi b Major de Franz Liszt, fiind apaludat \u00eendelung.<\/p>\n<p>O dup\u0103-amiaz\u0103 superb\u0103 la Semn de Carte, \u00eentre prieteni.<\/p>\n<p>Eveniment organizat de METARSIS- activit\u0103\u021bi \u0219i servicii de cultur\u0103 urban\u0103 \u0219i art\u0103 contemporan\u0103 prin libr\u0103ria Semn de Carte.<\/p>\n<p>&nbsp;<\/p>\n<p>Tag\u00a0: acuarela resita adina ghinaci\u00a0 metarsis semn de carte ioana mihaiescu alex szabo<\/p>\n","protected":false},"excerpt":{"rendered":"<p>Dup\u0103-amiaza zilei de 27 martie 2017 a prilejuit, la libr\u0103ria Semn de Carte din Re\u0219i\u021ba, \u00eent\u00e2lnirea iubitorilor de frumos cu acuarele Adinei GHINACI.<\/p>\n","protected":false},"author":1,"featured_media":0,"comment_status":"open","ping_status":"open","sticky":false,"template":"","format":"standard","meta":[],"categories":[7],"tags":[664,665,667,666,423,421,424],"_links":{"self":[{"href":"https:\/\/semndecarte.metarsis.ro\/index.php?rest_route=\/wp\/v2\/posts\/10756"}],"collection":[{"href":"https:\/\/semndecarte.metarsis.ro\/index.php?rest_route=\/wp\/v2\/posts"}],"about":[{"href":"https:\/\/semndecarte.metarsis.ro\/index.php?rest_route=\/wp\/v2\/types\/post"}],"author":[{"embeddable":true,"href":"https:\/\/semndecarte.metarsis.ro\/index.php?rest_route=\/wp\/v2\/users\/1"}],"replies":[{"embeddable":true,"href":"https:\/\/semndecarte.metarsis.ro\/index.php?rest_route=%2Fwp%2Fv2%2Fcomments&post=10756"}],"version-history":[{"count":0,"href":"https:\/\/semndecarte.metarsis.ro\/index.php?rest_route=\/wp\/v2\/posts\/10756\/revisions"}],"wp:attachment":[{"href":"https:\/\/semndecarte.metarsis.ro\/index.php?rest_route=%2Fwp%2Fv2%2Fmedia&parent=10756"}],"wp:term":[{"taxonomy":"category","embeddable":true,"href":"https:\/\/semndecarte.metarsis.ro\/index.php?rest_route=%2Fwp%2Fv2%2Fcategories&post=10756"},{"taxonomy":"post_tag","embeddable":true,"href":"https:\/\/semndecarte.metarsis.ro\/index.php?rest_route=%2Fwp%2Fv2%2Ftags&post=10756"}],"curies":[{"name":"wp","href":"https:\/\/api.w.org\/{rel}","templated":true}]}}