{"id":10733,"date":"2017-03-15T13:13:01","date_gmt":"2017-03-15T11:13:01","guid":{"rendered":"http:\/\/semndecarte.metarsis.ro\/?p=10733"},"modified":"2017-03-15T17:25:08","modified_gmt":"2017-03-15T15:25:08","slug":"bun-venit-in-dolomiti","status":"publish","type":"post","link":"https:\/\/semndecarte.metarsis.ro\/?p=10733","title":{"rendered":"Bun Venit in Dolomi\u021bi!"},"content":{"rendered":"<div id=\"m_-6606477718742363147m_2172904647268428796yui_3_16_0_ym19_1_1489514758455_3382\" dir=\"ltr\" style=\"text-align: justify;\"><a href=\"http:\/\/semndecarte.metarsis.ro\/wp-content\/uploads\/2017\/03\/cop.jpg\" rel=\"lightbox[10733]\"><img loading=\"lazy\" class=\"alignleft size-full wp-image-10734\" src=\"http:\/\/semndecarte.metarsis.ro\/wp-content\/uploads\/2017\/03\/cop.jpg\" alt=\"cop\" width=\"520\" height=\"210\" srcset=\"https:\/\/semndecarte.metarsis.ro\/wp-content\/uploads\/2017\/03\/cop.jpg 520w, https:\/\/semndecarte.metarsis.ro\/wp-content\/uploads\/2017\/03\/cop-160x65.jpg 160w, https:\/\/semndecarte.metarsis.ro\/wp-content\/uploads\/2017\/03\/cop-163x66.jpg 163w\" sizes=\"(max-width: 520px) 100vw, 520px\" \/><\/a>&#8222;Despre Dolomi\u0163i, alpinistul italian Reinhold Messner (primul om care a urcat to\u0163i optmiarii lumii), spunea c\u0103\u00a0sunt cei mai frumo\u015fi mun\u0163i ai planetei.<\/div>\n<div id=\"m_-6606477718742363147m_2172904647268428796yui_3_16_0_ym19_1_1489514758455_3574\" dir=\"ltr\" style=\"text-align: justify;\">Turnurile lor de calcar alc\u0103tuiesc un lan\u0163 muntos format din 17 masive, ale c\u0103ror nume apar \u00eentotdeauna scrise \u00een 2 limbi, german\u0103\u00a0\u015fi italian\u0103, ce culmineaz\u0103 cu Vf Marmolada &#8211; 3342m \u015fi se \u00eentinde \u00een tot Tirolul de Sud, din nordul Italiei, la grani\u0163a cu Austria.<\/div>\n<p><!--more--><\/p>\n<div id=\"m_-6606477718742363147m_2172904647268428796yui_3_16_0_ym19_1_1489514758455_3663\" dir=\"ltr\" style=\"text-align: justify;\">Dolomita, un mineral bogat \u00een carbona\u0163i de Ca \u015fi Mg, d\u0103 numele acestor mun\u0163i de culoare ro\u015fiatic\u0103, ce-\u015fi schimb\u0103\u00a0nuan\u0163a, dup\u0103&#8230; soare.\u00a0Turismul este principala surs\u0103 de venit a locuitorilor din ace\u015fti mun\u0163i transforma\u0163i \u00eentr-un adev\u0103rat Parc de Distrac\u0163ii pentru adul\u0163ii care se hot\u0103r\u0103sc s\u0103\u00a0\u00eenve\u0163e s\u0103 tr\u0103iasc\u0103 liber, s\u0103 evadeze din cotidian \u015fi s\u0103-\u015fi construiasc\u0103 o via\u0163\u0103 paralel\u0103, o &#8222;second life&#8221;, cu provoc\u0103ri la alegere, unele mai aduc\u0103toare de bucurie \u015fi de \u00eenc\u00e2ntare ca altele &#8230;<\/div>\n<div id=\"m_-6606477718742363147m_2172904647268428796yui_3_16_0_ym19_1_1489514758455_3823\" dir=\"ltr\" style=\"text-align: justify;\">Deci, pe acest teren de joac\u0103 pentru adul\u0163i (\u00een special, dar nu numai, de\u015fi poate fi periculos pentru copii), s-a inventat conceptul de Via Ferrata de c\u0103tre trupele austriece \u015fi cele italiene, \u00een Primul R\u0103zboi Mondial, de c\u00e2nd au ramas neexploatate nenum\u0103rate poteci \u015fi tuneluri s\u0103pate \u00een st\u00e2nc\u0103, pres\u0103rate cu urme de s\u00e2rm\u0103 ghimpat\u0103, p\u00e2n\u0103 s-a hot\u0103r\u00e2t cineva s\u0103 le schimbe destina\u0163ia pe timp de pace&#8230; \u00een trasee de Via Ferrata.<\/div>\n<div id=\"m_-6606477718742363147m_2172904647268428796yui_3_16_0_ym19_1_1489514758455_4310\" dir=\"ltr\" style=\"text-align: justify;\">Un traseu de Via Ferrata \u00eenseamn\u0103 un traseu amenajat cu trepte, sc\u0103ri\u0163e, pode\u0163e asigurate\u00a0\u00een totalitate cu cabluri de o\u0163el fixe, ce str\u0103bat pere\u0163ii expu\u015fi \u015fi dificili pentru o c\u0103\u0163\u0103rare pe munte clasic\u0103. E nevoie de un ham, un kit de asigurare (ce include \u015fi 2 carabiniere), cu un dispozitiv special pentru absorb\u0163ia \u015focului \u00een ham, \u00een cazul unei c\u0103deri \u015fi o casc\u0103, ca echipament obligatoriu pentru a porni la drum. Este un sport periculos, dar cu un echipament corespunz\u0103tor poate fi foarte sigur. Iar, pentru satisfac\u0163ia oferit\u0103, merit\u0103 asumat orice risc. O tur\u0103 de Via Ferrata devine o lec\u0163ie de via\u0163\u0103, pentru c\u0103 ai ocazia de a-\u0163i dep\u0103\u015fi limitele, neexist\u00e2nd posibilitatea de a \u0163i le proba, ci doar de a \u0163i le dep\u0103\u015fi pentru c\u0103 nu e cale de \u00eentoarcere c\u00e2nd ai plecat pe acest drum&#8230; \u00cenve\u0163i s\u0103 te st\u0103p\u00e2ne\u015fti, s\u0103 te motivezi, s\u0103 nu renun\u0163i!<\/div>\n<div id=\"m_-6606477718742363147m_2172904647268428796yui_3_16_0_ym19_1_1489514758455_4946\" dir=\"ltr\" style=\"text-align: justify;\"><a href=\"http:\/\/semndecarte.metarsis.ro\/wp-content\/uploads\/2017\/03\/17155288_1229624763753708_4613551014771693425_n.jpg\" rel=\"lightbox[10733]\"><img loading=\"lazy\" class=\"alignleft size-thumbnail wp-image-10735\" src=\"http:\/\/semndecarte.metarsis.ro\/wp-content\/uploads\/2017\/03\/17155288_1229624763753708_4613551014771693425_n-95x95.jpg\" alt=\"17155288_1229624763753708_4613551014771693425_n\" width=\"95\" height=\"95\" \/><\/a> <a href=\"http:\/\/semndecarte.metarsis.ro\/wp-content\/uploads\/2017\/03\/17156111_1229624673753717_7226952416739200830_n.jpg\" rel=\"lightbox[10733]\"><img loading=\"lazy\" class=\"alignleft size-thumbnail wp-image-10736\" src=\"http:\/\/semndecarte.metarsis.ro\/wp-content\/uploads\/2017\/03\/17156111_1229624673753717_7226952416739200830_n-95x95.jpg\" alt=\"17156111_1229624673753717_7226952416739200830_n\" width=\"95\" height=\"95\" \/><\/a> <a href=\"http:\/\/semndecarte.metarsis.ro\/wp-content\/uploads\/2017\/03\/17190354_1229624583753726_8615876130762616642_n.jpg\" rel=\"lightbox[10733]\"><img loading=\"lazy\" class=\"alignleft size-thumbnail wp-image-10737\" src=\"http:\/\/semndecarte.metarsis.ro\/wp-content\/uploads\/2017\/03\/17190354_1229624583753726_8615876130762616642_n-95x95.jpg\" alt=\"17190354_1229624583753726_8615876130762616642_n\" width=\"95\" height=\"95\" \/><\/a> <a href=\"http:\/\/semndecarte.metarsis.ro\/wp-content\/uploads\/2017\/03\/17311107_1229634323752752_2810317563579469328_o.jpg\" rel=\"lightbox[10733]\"><img loading=\"lazy\" class=\"alignleft size-thumbnail wp-image-10738\" src=\"http:\/\/semndecarte.metarsis.ro\/wp-content\/uploads\/2017\/03\/17311107_1229634323752752_2810317563579469328_o-95x95.jpg\" alt=\"17311107_1229634323752752_2810317563579469328_o\" width=\"95\" height=\"95\" \/><\/a> <a href=\"http:\/\/semndecarte.metarsis.ro\/wp-content\/uploads\/2017\/03\/17342555_1229624697087048_2197305598796489531_n.jpg\" rel=\"lightbox[10733]\"><img loading=\"lazy\" class=\"alignleft size-thumbnail wp-image-10739\" src=\"http:\/\/semndecarte.metarsis.ro\/wp-content\/uploads\/2017\/03\/17342555_1229624697087048_2197305598796489531_n-95x95.jpg\" alt=\"17342555_1229624697087048_2197305598796489531_n\" width=\"95\" height=\"95\" \/><\/a>Odat\u0103 c\u00e2mp de b\u0103t\u0103lie, Dolomi\u0163ii au devenit apoi teren de joac\u0103, unde oamenii mari nu au restric\u0163ii pentru nici un fel de sport alpin. De\u015fi este raiul c\u0103\u0163\u0103r\u0103torilor, aici po\u0163i face trekking, te po\u0163i lansa cu parapanta, po\u0163i face mountainbike, rafting, canioning, enduro, bungee jumping \u015fi\u00a0iarna, bine\u00eenteles ski, pe o suprafa\u0163\u0103 amenajat\u0103 de 1400km de p\u00e2rtie.<\/div>\n<div id=\"m_-6606477718742363147m_2172904647268428796yui_3_16_0_ym19_1_1489514758455_5231\" dir=\"ltr\" style=\"text-align: justify;\">\n<p>Deci, Bun Venit in Dolomi\u0163i!&#8221;\u00a0ne ureaz\u0103 Elena Rupa, invit\u00e2ndu-ne la mi\u0219care, conving\u00e2ndu-ne c\u0103 merit\u0103 tr\u0103it\u0103 o experien\u021b\u0103 de via ferrata- variant\u0103 mai accesibil\u0103 de c\u0103\u021b\u0103rare pe mun\u021bi- dup\u0103 vizionarea oferit\u0103 mar\u021bi, 14 martie 2017, la libr\u0103ria Semn de Carte de Ioan Berariu, decanul de v\u00e2rst\u0103 al Clubului Montan CONCORDIA Lugoj. Urm\u0103rit de un public numeros- ceain\u0103ria libr\u0103riei devenind, \u00eenc\u0103 o dat\u0103, ne\u00eenc\u0103p\u0103toare, Ioan Berariu, prin diaporamele prezentate, a pledat pentru excursii, dovedind c\u0103\u00a0 muntele te ajut\u0103 s\u0103 te cuno\u0219ti mai bine, s\u0103-\u021bi testezi limitele, s\u0103 ai \u00eencredere \u00een tine \u0219i \u00een cei de l\u00e2ng\u0103 tine. O sear\u0103 minunat\u0103 cu doi decani de v\u00e2rst\u0103 Ioan Berariu \u2013 Concordia Lugoj, 75 de ani \u0219i Ioan Adamek, Prienii Mun\u021bilor Re\u0219i\u021ba, 91 de ani, dovezi vii ai unui stil de via\u021b\u0103 s\u0103n\u0103tos, cu mi\u0219care mult\u0103 \u00een natur\u0103. (Camelia Duca)<\/p>\n<\/div>\n<div dir=\"ltr\" style=\"text-align: justify;\"><a href=\"http:\/\/semndecarte.metarsis.ro\/wp-content\/uploads\/2017\/03\/01.jpg\" rel=\"lightbox[10733]\"><img loading=\"lazy\" class=\"alignleft size-thumbnail wp-image-10740\" src=\"http:\/\/semndecarte.metarsis.ro\/wp-content\/uploads\/2017\/03\/01-95x95.jpg\" alt=\"01\" width=\"95\" height=\"95\" \/><\/a> <a href=\"http:\/\/semndecarte.metarsis.ro\/wp-content\/uploads\/2017\/03\/02.jpg\" rel=\"lightbox[10733]\"><img loading=\"lazy\" class=\"alignleft size-thumbnail wp-image-10741\" src=\"http:\/\/semndecarte.metarsis.ro\/wp-content\/uploads\/2017\/03\/02-95x95.jpg\" alt=\"02\" width=\"95\" height=\"95\" \/><\/a> <a href=\"http:\/\/semndecarte.metarsis.ro\/wp-content\/uploads\/2017\/03\/03.jpg\" rel=\"lightbox[10733]\"><img loading=\"lazy\" class=\"alignleft size-thumbnail wp-image-10742\" src=\"http:\/\/semndecarte.metarsis.ro\/wp-content\/uploads\/2017\/03\/03-95x95.jpg\" alt=\"03\" width=\"95\" height=\"95\" \/><\/a> <a href=\"http:\/\/semndecarte.metarsis.ro\/wp-content\/uploads\/2017\/03\/17264728_1229624523753732_1860905243524467491_n.jpg\" rel=\"lightbox[10733]\"><img loading=\"lazy\" class=\"alignleft size-thumbnail wp-image-10743\" src=\"http:\/\/semndecarte.metarsis.ro\/wp-content\/uploads\/2017\/03\/17264728_1229624523753732_1860905243524467491_n-95x95.jpg\" alt=\"17264728_1229624523753732_1860905243524467491_n\" width=\"95\" height=\"95\" \/><\/a> <a href=\"http:\/\/semndecarte.metarsis.ro\/wp-content\/uploads\/2017\/03\/17308908_1229624610420390_908105654063096455_n.jpg\" rel=\"lightbox[10733]\"><img loading=\"lazy\" class=\"alignleft size-thumbnail wp-image-10744\" src=\"http:\/\/semndecarte.metarsis.ro\/wp-content\/uploads\/2017\/03\/17308908_1229624610420390_908105654063096455_n-95x95.jpg\" alt=\"17308908_1229624610420390_908105654063096455_n\" width=\"95\" height=\"95\" \/><\/a> <a href=\"http:\/\/semndecarte.metarsis.ro\/wp-content\/uploads\/2017\/03\/17308969_1229624650420386_8556863268000356000_n.jpg\" rel=\"lightbox[10733]\"><img loading=\"lazy\" class=\"alignleft size-thumbnail wp-image-10745\" src=\"http:\/\/semndecarte.metarsis.ro\/wp-content\/uploads\/2017\/03\/17308969_1229624650420386_8556863268000356000_n-95x95.jpg\" alt=\"17308969_1229624650420386_8556863268000356000_n\" width=\"95\" height=\"95\" \/><\/a> <a href=\"http:\/\/semndecarte.metarsis.ro\/wp-content\/uploads\/2017\/03\/17309269_1229624623753722_227151579657452717_n.jpg\" rel=\"lightbox[10733]\"><img loading=\"lazy\" class=\"alignleft size-thumbnail wp-image-10746\" src=\"http:\/\/semndecarte.metarsis.ro\/wp-content\/uploads\/2017\/03\/17309269_1229624623753722_227151579657452717_n-95x95.jpg\" alt=\"17309269_1229624623753722_227151579657452717_n\" width=\"95\" height=\"95\" \/><\/a> <a href=\"http:\/\/semndecarte.metarsis.ro\/wp-content\/uploads\/2017\/03\/17309315_1229624547087063_2781178984779867271_n.jpg\" rel=\"lightbox[10733]\"><img loading=\"lazy\" class=\"alignleft size-thumbnail wp-image-10747\" src=\"http:\/\/semndecarte.metarsis.ro\/wp-content\/uploads\/2017\/03\/17309315_1229624547087063_2781178984779867271_n-95x95.jpg\" alt=\"17309315_1229624547087063_2781178984779867271_n\" width=\"95\" height=\"95\" \/><\/a> <a href=\"http:\/\/semndecarte.metarsis.ro\/wp-content\/uploads\/2017\/03\/17342930_1229624677087050_294759743952994111_n.jpg\" rel=\"lightbox[10733]\"><img loading=\"lazy\" class=\"alignleft size-thumbnail wp-image-10748\" src=\"http:\/\/semndecarte.metarsis.ro\/wp-content\/uploads\/2017\/03\/17342930_1229624677087050_294759743952994111_n-95x95.jpg\" alt=\"17342930_1229624677087050_294759743952994111_n\" width=\"95\" height=\"95\" \/><\/a> <a href=\"http:\/\/semndecarte.metarsis.ro\/wp-content\/uploads\/2017\/03\/17342945_1229624620420389_3643432415226362577_n.jpg\" rel=\"lightbox[10733]\"><img loading=\"lazy\" class=\"alignleft size-thumbnail wp-image-10749\" src=\"http:\/\/semndecarte.metarsis.ro\/wp-content\/uploads\/2017\/03\/17342945_1229624620420389_3643432415226362577_n-95x95.jpg\" alt=\"17342945_1229624620420389_3643432415226362577_n\" width=\"95\" height=\"95\" \/><\/a><\/div>\n","protected":false},"excerpt":{"rendered":"<p>Despre Dolomiti, alpinistul italian Reinhold Messner (primul om care a urcat toti optmiarii lumii), spunea ca sunt cei mai frumosi munti ai planetei.<\/p>\n","protected":false},"author":1,"featured_media":0,"comment_status":"open","ping_status":"open","sticky":false,"template":"","format":"standard","meta":[],"categories":[7],"tags":[663,323],"_links":{"self":[{"href":"https:\/\/semndecarte.metarsis.ro\/index.php?rest_route=\/wp\/v2\/posts\/10733"}],"collection":[{"href":"https:\/\/semndecarte.metarsis.ro\/index.php?rest_route=\/wp\/v2\/posts"}],"about":[{"href":"https:\/\/semndecarte.metarsis.ro\/index.php?rest_route=\/wp\/v2\/types\/post"}],"author":[{"embeddable":true,"href":"https:\/\/semndecarte.metarsis.ro\/index.php?rest_route=\/wp\/v2\/users\/1"}],"replies":[{"embeddable":true,"href":"https:\/\/semndecarte.metarsis.ro\/index.php?rest_route=%2Fwp%2Fv2%2Fcomments&post=10733"}],"version-history":[{"count":0,"href":"https:\/\/semndecarte.metarsis.ro\/index.php?rest_route=\/wp\/v2\/posts\/10733\/revisions"}],"wp:attachment":[{"href":"https:\/\/semndecarte.metarsis.ro\/index.php?rest_route=%2Fwp%2Fv2%2Fmedia&parent=10733"}],"wp:term":[{"taxonomy":"category","embeddable":true,"href":"https:\/\/semndecarte.metarsis.ro\/index.php?rest_route=%2Fwp%2Fv2%2Fcategories&post=10733"},{"taxonomy":"post_tag","embeddable":true,"href":"https:\/\/semndecarte.metarsis.ro\/index.php?rest_route=%2Fwp%2Fv2%2Ftags&post=10733"}],"curies":[{"name":"wp","href":"https:\/\/api.w.org\/{rel}","templated":true}]}}