{"id":10648,"date":"2017-02-25T11:51:52","date_gmt":"2017-02-25T09:51:52","guid":{"rendered":"http:\/\/semndecarte.metarsis.ro\/?p=10648"},"modified":"2017-02-25T11:51:52","modified_gmt":"2017-02-25T09:51:52","slug":"expo-arta-textila","status":"publish","type":"post","link":"https:\/\/semndecarte.metarsis.ro\/?p=10648","title":{"rendered":"Expo ART\u0102 TEXTIL\u0102"},"content":{"rendered":"<p><strong>Elena H\u0102B\u0102\u0218ESCU<\/strong><\/p>\n<p style=\"text-align: justify;\">\u201cPe nici o cale nu ocole\u0219ti \u00een mod sigur lumea dec\u00e2t prin art\u0103, \u0219i nu te une\u0219ti mai sigur cu ea dec\u00e2t prin art\u0103.\u201c (Johann Wolfgang von Goethe)<\/p>\n<p style=\"text-align: justify;\"><a href=\"http:\/\/semndecarte.metarsis.ro\/wp-content\/uploads\/2017\/02\/cop.jpg\" rel=\"lightbox[10648]\"><img loading=\"lazy\" class=\"alignleft size-full wp-image-10649\" src=\"http:\/\/semndecarte.metarsis.ro\/wp-content\/uploads\/2017\/02\/cop.jpg\" alt=\"cop\" width=\"520\" height=\"200\" srcset=\"https:\/\/semndecarte.metarsis.ro\/wp-content\/uploads\/2017\/02\/cop.jpg 520w, https:\/\/semndecarte.metarsis.ro\/wp-content\/uploads\/2017\/02\/cop-160x62.jpg 160w, https:\/\/semndecarte.metarsis.ro\/wp-content\/uploads\/2017\/02\/cop-163x63.jpg 163w\" sizes=\"(max-width: 520px) 100vw, 520px\" \/><\/a>Artistul plastic Elena H\u0102B\u0102\u0218ESCU a venit, miercuri 22 februarie 2017, \u00een fa\u021ba publicului iubitor al artelor textile, cu o serie de exponate- dovad\u0103 a talentului de necontestat. La prima \u201cpersonal\u0103\u201c din Re\u0219i\u021ba, la 11 august 2011, c\u00e2nd pe simezele libr\u0103riei Semn de Carte expunea quilt-uri, criticul Ada D. CRUCEANU spunea: \u201cPrin oameni ca Elena H\u0103b\u0103\u015fescu se face art\u0103\u2026 Prin suprapunerea a c\u00e2torva seturi de materiale \u2013 inclusiv tuluri \u2013 \u015fi, respectiv, cus\u0103turi diferite, revenind asupra lor \u015fi merg\u00e2nd cu migal\u0103 p\u00e2na la a a\u015feza \u00een chenare separate fiecare obiect plastic, constituim, \u00een \u00eentregime, art\u0103 vizual\u0103\u2026 <!--more-->Este vorba nu numai de un talent nativ, nu numai de o \u00eensu\u015fire a tehnicilor care pot duce la crearea unui asemenea obiect, este vorba de pasiune&#8230;\u201c. Iat\u0103 c\u0103 ast\u0103zi, Elena H\u0102B\u0102\u0218ESCU \u00ee\u0219i urmeaz\u0103 calea devenind, la 65 de ani, student\u0103 de 10 a Facult\u0103\u021bii de Art\u0103 Plastic\u0103 din Timi\u0219oara, des\u0103v\u00e2r\u0219indu-\u0219i talentul \u00een Templul artelor. \u201c\u00censo\u021besc parcursul Elenei Hab\u0103\u0219escu de mai mult de un deceniu&#8230; Parcursul institu\u021bional, prin liceul de arte plastice \u0219i iat\u0103, acum, prin facultate, n-a creat \u00een personalitatea talentat\u0103 a Elenei H\u0103b\u0103\u0219escu un cult, de fapt, al rigorii chiar \u0219i acolo unde ea pare s\u0103 nu fie una geometrizat\u0103 ci s\u0103 fie una aleatorie, \u0219i tot rigoare a\u0219 numi-o plec\u00e2nd de la faptul c\u0103 tehnicile cele vechi care au fost, de fapt, o necesitate, o recuperare, un mod\u00a0 de a face din ceea ce a r\u0103mas dintr- o veche hain\u0103 o alta nou\u0103&#8230; Spre deosebire de cei care urmeaz\u0103 facult\u0103\u021bile de art\u0103 textil\u0103, spre deosebire de cei care fac design textil, obliga\u021bi \u00eentr-un fel s\u0103 devin\u0103 tehnicieni pe parcursul vie\u021bii- deci s\u0103 creeze modelul pentru ceea ce va fi produc\u021bie de serie, \u00een cazul artistului dotat, cel care a primit harul de la Dumnezeu, aceast\u0103 mecanizare a lucrului nu este niciodat\u0103 evident\u0103 de\u0219i, tehnic, ea exist\u0103. Dup\u0103 cum observa\u021bi pe simezele micii galerii sunt elemente care duc la aceast\u0103 mecanizare efectiv\u0103 a lucrului. Voluntar\u0103 sau involuntar\u0103, de fapt, voluntar\u0103 pentru c\u0103 aici te aduce tehnica propriu-zis\u0103, partea artistic\u0103 este ceea ce exploateaz\u0103 Elena H\u0103b\u0103\u0219escu printr-o simpl\u0103 form\u0103 dar, de fapt, cea mai complex\u0103- cercul- pe care-l compune \u0219i descompune de a\u0219a natur\u0103 \u00eenc\u00e2t el s\u0103 devin\u0103 simbol nu numai al perfec\u021biunii lui 2\u03c0r ci o exploatare a unui semn complex \u0219i a\u0219ezare a lui pe o suprafa\u021b\u0103 \u00een care suntem tenta\u021bi s\u0103 vedem \u0219i armonia cromatic\u0103, suntem tenta\u021bi s\u0103 descoperim, apoi, \u0219i <a href=\"http:\/\/semndecarte.metarsis.ro\/wp-content\/uploads\/2017\/02\/Elena-H_018.jpg\" rel=\"lightbox[10648]\"><img loading=\"lazy\" class=\"alignleft size-thumbnail wp-image-10650\" src=\"http:\/\/semndecarte.metarsis.ro\/wp-content\/uploads\/2017\/02\/Elena-H_018-95x95.jpg\" alt=\"Elena H_018\" width=\"95\" height=\"95\" \/><\/a> <a href=\"http:\/\/semndecarte.metarsis.ro\/wp-content\/uploads\/2017\/02\/Elena-H_001.jpg\" rel=\"lightbox[10648]\"><img loading=\"lazy\" class=\"alignleft size-thumbnail wp-image-10651\" src=\"http:\/\/semndecarte.metarsis.ro\/wp-content\/uploads\/2017\/02\/Elena-H_001-95x95.jpg\" alt=\"Elena H_001\" width=\"95\" height=\"95\" \/><\/a> <a href=\"http:\/\/semndecarte.metarsis.ro\/wp-content\/uploads\/2017\/02\/Elena-H_002.jpg\" rel=\"lightbox[10648]\"><img loading=\"lazy\" class=\"alignleft size-thumbnail wp-image-10652\" src=\"http:\/\/semndecarte.metarsis.ro\/wp-content\/uploads\/2017\/02\/Elena-H_002-95x95.jpg\" alt=\"Elena H_002\" width=\"95\" height=\"95\" \/><\/a> <a href=\"http:\/\/semndecarte.metarsis.ro\/wp-content\/uploads\/2017\/02\/Elena-H_003.jpg\" rel=\"lightbox[10648]\"><img loading=\"lazy\" class=\"alignleft size-thumbnail wp-image-10653\" src=\"http:\/\/semndecarte.metarsis.ro\/wp-content\/uploads\/2017\/02\/Elena-H_003-95x95.jpg\" alt=\"Elena H_003\" width=\"95\" height=\"95\" \/><\/a> <a href=\"http:\/\/semndecarte.metarsis.ro\/wp-content\/uploads\/2017\/02\/Elena-H_010.jpg\" rel=\"lightbox[10648]\"><img loading=\"lazy\" class=\"alignleft size-thumbnail wp-image-10654\" src=\"http:\/\/semndecarte.metarsis.ro\/wp-content\/uploads\/2017\/02\/Elena-H_010-95x95.jpg\" alt=\"Elena H_010\" width=\"95\" height=\"95\" \/><\/a> ce \u00eenseamn\u0103 descompunerea \u0219i, respectiv, recompunerea, formele care se pot crea \u0219i recrea dintr-o form\u0103 singur\u0103 precum \u0219i ceea ce se \u00eent\u00e2pl\u0103 cu reevaluarea unei formule deja consacrate. Ceea ce \u00eenseamn\u0103 \u00een ol\u0103rit blidul, din zona Cucuteni \u0219i p\u00e2n\u0103 \u00een zona Banatului- pentru c\u0103 acolo sunt ceva elemente \u0219i din cultura veche Cucuteni- \u00een formula textil\u0103 el \u00ee\u0219i pierde, din ceea ce ar \u00eensemna perspectiva obiectului tridimensional, dar c\u00e2\u0219tig\u0103 ceea ce \u00eenseamn\u0103 panotarea, a\u0219ezarea cercului \u00eentr-un alt context cromatic \u00een a\u0219a fel \u00eenc\u00e2t el s\u0103 simbolizeze \u0219i tricolorul rom\u00e2nesc, s\u0103-l \u00eenobileze, aduc\u00e2nd istoria uneia dintre cele mai vechi meserii pe suprafa\u021ba de p\u00e2nz\u0103. Spuneam c\u00e2ndva c\u0103 \u201cpeticelul\u201c pe care nu-l mai vedem azi aici i-a prilejuit Elenei H\u0103b\u0103\u0219escu \u00eent\u00e2nirea cu doamne din lumea larg\u0103, din Israel p\u00e2n\u0103 \u00een Anglia, care au descoperit ceea ce, \u00eentr-un fel, \u00een \u021a\u0103rile Nordice era un curent p\u00e2n\u0103 dup\u0103 al Doilea R\u0103zboi Mondial c\u00e2nd trebuia s\u0103-\u021bi faci din nimic o hain\u0103 pun\u00e2nd petic l\u00e2ng\u0103 petic&#8230; Pentru artistele grupului respectiv expozi\u021bia colectiv\u0103 de la Muzeul Banatului Montan din 2007 a fost o revela\u021bie. Cum s\u0103 faci din nimic ceva at\u00e2t de profesional \u00eenc\u00e2t s\u0103 dep\u0103\u0219easc\u0103 dimensiunile at\u00e2t de generoase ale simezelor Muzeului arat\u00e2nd, pentru fiecare personalitate exponent\u0103, un demers artistic construit cu elemente de mesaj. Eu g\u0103sesc acel mesaj \u00een lucr\u0103rile acestea mai complicate rug\u00e2nd-o pe doamna H\u0103b\u0103\u0219escu s\u0103 ne explice cum pune \u0219i compune, ce face cu aceste petice pentru c\u0103, \u00een sine, acest mesaj plastic pur \u0219i simplu pare s\u0103 fie rodul unei \u00eent\u00e2mpl\u0103ri. Dar pentru fiecare artist&#8230;\u00eent\u00e2mplarea este un declic care face ca obiectul artistic s\u0103 se construiasc\u0103, desigur cu revenirea sau nu la forma primar\u0103, devenind un panou expresiv modulat pentru exprimarea a ceea ce, de fapt, este complexul de g\u00e2ndire pe care poate, la \u00eenceput, artistul nu \u0219i-l descifreaz\u0103 lui \u00eensu\u0219i&#8230; pe parcurs acesta se descifreaz\u0103 nu numai artistului ci \u0219i nou\u0103, privitorilor, cei care avem bucuria s\u0103-i privim arta&#8230; Elena H\u0103b\u0103\u0219escu are o tenacitate \u0219i o voin\u021b\u0103 de a exista \u00een arta plastic\u0103 ce \u00eencepe cu o \u00eent\u00e2mplare nu tocmai fericit\u0103, cu dificult\u0103\u021bile de a \u00eenfrunta lumea, de a comunica la modul direct \u00een realitate&#8230; O personalitate care a avut de suferit \u0219i care a g\u0103sit, chiar \u0219i atunci c\u00e2nd i-a fost foarte greu, modul de a face portretul b\u0103iatului s\u0103u&#8230; Portretul acela mi-a spus mie c\u0103 acel moment de necomunicare cu lumea a declan\u0219at, de fapt, voin\u021ba de a face dintr-o tehnic\u0103 special\u0103 un mod de a comunica, de a fi \u00een comuniune cu lumea, pentru c\u0103 fiecare dintre noi ar putea s\u0103 stea de vorb\u0103 cu lucr\u0103rile, lucr\u0103rile acestea i-ar spune ceva \u0219i ar fi, \u00eentr-adev\u0103r, acel moment de comuniune pe care-l viseaz\u0103 artistul. LA MULTI ANI pentru cei 65 de ani!\u201c \u0219i-a \u00eencheiat discursul, \u00een deschiderea vernisajului, criticul Ada D. CRUCEANU.<\/p>\n<p style=\"text-align: justify;\"><a href=\"http:\/\/semndecarte.metarsis.ro\/wp-content\/uploads\/2017\/02\/Elena-H_004.jpg\" rel=\"lightbox[10648]\"><img loading=\"lazy\" class=\"alignleft size-thumbnail wp-image-10690\" src=\"http:\/\/semndecarte.metarsis.ro\/wp-content\/uploads\/2017\/02\/Elena-H_004-95x95.jpg\" alt=\"Elena H_004\" width=\"95\" height=\"95\" \/><\/a> <a href=\"http:\/\/semndecarte.metarsis.ro\/wp-content\/uploads\/2017\/02\/Elena-H_005.jpg\" rel=\"lightbox[10648]\"><img loading=\"lazy\" class=\"alignleft size-thumbnail wp-image-10691\" src=\"http:\/\/semndecarte.metarsis.ro\/wp-content\/uploads\/2017\/02\/Elena-H_005-95x95.jpg\" alt=\"Elena H_005\" width=\"95\" height=\"95\" \/><\/a> <a href=\"http:\/\/semndecarte.metarsis.ro\/wp-content\/uploads\/2017\/02\/Elena-H_006.jpg\" rel=\"lightbox[10648]\"><img loading=\"lazy\" class=\"alignleft size-thumbnail wp-image-10692\" src=\"http:\/\/semndecarte.metarsis.ro\/wp-content\/uploads\/2017\/02\/Elena-H_006-95x95.jpg\" alt=\"Elena H_006\" width=\"95\" height=\"95\" \/><\/a> <a href=\"http:\/\/semndecarte.metarsis.ro\/wp-content\/uploads\/2017\/02\/Elena-H_007.jpg\" rel=\"lightbox[10648]\"><img loading=\"lazy\" class=\"alignleft size-thumbnail wp-image-10693\" src=\"http:\/\/semndecarte.metarsis.ro\/wp-content\/uploads\/2017\/02\/Elena-H_007-95x95.jpg\" alt=\"Elena H_007\" width=\"95\" height=\"95\" \/><\/a> <a href=\"http:\/\/semndecarte.metarsis.ro\/wp-content\/uploads\/2017\/02\/Elena-H_008.jpg\" rel=\"lightbox[10648]\"><img loading=\"lazy\" class=\"alignleft size-thumbnail wp-image-10694\" src=\"http:\/\/semndecarte.metarsis.ro\/wp-content\/uploads\/2017\/02\/Elena-H_008-95x95.jpg\" alt=\"Elena H_008\" width=\"95\" height=\"95\" \/><\/a> <a href=\"http:\/\/semndecarte.metarsis.ro\/wp-content\/uploads\/2017\/02\/Elena-H_009.jpg\" rel=\"lightbox[10648]\"><img loading=\"lazy\" class=\"alignleft size-thumbnail wp-image-10695\" src=\"http:\/\/semndecarte.metarsis.ro\/wp-content\/uploads\/2017\/02\/Elena-H_009-95x95.jpg\" alt=\"Elena H_009\" width=\"95\" height=\"95\" \/><\/a> <a href=\"http:\/\/semndecarte.metarsis.ro\/wp-content\/uploads\/2017\/02\/Elena-H_011.jpg\" rel=\"lightbox[10648]\"><img loading=\"lazy\" class=\"alignleft size-thumbnail wp-image-10696\" src=\"http:\/\/semndecarte.metarsis.ro\/wp-content\/uploads\/2017\/02\/Elena-H_011-95x95.jpg\" alt=\"Elena H_011\" width=\"95\" height=\"95\" \/><\/a> <a href=\"http:\/\/semndecarte.metarsis.ro\/wp-content\/uploads\/2017\/02\/Elena-H_012.jpg\" rel=\"lightbox[10648]\"><img loading=\"lazy\" class=\"alignleft size-thumbnail wp-image-10697\" src=\"http:\/\/semndecarte.metarsis.ro\/wp-content\/uploads\/2017\/02\/Elena-H_012-95x95.jpg\" alt=\"Elena H_012\" width=\"95\" height=\"95\" \/><\/a> <a href=\"http:\/\/semndecarte.metarsis.ro\/wp-content\/uploads\/2017\/02\/Elena-H_013.jpg\" rel=\"lightbox[10648]\"><img loading=\"lazy\" class=\"alignleft size-thumbnail wp-image-10698\" src=\"http:\/\/semndecarte.metarsis.ro\/wp-content\/uploads\/2017\/02\/Elena-H_013-95x95.jpg\" alt=\"Elena H_013\" width=\"95\" height=\"95\" \/><\/a> <a href=\"http:\/\/semndecarte.metarsis.ro\/wp-content\/uploads\/2017\/02\/Elena-H_014.jpg\" rel=\"lightbox[10648]\"><img loading=\"lazy\" class=\"alignleft size-thumbnail wp-image-10699\" src=\"http:\/\/semndecarte.metarsis.ro\/wp-content\/uploads\/2017\/02\/Elena-H_014-95x95.jpg\" alt=\"Elena H_014\" width=\"95\" height=\"95\" \/><\/a> <a href=\"http:\/\/semndecarte.metarsis.ro\/wp-content\/uploads\/2017\/02\/Elena-H_015.jpg\" rel=\"lightbox[10648]\"><img loading=\"lazy\" class=\"alignleft size-thumbnail wp-image-10700\" src=\"http:\/\/semndecarte.metarsis.ro\/wp-content\/uploads\/2017\/02\/Elena-H_015-95x95.jpg\" alt=\"Elena H_015\" width=\"95\" height=\"95\" \/><\/a> <a href=\"http:\/\/semndecarte.metarsis.ro\/wp-content\/uploads\/2017\/02\/Elena-H_016.jpg\" rel=\"lightbox[10648]\"><img loading=\"lazy\" class=\"alignleft size-thumbnail wp-image-10701\" src=\"http:\/\/semndecarte.metarsis.ro\/wp-content\/uploads\/2017\/02\/Elena-H_016-95x95.jpg\" alt=\"Elena H_016\" width=\"95\" height=\"95\" \/><\/a> <a href=\"http:\/\/semndecarte.metarsis.ro\/wp-content\/uploads\/2017\/02\/Elena-H_017.jpg\" rel=\"lightbox[10648]\"><img loading=\"lazy\" class=\"alignleft size-thumbnail wp-image-10702\" src=\"http:\/\/semndecarte.metarsis.ro\/wp-content\/uploads\/2017\/02\/Elena-H_017-95x95.jpg\" alt=\"Elena H_017\" width=\"95\" height=\"95\" \/><\/a> <a href=\"http:\/\/semndecarte.metarsis.ro\/wp-content\/uploads\/2017\/02\/Elena-H_019.jpg\" rel=\"lightbox[10648]\"><img loading=\"lazy\" class=\"alignleft size-thumbnail wp-image-10703\" src=\"http:\/\/semndecarte.metarsis.ro\/wp-content\/uploads\/2017\/02\/Elena-H_019-95x95.jpg\" alt=\"Elena H_019\" width=\"95\" height=\"95\" \/><\/a> <a href=\"http:\/\/semndecarte.metarsis.ro\/wp-content\/uploads\/2017\/02\/Elena-H_020.jpg\" rel=\"lightbox[10648]\"><img loading=\"lazy\" class=\"alignleft size-thumbnail wp-image-10704\" src=\"http:\/\/semndecarte.metarsis.ro\/wp-content\/uploads\/2017\/02\/Elena-H_020-95x95.jpg\" alt=\"Elena H_020\" width=\"95\" height=\"95\" \/><\/a>Surpriza serii pentru Elena H\u0103b\u0103\u015fescu a fost prezen\u0163a, la Re\u015fi\u0163a, a timi\u015forenilor, colegilor de grup\u0103\u00a0de la Facultatea de Arte, sosi\u0163i special spre a-i fi al\u0103turi.<\/p>\n<p style=\"text-align: justify;\">Seara a fost \u00eentregit\u0103 de un microrecital av\u00e2ndu-l ca protagonist pe Daniel CRE\u0162U, un t\u00e2n\u0103r re\u015fi\u0163ean frumos \u015fi talentat, \u00eendr\u0103gostit iremediabil de pian, care a \u00eenc\u00e2ntat asisten\u0163a cu piese din repertoriul lui Richard Clayderman \u015fi cu una din compozi\u0163ile proprii.<\/p>\n<p style=\"text-align: justify;\">La eveniment am avut bucuria s\u0103-l cunoa\u015ftem pe Luca Matei, 7 ani, protagonist al emisiunii de duminic\u0103 diminea\u0163a -Piti Show-de la Radio Rom\u00e2nia Timi\u015foara. Luca are o experient\u0103 de 3 ani de radio, deja. ARIcel ISTET, mascota libr\u0103riei re\u015fi\u0163ene Semn de Carte, va fi, de aici \u00eenainte, al\u0103turi de Luca \u015fi de copiii de la Piti Show.<\/p>\n<p style=\"text-align: justify;\">O alt\u0103 sear\u0103 minunat\u0103, de data aceasta cu art\u0103 textil\u0103 \u015fi muzic\u0103 bun\u0103, cu mul\u0163i oameni frumosi, \u00eentre c\u0103r\u0163i \u015fi prieteni. (Camelia Duca)<\/p>\n","protected":false},"excerpt":{"rendered":"<p>Artistul plastic Elena H\u0102B\u0102\u0218ESCU a venit, miercuri 22 februarie 2017, \u00een fa\u021ba publicului iubitor al artelor textile, cu o serie de exponate- dovad\u0103 a talentului de necontestat.<\/p>\n","protected":false},"author":1,"featured_media":0,"comment_status":"open","ping_status":"open","sticky":false,"template":"","format":"standard","meta":[],"categories":[7],"tags":[658,659,243,661,660],"_links":{"self":[{"href":"https:\/\/semndecarte.metarsis.ro\/index.php?rest_route=\/wp\/v2\/posts\/10648"}],"collection":[{"href":"https:\/\/semndecarte.metarsis.ro\/index.php?rest_route=\/wp\/v2\/posts"}],"about":[{"href":"https:\/\/semndecarte.metarsis.ro\/index.php?rest_route=\/wp\/v2\/types\/post"}],"author":[{"embeddable":true,"href":"https:\/\/semndecarte.metarsis.ro\/index.php?rest_route=\/wp\/v2\/users\/1"}],"replies":[{"embeddable":true,"href":"https:\/\/semndecarte.metarsis.ro\/index.php?rest_route=%2Fwp%2Fv2%2Fcomments&post=10648"}],"version-history":[{"count":0,"href":"https:\/\/semndecarte.metarsis.ro\/index.php?rest_route=\/wp\/v2\/posts\/10648\/revisions"}],"wp:attachment":[{"href":"https:\/\/semndecarte.metarsis.ro\/index.php?rest_route=%2Fwp%2Fv2%2Fmedia&parent=10648"}],"wp:term":[{"taxonomy":"category","embeddable":true,"href":"https:\/\/semndecarte.metarsis.ro\/index.php?rest_route=%2Fwp%2Fv2%2Fcategories&post=10648"},{"taxonomy":"post_tag","embeddable":true,"href":"https:\/\/semndecarte.metarsis.ro\/index.php?rest_route=%2Fwp%2Fv2%2Ftags&post=10648"}],"curies":[{"name":"wp","href":"https:\/\/api.w.org\/{rel}","templated":true}]}}