{"id":10615,"date":"2017-01-09T14:52:38","date_gmt":"2017-01-09T12:52:38","guid":{"rendered":"http:\/\/semndecarte.metarsis.ro\/?p=10615"},"modified":"2017-01-09T14:52:38","modified_gmt":"2017-01-09T12:52:38","slug":"dar-din-dar-se-face-rai-4","status":"publish","type":"post","link":"https:\/\/semndecarte.metarsis.ro\/?p=10615","title":{"rendered":"DAR DIN DAR SE FACE RAI"},"content":{"rendered":"<p style=\"text-align: justify;\"><a href=\"http:\/\/semndecarte.metarsis.ro\/wp-content\/uploads\/2017\/01\/Dar_025.jpg\" rel=\"lightbox[10615]\"><img loading=\"lazy\" class=\"alignleft size-full wp-image-10617\" src=\"http:\/\/semndecarte.metarsis.ro\/wp-content\/uploads\/2017\/01\/Dar_025.jpg\" alt=\"dar_025\" width=\"520\" height=\"200\" srcset=\"https:\/\/semndecarte.metarsis.ro\/wp-content\/uploads\/2017\/01\/Dar_025.jpg 520w, https:\/\/semndecarte.metarsis.ro\/wp-content\/uploads\/2017\/01\/Dar_025-160x62.jpg 160w, https:\/\/semndecarte.metarsis.ro\/wp-content\/uploads\/2017\/01\/Dar_025-163x63.jpg 163w\" sizes=\"(max-width: 520px) 100vw, 520px\" \/><\/a>Edi\u021bia a III-a<\/p>\n<p style=\"text-align: justify;\">\u00cen ajunul AJUNULUI, vineri, 23 decembrie 2016,\u00a0 am tr\u0103it bucuria de A FI \u00eempreun\u0103 la cea de-a treia edi\u021bie a concertului caritabil DAR DIN DAR SE FACE RAI. S\u0103rb\u0103toarea na\u0219terii M\u00e2ntuitorului nostru, Cr\u0103ciunul, aduce, \u00een sufletul fiec\u0103ruia dintre noi, Lumina Sf\u00e2nt\u0103 pe care o \u00eemp\u0103rt\u0103\u0219im cu familia, cu prietenii, cu semenii no\u0219tri. Emo\u021bii \u0219i tr\u0103iri intense, spirituale, \u00eentre icoanele semnate Rita ALDEA, \u00een binecuv\u00e2ntarea dat\u0103 celor prezen\u021bi, la \u00eenceput de eveniment, de p\u0103rintele protopop al Re\u0219i\u021bei, pr. Gheorghe Adrian \u0218UVE\u021aI. \u201dIcoanele Ritei ALDEA, ferestre spre cer,\u00a0 sunt \u00a0o binecuv\u00e2ntare a propriei vie\u0163i luminate de con\u015ftiin\u0163a sinelui \u015fi a responsabilit\u0103\u0163ii care decurge din aceast\u0103 <em>luminare<\/em>&#8230;\u201d a specificat preaonoratul p\u0103rinte protopop. Despre prietenia \u0219i icoanele Ritei ALDEA a vorbit, cald si emo\u021bionant. dr.fil. Liubi\u021ba RAICHICI, director al Direc\u021biei pentru Cultur\u0103 \u0219i Patrimoniu Cara\u0219-Severin.<!--more--><\/p>\n<p style=\"text-align: justify;\">\u201dN-am venit s\u0103 cerem, Ci-am venit s\u0103 d\u0103m. Dalbe \u015fi iar dalbe. Flori adev\u0103rate, Ca \u015fi vestea bun\u0103. Ce o colind\u0103m&#8230;\u201d A\u0219a au intrat \u00een sal\u0103 \u201eStelu\u021bele\u201c \u0219i \u201ePinguinii\u201c de la \u0218coala Gimnazial\u0103 7 Re\u0219i\u021ba, coord. prof. Adria C\u0102R\u0102U\u0218AN- care i-a acompaniat la chitar\u0103- \u015fi prof. Otilia DUICU, sub ochiul atent al directorului institu\u021biei, prof. Cristiana SCHMALER. \u201ePUI DE CER\u201c, grupul coral al Centrului de Tineret Moniom, coord. prof. Georgiana CIUCUR a adus colindele populare printr-o interpretare sensibil\u0103 \u0219i de mare efect. Saxofonistul Joszef Racz jr, de la Conservatorul Gheorghe Dima, Cluj-Napoca, indragostitul iremediabil de muzica popular\u0103 b\u0103n\u0103\u021bean\u0103 \u0219i nu numai, a facut dovada virtuozot\u0103\u021bii prin interpretarea unui br\u00e2u, a unei doine \u0219i a unui joc din repertoriul lui Luca Novac, fiind aplaudat la scen\u0103 deschis\u0103. \u201cALLEGRETO\u201c, corala Liceului de Arte \u201eSabin P\u0102U\u021aA\u201c, coord. prof. Emanuela MOLDOVAN, la pian prof. Cristian RO\u0218OAG\u0102 \u0219i CORUL PROTOPOPIATULUI ORTODOX RE\u0218I\u021aA, dirijor pr. Ionu\u021b Irinel DINU au \u00eencheiat concertul caritabil de Craciun. \u201dO ce veste minunat\u0103\u201d, vestea na\u0219terii M\u00e2ntuitorului, a fost adus\u0103, de to\u021bi cei prezen\u021bi \u00een sala Lira, ca dar din suflet pentru suflet. O noua edi\u021bie reu\u0219it\u0103. Suntem \u00ceMPREUN\u0102 al\u0103turi de semenii no\u0219tri greu \u00eencerca\u021bi, aduc\u00e2nd un lic\u0103r de lumin\u0103 \u00een ochi tri\u0219ti, fiind solidari, oferind daruri ca r\u0103spuns la darul iubirii lui Dumnezeu pentru noi. Pentru c\u0103 DAR DIN DAR SE FACE RAI!<\/p>\n<p style=\"text-align: justify;\"><a href=\"http:\/\/semndecarte.metarsis.ro\/wp-content\/uploads\/2017\/01\/Dar_006.jpg\" rel=\"lightbox[10615]\"><img loading=\"lazy\" class=\"alignleft size-thumbnail wp-image-10618\" src=\"http:\/\/semndecarte.metarsis.ro\/wp-content\/uploads\/2017\/01\/Dar_006-95x95.jpg\" alt=\"dar_006\" width=\"95\" height=\"95\" \/><\/a> <a href=\"http:\/\/semndecarte.metarsis.ro\/wp-content\/uploads\/2017\/01\/Dar_001.jpg\" rel=\"lightbox[10615]\"><img loading=\"lazy\" class=\"alignleft size-thumbnail wp-image-10619\" src=\"http:\/\/semndecarte.metarsis.ro\/wp-content\/uploads\/2017\/01\/Dar_001-95x95.jpg\" alt=\"dar_001\" width=\"95\" height=\"95\" \/><\/a> <a href=\"http:\/\/semndecarte.metarsis.ro\/wp-content\/uploads\/2017\/01\/Dar_002.jpg\" rel=\"lightbox[10615]\"><img loading=\"lazy\" class=\"alignleft size-thumbnail wp-image-10620\" src=\"http:\/\/semndecarte.metarsis.ro\/wp-content\/uploads\/2017\/01\/Dar_002-95x95.jpg\" alt=\"dar_002\" width=\"95\" height=\"95\" \/><\/a> <a href=\"http:\/\/semndecarte.metarsis.ro\/wp-content\/uploads\/2017\/01\/Dar_003.jpg\" rel=\"lightbox[10615]\"><img loading=\"lazy\" class=\"alignleft size-thumbnail wp-image-10621\" src=\"http:\/\/semndecarte.metarsis.ro\/wp-content\/uploads\/2017\/01\/Dar_003-95x95.jpg\" alt=\"dar_003\" width=\"95\" height=\"95\" \/><\/a> <a href=\"http:\/\/semndecarte.metarsis.ro\/wp-content\/uploads\/2017\/01\/Dar_005.jpg\" rel=\"lightbox[10615]\"><img loading=\"lazy\" class=\"alignleft size-thumbnail wp-image-10622\" src=\"http:\/\/semndecarte.metarsis.ro\/wp-content\/uploads\/2017\/01\/Dar_005-95x95.jpg\" alt=\"dar_005\" width=\"95\" height=\"95\" \/><\/a>Au transmis g\u00e2nduri bune: dr. Felicia QUINT, ex-president LION\u2019S ONIX CLUB RE\u015eI\u0162A, Adrian COCO\u0218IL\u0102, president ROTARY CLUB RE\u015eI\u0162A, p\u0103rinte inspector pr. Mihai CIUCUR, Episcopia Caransebe\u0219. Evenimentul s-a bucurat de prezen\u021ba maestrului Sabin PAUTZA, pre\u0219edinte METARSIS.<\/p>\n<p style=\"text-align: justify;\"><a href=\"http:\/\/semndecarte.metarsis.ro\/wp-content\/uploads\/2017\/01\/Dar_013.jpg\" rel=\"lightbox[10615]\"><img loading=\"lazy\" class=\"alignleft size-thumbnail wp-image-10623\" src=\"http:\/\/semndecarte.metarsis.ro\/wp-content\/uploads\/2017\/01\/Dar_013-95x95.jpg\" alt=\"dar_013\" width=\"95\" height=\"95\" \/><\/a> <a href=\"http:\/\/semndecarte.metarsis.ro\/wp-content\/uploads\/2017\/01\/Dar_008.jpg\" rel=\"lightbox[10615]\"><img loading=\"lazy\" class=\"alignleft size-thumbnail wp-image-10624\" src=\"http:\/\/semndecarte.metarsis.ro\/wp-content\/uploads\/2017\/01\/Dar_008-95x95.jpg\" alt=\"dar_008\" width=\"95\" height=\"95\" \/><\/a> <a href=\"http:\/\/semndecarte.metarsis.ro\/wp-content\/uploads\/2017\/01\/Dar_009.jpg\" rel=\"lightbox[10615]\"><img loading=\"lazy\" class=\"alignleft size-thumbnail wp-image-10625\" src=\"http:\/\/semndecarte.metarsis.ro\/wp-content\/uploads\/2017\/01\/Dar_009-95x95.jpg\" alt=\"dar_009\" width=\"95\" height=\"95\" \/><\/a> <a href=\"http:\/\/semndecarte.metarsis.ro\/wp-content\/uploads\/2017\/01\/Dar_010.jpg\" rel=\"lightbox[10615]\"><img loading=\"lazy\" class=\"alignleft size-thumbnail wp-image-10626\" src=\"http:\/\/semndecarte.metarsis.ro\/wp-content\/uploads\/2017\/01\/Dar_010-95x95.jpg\" alt=\"dar_010\" width=\"95\" height=\"95\" \/><\/a> <a href=\"http:\/\/semndecarte.metarsis.ro\/wp-content\/uploads\/2017\/01\/Dar_012.jpg\" rel=\"lightbox[10615]\"><img loading=\"lazy\" class=\"alignleft size-thumbnail wp-image-10627\" src=\"http:\/\/semndecarte.metarsis.ro\/wp-content\/uploads\/2017\/01\/Dar_012-95x95.jpg\" alt=\"dar_012\" width=\"95\" height=\"95\" \/><\/a>Eveniment organizat de METARSIS- activit\u0103\u021bi \u0219i servicii de cultur\u0103 urban\u0103 \u0219i art\u0103 contemporan\u0103 \u00een parteneriat cu ROTARY CLUB RE\u015eI\u0162A, ROTARY COMMUNITY CORPS \u015fi LIONS ONIX CLUB RE\u015eI\u0162A, cu sprijinul PRIM\u0102RIEI RE\u015eI\u0162A, ECHOMED PRAXIS, REFFILL \u015fi al LICEULUI DE ARTE SABIN PAUTZA. Servicii profesionale: PIPERIUARTE. EU<\/p>\n<p style=\"text-align: justify;\"><a href=\"http:\/\/semndecarte.metarsis.ro\/wp-content\/uploads\/2017\/01\/Dar_014.jpg\" rel=\"lightbox[10615]\"><img loading=\"lazy\" class=\"alignleft size-thumbnail wp-image-10628\" src=\"http:\/\/semndecarte.metarsis.ro\/wp-content\/uploads\/2017\/01\/Dar_014-95x95.jpg\" alt=\"dar_014\" width=\"95\" height=\"95\" \/><\/a> <a href=\"http:\/\/semndecarte.metarsis.ro\/wp-content\/uploads\/2017\/01\/Dar_015.jpg\" rel=\"lightbox[10615]\"><img loading=\"lazy\" class=\"alignleft size-thumbnail wp-image-10629\" src=\"http:\/\/semndecarte.metarsis.ro\/wp-content\/uploads\/2017\/01\/Dar_015-95x95.jpg\" alt=\"dar_015\" width=\"95\" height=\"95\" \/><\/a> <a href=\"http:\/\/semndecarte.metarsis.ro\/wp-content\/uploads\/2017\/01\/Dar_016.jpg\" rel=\"lightbox[10615]\"><img loading=\"lazy\" class=\"alignleft size-thumbnail wp-image-10630\" src=\"http:\/\/semndecarte.metarsis.ro\/wp-content\/uploads\/2017\/01\/Dar_016-95x95.jpg\" alt=\"dar_016\" width=\"95\" height=\"95\" \/><\/a> <a href=\"http:\/\/semndecarte.metarsis.ro\/wp-content\/uploads\/2017\/01\/Dar_017.jpg\" rel=\"lightbox[10615]\"><img loading=\"lazy\" class=\"alignleft size-thumbnail wp-image-10631\" src=\"http:\/\/semndecarte.metarsis.ro\/wp-content\/uploads\/2017\/01\/Dar_017-95x95.jpg\" alt=\"dar_017\" width=\"95\" height=\"95\" \/><\/a> <a href=\"http:\/\/semndecarte.metarsis.ro\/wp-content\/uploads\/2017\/01\/Dar_018.jpg\" rel=\"lightbox[10615]\"><img loading=\"lazy\" class=\"alignleft size-thumbnail wp-image-10632\" src=\"http:\/\/semndecarte.metarsis.ro\/wp-content\/uploads\/2017\/01\/Dar_018-95x95.jpg\" alt=\"dar_018\" width=\"95\" height=\"95\" \/><\/a> <a href=\"http:\/\/semndecarte.metarsis.ro\/wp-content\/uploads\/2017\/01\/Dar_020.jpg\" rel=\"lightbox[10615]\"><img loading=\"lazy\" class=\"alignleft size-thumbnail wp-image-10633\" src=\"http:\/\/semndecarte.metarsis.ro\/wp-content\/uploads\/2017\/01\/Dar_020-95x95.jpg\" alt=\"dar_020\" width=\"95\" height=\"95\" \/><\/a> <a href=\"http:\/\/semndecarte.metarsis.ro\/wp-content\/uploads\/2017\/01\/Dar_021.jpg\" rel=\"lightbox[10615]\"><img loading=\"lazy\" class=\"alignleft size-thumbnail wp-image-10634\" src=\"http:\/\/semndecarte.metarsis.ro\/wp-content\/uploads\/2017\/01\/Dar_021-95x95.jpg\" alt=\"dar_021\" width=\"95\" height=\"95\" \/><\/a> <a href=\"http:\/\/semndecarte.metarsis.ro\/wp-content\/uploads\/2017\/01\/Dar_023.jpg\" rel=\"lightbox[10615]\"><img loading=\"lazy\" class=\"alignleft size-thumbnail wp-image-10635\" src=\"http:\/\/semndecarte.metarsis.ro\/wp-content\/uploads\/2017\/01\/Dar_023-95x95.jpg\" alt=\"dar_023\" width=\"95\" height=\"95\" \/><\/a> <a href=\"http:\/\/semndecarte.metarsis.ro\/wp-content\/uploads\/2017\/01\/Dar_024.jpg\" rel=\"lightbox[10615]\"><img loading=\"lazy\" class=\"alignleft size-thumbnail wp-image-10636\" src=\"http:\/\/semndecarte.metarsis.ro\/wp-content\/uploads\/2017\/01\/Dar_024-95x95.jpg\" alt=\"dar_024\" width=\"95\" height=\"95\" \/><\/a> <a href=\"http:\/\/semndecarte.metarsis.ro\/wp-content\/uploads\/2017\/01\/Dar_026.jpg\" rel=\"lightbox[10615]\"><img loading=\"lazy\" class=\"alignleft size-thumbnail wp-image-10637\" src=\"http:\/\/semndecarte.metarsis.ro\/wp-content\/uploads\/2017\/01\/Dar_026-95x95.jpg\" alt=\"dar_026\" width=\"95\" height=\"95\" \/><\/a><\/p>\n<p>&nbsp;<\/p>\n<p>&nbsp;<\/p>\n","protected":false},"excerpt":{"rendered":"<p>\u00cen ajunul AJUNULUI, vineri, 23 decembrie 2016,  am tr\u0103it bucuria de A FI \u00eempreun\u0103 la cea de-a treia edi\u021bie a concertului caritabil DAR DIN DAR SE FACE RAI.<\/p>\n","protected":false},"author":1,"featured_media":0,"comment_status":"open","ping_status":"open","sticky":false,"template":"","format":"standard","meta":[],"categories":[7],"tags":[657,423,654,421,656,655],"_links":{"self":[{"href":"https:\/\/semndecarte.metarsis.ro\/index.php?rest_route=\/wp\/v2\/posts\/10615"}],"collection":[{"href":"https:\/\/semndecarte.metarsis.ro\/index.php?rest_route=\/wp\/v2\/posts"}],"about":[{"href":"https:\/\/semndecarte.metarsis.ro\/index.php?rest_route=\/wp\/v2\/types\/post"}],"author":[{"embeddable":true,"href":"https:\/\/semndecarte.metarsis.ro\/index.php?rest_route=\/wp\/v2\/users\/1"}],"replies":[{"embeddable":true,"href":"https:\/\/semndecarte.metarsis.ro\/index.php?rest_route=%2Fwp%2Fv2%2Fcomments&post=10615"}],"version-history":[{"count":0,"href":"https:\/\/semndecarte.metarsis.ro\/index.php?rest_route=\/wp\/v2\/posts\/10615\/revisions"}],"wp:attachment":[{"href":"https:\/\/semndecarte.metarsis.ro\/index.php?rest_route=%2Fwp%2Fv2%2Fmedia&parent=10615"}],"wp:term":[{"taxonomy":"category","embeddable":true,"href":"https:\/\/semndecarte.metarsis.ro\/index.php?rest_route=%2Fwp%2Fv2%2Fcategories&post=10615"},{"taxonomy":"post_tag","embeddable":true,"href":"https:\/\/semndecarte.metarsis.ro\/index.php?rest_route=%2Fwp%2Fv2%2Ftags&post=10615"}],"curies":[{"name":"wp","href":"https:\/\/api.w.org\/{rel}","templated":true}]}}