{"id":10506,"date":"2016-11-04T21:49:34","date_gmt":"2016-11-04T19:49:34","guid":{"rendered":"http:\/\/semndecarte.metarsis.ro\/?p=10506"},"modified":"2016-11-04T21:49:34","modified_gmt":"2016-11-04T19:49:34","slug":"scoala-altfel-4","status":"publish","type":"post","link":"https:\/\/semndecarte.metarsis.ro\/?p=10506","title":{"rendered":"\u015ecoala altfel"},"content":{"rendered":"<p style=\"text-align: justify;\"><strong><a href=\"http:\/\/semndecarte.metarsis.ro\/wp-content\/uploads\/2016\/11\/cop1.jpg\" rel=\"lightbox[10506]\"><img loading=\"lazy\" class=\"alignleft size-full wp-image-10507\" src=\"http:\/\/semndecarte.metarsis.ro\/wp-content\/uploads\/2016\/11\/cop1.jpg\" alt=\"cop\" width=\"519\" height=\"216\" srcset=\"https:\/\/semndecarte.metarsis.ro\/wp-content\/uploads\/2016\/11\/cop1.jpg 519w, https:\/\/semndecarte.metarsis.ro\/wp-content\/uploads\/2016\/11\/cop1-160x67.jpg 160w, https:\/\/semndecarte.metarsis.ro\/wp-content\/uploads\/2016\/11\/cop1-163x68.jpg 163w\" sizes=\"(max-width: 519px) 100vw, 519px\" \/><\/a>Colegiul Economic al Banatului Montan la Semn de Carte<\/strong><\/p>\n<p style=\"text-align: justify;\">Proaspe\u021bii liceeni din clasele a IX-a B \u0219i a IX-a F de la Colegiul Economic al Banatului Montan, coordona\u021bi de prof. Valentina Mihu\u021b \u0219i prof. Roxana \u021aunea, au post prezen\u021bi, ast\u0103zi, 4 noiembrie 2016, la libr\u0103ria Semn de Carte din Re\u0219i\u021ba. Parte a Proiectului Educa\u021bional \u201d100 de c\u0103r\u021bi, 100 de z\u00e2mbete, 100 de prieteni\u201d\u00a0ini\u021biat de Societatea pentru Cultur\u0103 METARSIS- activit\u0103\u021bi \u0219i servicii de cultur\u0103 urban\u0103 \u0219i art\u0103 contemporan\u0103 \u00een parteneriat cu prestigiosul Colegiu Economic al Banatului Montan, evenimentul desf\u0103\u0219urat \u00een libr\u0103rie a\u00a0mijlocit \u00eent\u00e2lnirea tinerilor cu Ion \u0218tiubea, absolvent de Filozofie, profesor \u0219i jurnalist, corespondent pentru TVR \u0219i Radio Rom\u00e2nia din Israel, \u021bar\u0103 care l-a adoptat, \u00eempreun\u0103 cu familia, din 1988 \u0219i re\u00eentors, de cur\u00e2nd, \u201dacas\u0103\u201d. Despre c\u0103r\u021bi, despre z\u00e2mbete, prietenie \u0219i visul lor adolescentin (13 din 20, cam mult, nu?) de a pleca \u00een str\u0103in\u0103tate (pentru a c\u00e2\u0219tiga mai bine), despre \u201dmirajul vestului\u201d \u0219i ceea ce \u00eenseamn\u0103 s\u0103 fii rom\u00e2n \u00eentr-o alt\u0103 cultur\u0103, despre cum \u0219i cu ce trebuie s\u0103 se \u00eenarmeze \u00eenainte de-a se stabili \u00een alte \u021b\u0103ri,\u00a0despre capcane \u0219i situa\u021bii neprev\u0103zute, despre ce vor lua cu ei \u0219i, mai ales, ce vor l\u0103sa acas\u0103, despre ce-\u0219i doresc pentru Re\u0219i\u021ba \u0219i ce \u00eenseamn\u0103 ora\u0219ul pentru ei, despre cum \u0219i unde se v\u0103d, ei pe ei \u00een\u0219i\u0219i, peste 10 ani, s-a discutat, nonformal, \u00eentr-o or\u0103 de \u201d\u0219coala altfel\u201d;<!--more--> cu dorin\u021ba declarat\u0103 \u0219i speran\u021ba ca \u00eent\u00e2lnirea s\u0103-\u0219i fi atins scopul: acela de a-i con\u0219tientiza \u0219i \u00eendruma spre autocunoa\u0219tere, de a-i determina s\u0103-\u0219i valorizeze preocup\u0103rile, talentele \u0219i de a-\u0219i spori competen\u021bele, \u00eencuraj\u00e2ndu-i s\u0103-\u0219i manifeste creativitate, imagina\u021bia, urm\u0103rirea \u0219i \u00a0realizarea visurilor, aici sau oriunde. \u0218i de-ai apropia de CARTE. Fie ea tipografiat\u0103 sau digital\u0103.<\/p>\n<p style=\"text-align: justify;\"><a href=\"http:\/\/semndecarte.metarsis.ro\/wp-content\/uploads\/2016\/11\/Scoala-altfel-2016_001.jpg\" rel=\"lightbox[10506]\"><img loading=\"lazy\" class=\"size-thumbnail wp-image-10513 alignright\" src=\"http:\/\/semndecarte.metarsis.ro\/wp-content\/uploads\/2016\/11\/Scoala-altfel-2016_001-95x95.jpg\" alt=\"scoala-altfel-2016_001\" width=\"95\" height=\"95\" \/><\/a> <a href=\"http:\/\/semndecarte.metarsis.ro\/wp-content\/uploads\/2016\/11\/Scoala-altfel-2016_002.jpg\" rel=\"lightbox[10506]\"><img loading=\"lazy\" class=\"alignleft size-thumbnail wp-image-10514\" src=\"http:\/\/semndecarte.metarsis.ro\/wp-content\/uploads\/2016\/11\/Scoala-altfel-2016_002-95x95.jpg\" alt=\"scoala-altfel-2016_002\" width=\"95\" height=\"95\" \/><\/a> <a href=\"http:\/\/semndecarte.metarsis.ro\/wp-content\/uploads\/2016\/11\/Scoala-altfel-2016_003.jpg\" rel=\"lightbox[10506]\"><img loading=\"lazy\" class=\"alignleft size-thumbnail wp-image-10515\" src=\"http:\/\/semndecarte.metarsis.ro\/wp-content\/uploads\/2016\/11\/Scoala-altfel-2016_003-95x95.jpg\" alt=\"scoala-altfel-2016_003\" width=\"95\" height=\"95\" \/><\/a> <a href=\"http:\/\/semndecarte.metarsis.ro\/wp-content\/uploads\/2016\/11\/Scoala-altfel-2016_004.jpg\" rel=\"lightbox[10506]\"><img loading=\"lazy\" class=\"alignleft size-thumbnail wp-image-10516\" src=\"http:\/\/semndecarte.metarsis.ro\/wp-content\/uploads\/2016\/11\/Scoala-altfel-2016_004-95x95.jpg\" alt=\"scoala-altfel-2016_004\" width=\"95\" height=\"95\" \/><\/a> <a href=\"http:\/\/semndecarte.metarsis.ro\/wp-content\/uploads\/2016\/11\/Scoala-altfel-2016_005.jpg\" rel=\"lightbox[10506]\"><img loading=\"lazy\" class=\"alignleft size-thumbnail wp-image-10517\" src=\"http:\/\/semndecarte.metarsis.ro\/wp-content\/uploads\/2016\/11\/Scoala-altfel-2016_005-95x95.jpg\" alt=\"scoala-altfel-2016_005\" width=\"95\" height=\"95\" \/><\/a>\u00cent\u00e2lnirea a fost cuprins\u0103 \u00een programul na\u021bional \u201d\u0218coala altfel&#8221;, program care propune implicarea, deopotriv\u0103, a elevilor \u0219i a dasc\u0103lilor, \u00een activit\u0103\u021bi specifice extracurriculare \u0219i extra\u0219colare contribuind la \u00eembinarea, \u00eentr-un mod pl\u0103cut, a teoriei cu aplica\u021biile ei din via\u021ba de zi cu zi \u00eencerc\u00e2nd s\u0103 identific\u0103m solu\u021bii eficiente pentru problemele sociale \u0219i emo\u021bionale ale adolescen\u021bilor prezen\u021bi la \u00eent\u00e2lnire. Mul\u021bumirile organizatorilor adresate invitatului, prof. Ion \u0218tiubea, ziaristului Ionel Iva\u0219cu de la Jurnal de Cara\u015f-Severin &#8211; Caon \u0219i, nu \u00een ultimul r\u00e2nd, tinerilor liceeni. (Camelia Duca)<\/p>\n<p style=\"text-align: justify;\"><a href=\"http:\/\/semndecarte.metarsis.ro\/wp-content\/uploads\/2016\/11\/Scoala-altfel-2016_006.jpg\" rel=\"lightbox[10506]\"><img loading=\"lazy\" class=\"alignleft size-thumbnail wp-image-10518\" src=\"http:\/\/semndecarte.metarsis.ro\/wp-content\/uploads\/2016\/11\/Scoala-altfel-2016_006-95x95.jpg\" alt=\"scoala-altfel-2016_006\" width=\"95\" height=\"95\" \/><\/a> <a href=\"http:\/\/semndecarte.metarsis.ro\/wp-content\/uploads\/2016\/11\/Scoala-altfel-2016_007.jpg\" rel=\"lightbox[10506]\"><img loading=\"lazy\" class=\"alignleft size-thumbnail wp-image-10519\" src=\"http:\/\/semndecarte.metarsis.ro\/wp-content\/uploads\/2016\/11\/Scoala-altfel-2016_007-95x95.jpg\" alt=\"scoala-altfel-2016_007\" width=\"95\" height=\"95\" \/><\/a> <a href=\"http:\/\/semndecarte.metarsis.ro\/wp-content\/uploads\/2016\/11\/Scoala-altfel-2016_008.jpg\" rel=\"lightbox[10506]\"><img loading=\"lazy\" class=\"alignleft size-thumbnail wp-image-10520\" src=\"http:\/\/semndecarte.metarsis.ro\/wp-content\/uploads\/2016\/11\/Scoala-altfel-2016_008-95x95.jpg\" alt=\"scoala-altfel-2016_008\" width=\"95\" height=\"95\" \/><\/a> <a href=\"http:\/\/semndecarte.metarsis.ro\/wp-content\/uploads\/2016\/11\/Scoala-altfel-2016_009.jpg\" rel=\"lightbox[10506]\"><img loading=\"lazy\" class=\"alignleft size-thumbnail wp-image-10521\" src=\"http:\/\/semndecarte.metarsis.ro\/wp-content\/uploads\/2016\/11\/Scoala-altfel-2016_009-95x95.jpg\" alt=\"scoala-altfel-2016_009\" width=\"95\" height=\"95\" \/><\/a> <a href=\"http:\/\/semndecarte.metarsis.ro\/wp-content\/uploads\/2016\/11\/Scoala-altfel-2016_010.jpg\" rel=\"lightbox[10506]\"><img loading=\"lazy\" class=\"alignleft size-thumbnail wp-image-10522\" src=\"http:\/\/semndecarte.metarsis.ro\/wp-content\/uploads\/2016\/11\/Scoala-altfel-2016_010-95x95.jpg\" alt=\"scoala-altfel-2016_010\" width=\"95\" height=\"95\" \/><\/a>Organizator: METARSIS- activit\u0103\u021bi \u0219i servicii de cultur\u0103 urban\u0103 \u0219i art\u0103 contemporan\u0103 prin libr\u0103ria Semn de Carte \u00een parteneriat cu Colegiul Economic al Banatului Montan.<\/p>\n","protected":false},"excerpt":{"rendered":"<p>Proaspe\u021bii liceeni din clasele a IX-a B \u0219i a IX-a F de la Colegiul Economic al Banatului Montan, coordona\u021bi de prof. Valentina Mihu\u021b \u0219i prof. Roxana \u021aunea, au post prezen\u021bi, ast\u0103zi, 4 noiembrie 2016, la libr\u0103ria Semn de Carte din Re\u0219i\u021ba. Parte a Proiectului Educa\u021bional \u201d100 de c\u0103r\u021bi, 100 de z\u00e2mbete, 100 de prieteni\u201d ini\u021biat de Societatea pentru Cultur\u0103 METARSIS- activit\u0103\u021bi \u0219i servicii de cultur\u0103 urban\u0103 \u0219i art\u0103 contemporan\u0103 \u00een parteneriat cu prestigiosul Colegiu Economic al Banatului Montan, evenimentul desf\u0103\u0219urat \u00een libr\u0103rie a mijlocit \u00eent\u00e2lnirea tinerilor cu Ion \u0218tiubea, absolvent de Filozofie, profesor \u0219i jurnalist, corespondent pentru TVR \u0219i Radio Rom\u00e2nia din Israel, \u021bar\u0103 care l-a adoptat, \u00eempreun\u0103 cu familia, din 1988 \u0219i re\u00eentors, de cur\u00e2nd, \u201dacas\u0103\u201d.<\/p>\n","protected":false},"author":1,"featured_media":0,"comment_status":"open","ping_status":"open","sticky":false,"template":"","format":"standard","meta":[],"categories":[7],"tags":[634,423,361,424],"_links":{"self":[{"href":"https:\/\/semndecarte.metarsis.ro\/index.php?rest_route=\/wp\/v2\/posts\/10506"}],"collection":[{"href":"https:\/\/semndecarte.metarsis.ro\/index.php?rest_route=\/wp\/v2\/posts"}],"about":[{"href":"https:\/\/semndecarte.metarsis.ro\/index.php?rest_route=\/wp\/v2\/types\/post"}],"author":[{"embeddable":true,"href":"https:\/\/semndecarte.metarsis.ro\/index.php?rest_route=\/wp\/v2\/users\/1"}],"replies":[{"embeddable":true,"href":"https:\/\/semndecarte.metarsis.ro\/index.php?rest_route=%2Fwp%2Fv2%2Fcomments&post=10506"}],"version-history":[{"count":0,"href":"https:\/\/semndecarte.metarsis.ro\/index.php?rest_route=\/wp\/v2\/posts\/10506\/revisions"}],"wp:attachment":[{"href":"https:\/\/semndecarte.metarsis.ro\/index.php?rest_route=%2Fwp%2Fv2%2Fmedia&parent=10506"}],"wp:term":[{"taxonomy":"category","embeddable":true,"href":"https:\/\/semndecarte.metarsis.ro\/index.php?rest_route=%2Fwp%2Fv2%2Fcategories&post=10506"},{"taxonomy":"post_tag","embeddable":true,"href":"https:\/\/semndecarte.metarsis.ro\/index.php?rest_route=%2Fwp%2Fv2%2Ftags&post=10506"}],"curies":[{"name":"wp","href":"https:\/\/api.w.org\/{rel}","templated":true}]}}