{"id":10474,"date":"2016-11-01T20:18:16","date_gmt":"2016-11-01T18:18:16","guid":{"rendered":"http:\/\/semndecarte.metarsis.ro\/?p=10474"},"modified":"2016-11-01T20:18:16","modified_gmt":"2016-11-01T18:18:16","slug":"enescu-sunet-si-culoare-2","status":"publish","type":"post","link":"https:\/\/semndecarte.metarsis.ro\/?p=10474","title":{"rendered":"ENESCU, sunet \u0219i culoare"},"content":{"rendered":"<p style=\"text-align: justify;\"><strong>TURNEU NA\u021aIONAL<\/strong><\/p>\n<p style=\"text-align: justify;\"><a href=\"http:\/\/semndecarte.metarsis.ro\/wp-content\/uploads\/2016\/11\/cop2.jpg\" rel=\"lightbox[10474]\"><img loading=\"lazy\" class=\"alignleft size-full wp-image-10505\" src=\"http:\/\/semndecarte.metarsis.ro\/wp-content\/uploads\/2016\/11\/cop2.jpg\" alt=\"cop2\" width=\"520\" height=\"200\" srcset=\"https:\/\/semndecarte.metarsis.ro\/wp-content\/uploads\/2016\/11\/cop2.jpg 520w, https:\/\/semndecarte.metarsis.ro\/wp-content\/uploads\/2016\/11\/cop2-160x62.jpg 160w, https:\/\/semndecarte.metarsis.ro\/wp-content\/uploads\/2016\/11\/cop2-163x63.jpg 163w\" sizes=\"(max-width: 520px) 100vw, 520px\" \/><\/a>2016, anul \u00een care s-au \u00eemplinit, la 19 august, 135 de ani de la na\u0219terea renumitului compozitor, violonist, pedagog, pianist \u0219i dirijor George ENESCU, a fost marcat, original, prin TURNEUL NA\u021aIONAL\u00a0 \u201dENESCU, sunet \u0219i culoare\u201d. Proiectul cultural ini\u021biat de Asocia\u021bia Klavier ART din Bucure\u0219ti, co-finan\u021bat de Administra\u021bia Fondului Cultural Na\u021bional, a cuprins o serie de concerte- experiment \u00een 8 ora\u0219e din \u021bar\u0103 desf\u0103\u0219urate \u00een perioada septembrie- octombrie. \u00cencheierea proiectului a avut loc la Re\u0219i\u021ba \u00een seara zilei de 19 octombrie 2016, la sala LIRA a Liceului de Arte \u201dSabin PAUTZA\u201d, ora\u0219ul de pe B\u00e2rzava onor\u00e2nd, printr-o prezen\u021b\u0103 masiv\u0103, memoria celui consemnat \u00een istorie drept unul dintre cei mai de seam\u0103 oameni de cultur\u0103 ai secolului XX. <!--more-->Concertul a fost o premier\u0103 pentru publicul re\u0219i\u021bean nu prin repertoriu \u0219i protagoni\u0219ti- piani\u0219tii Corina R\u0102DUCANU \u0219i Eugen DUNITRESCU, prin Klavier Art, fiind partenerii Societ\u0103\u021bii pentru Cultur\u0103 METARSIS \u00een organizarea Festivalului Interna\u021bional SABIN PAUTZA \u00eenc\u0103 de la prima edi\u021bie din 2014, pianist M\u0103riuca POPA este laureat\u0103 a FISP \u00een dou\u0103 edi\u021bii: 2014 \u0219i 2015 anul acesta, la FISP ed. a III-a concert\u00e2nd al\u0103turi de t\u00e2n\u0103rul violonist Andrei RADU, premiera const\u00e2nd \u00een formatul interactiv, sincretic, format care a promovat nu numai muzica ci \u0219i artele plastice. Au participat, cu inim\u0103 deschis\u0103, la acest happening al artei contemporane \u00een care culoarea muzici enesciene a fost redat\u0103 prin pictur\u0103 de c\u0103tre publicul secolului XXI, 7 spectatori, speciali\u0219i de marc\u0103 ai domeniilor \u00een care activeaz\u0103, implica\u021bi direct \u00een via\u0163a socio-cultural\u0103 a urbei: ing. Paul VASILE, viceprimar al Re\u0219i\u021bei, prof. Nicoleta MARCU, director al Casei Corpului Didactic Cara\u0219-Severin, dr.\u00a0Felicia QUINT, medic specialist oftalmologie, past president Lion\u2019s Onix Club Re\u0219i\u021ba, conf. univ. dr. Liliana DACICA, membu \u00een conducerea Academiei Olimpice Cara\u0219-Severin \u0219i Rotary Club Re\u0219i\u021ba, ing. Cornelia DUNAREANU, jurnalist, realizator radio tv, cofondator Banat TV si Banat FM, ing. Nadia PASICI, reintoars\u0103 \u00een Re\u0219i\u021ba dup\u0103 aproape 20 de ani petrecu\u021bi \u00een America \u0219i, nu \u00een ultimul r\u00e2nd, micu\u021ba vilonist\u0103 Ana MOLDOVAN, clasa a IV-a, Liceul de Arte \u201dSabin Pautza\u201d Re\u0219i\u021ba. 7 busturi ale renumitului muzician, realizate de artistul plastic Maria P\u0103un din Bucure\u0219ti, au prins culoare \u00een timpul concertului, expresie a emo\u021biilor transmise de muzicieni. Pentru c\u0103, \u00eencep\u00e2nd cu \u00a0\u201dBalada\u201d, \u201dL\u0103utarul\u201d \u0219i \u201dNocturna\u201d cu Andrei RADU-vioar\u0103 \u0219i M\u0103riuca POPA \u2013pian, continu\u00e2nd cu \u201dRapsodia Rom\u00e2n\u0103\u201d op.11 nr. 2, cu manuscrisul inedit- \u00een premier\u0103 la Re\u0219i\u021ba- lucrare scris\u0103 la 17 ani, descoperit\u0103 \u00een arhivele Muzeului Na\u021bional GEORGE ENESCU- \u201dSuita pentru pian la patru m\u00e2ini (Prelude, Valse triste, Intermezzo, Courte Barcarolle, Marche)\u201d \u0219i, \u00een \u00eencheiere, Rapsodia Rom\u00e2n\u0103 op.11 nr.1 (transcrip\u0163ie pentru pian la patru m\u00e2ini Marius SIRETEANU) \u00een interpretarea piani\u0219tilor Corina R\u0102DUCANU \u0219i Eugen DUMITRESCU, interpret\u0103rile au fost de cel mai \u00eenalt nivel, armoniile pure \u0219i des\u0103v\u00e2r\u0219ite f\u0103c\u00e2nd din seara rece de octombrie una cald\u0103, de neuitat. Cu fiori de m\u00e2ndrie \u0219i contempla\u021bie extatic\u0103 a muzicii \u0219i a protagoni\u0219tilor, arti\u0219ti adev\u0103ra\u021bi care ne-au dezv\u0103luit, \u00eenc\u0103 o dat\u0103, \u201dcalea spre armonie, care e fericire \u0219i pace\u201d (George Enescu). Bucurie nem\u0103surat\u0103 la \u00eent\u00e2lnirea cu micu\u021ba Ioana, prunc n\u0103scut \u00een mai 2016 din dragostea a doi mari piani\u0219ti Corina \u0219i Eugen \u00een mai 2016, \u00een pres\u0103pt\u0103m\u00e2na FISP ed. a III-a (14-17 mai), pe care am considerat-o DAR binecuv\u00e2ntat \u0219i semn divin. Pentru c\u0103, Sabin PAUTZA, singura personalitate \u00een via\u021b\u0103 care are un FESTIVAL \u0219i un Liceu de Art\u0103 ce-i poart\u0103 numele, are o carier\u0103 remarcabil\u0103 \u00een Rom\u00e2nia \u0219i\u00a0America. Iar c\u00e2nd Ioana R\u0103ducanu- Dumitrescu va \u00eemplini 18 ani- v\u00e2rsta majoratului \u00een Rom\u00e2nia- noi vom s\u0103rb\u0103tori, sper\u0103m, majoratul american al FISP, 21 de ani. Via\u021b\u0103 lung\u0103, frumoas\u0103, armonioas\u0103 \u0219i plin\u0103 de bucurii Ioana. \u0218i FISP Re\u0219i\u021ba. (Camelia Duca)<\/p>\n<p style=\"text-align: justify;\"><a href=\"http:\/\/semndecarte.metarsis.ro\/wp-content\/uploads\/2016\/11\/Enescu_098.jpg\" rel=\"lightbox[10474]\"><img loading=\"lazy\" class=\"alignleft size-thumbnail wp-image-10475\" src=\"http:\/\/semndecarte.metarsis.ro\/wp-content\/uploads\/2016\/11\/Enescu_098-95x95.jpg\" alt=\"enescu_098\" width=\"95\" height=\"95\" \/><\/a> <a href=\"http:\/\/semndecarte.metarsis.ro\/wp-content\/uploads\/2016\/11\/Enescu_001.jpg\" rel=\"lightbox[10474]\"><img loading=\"lazy\" class=\"alignleft size-thumbnail wp-image-10476\" src=\"http:\/\/semndecarte.metarsis.ro\/wp-content\/uploads\/2016\/11\/Enescu_001-95x95.jpg\" alt=\"enescu_001\" width=\"95\" height=\"95\" \/><\/a> <a href=\"http:\/\/semndecarte.metarsis.ro\/wp-content\/uploads\/2016\/11\/Enescu_002.jpg\" rel=\"lightbox[10474]\"><img loading=\"lazy\" class=\"alignleft size-thumbnail wp-image-10477\" src=\"http:\/\/semndecarte.metarsis.ro\/wp-content\/uploads\/2016\/11\/Enescu_002-95x95.jpg\" alt=\"enescu_002\" width=\"95\" height=\"95\" \/><\/a> <a href=\"http:\/\/semndecarte.metarsis.ro\/wp-content\/uploads\/2016\/11\/Enescu_003.jpg\" rel=\"lightbox[10474]\"><img loading=\"lazy\" class=\"alignleft size-thumbnail wp-image-10478\" src=\"http:\/\/semndecarte.metarsis.ro\/wp-content\/uploads\/2016\/11\/Enescu_003-95x95.jpg\" alt=\"enescu_003\" width=\"95\" height=\"95\" \/><\/a> <a href=\"http:\/\/semndecarte.metarsis.ro\/wp-content\/uploads\/2016\/11\/Enescu_009.jpg\" rel=\"lightbox[10474]\"><img loading=\"lazy\" class=\"alignleft size-thumbnail wp-image-10479\" src=\"http:\/\/semndecarte.metarsis.ro\/wp-content\/uploads\/2016\/11\/Enescu_009-95x95.jpg\" alt=\"enescu_009\" width=\"95\" height=\"95\" \/><\/a> <a href=\"http:\/\/semndecarte.metarsis.ro\/wp-content\/uploads\/2016\/11\/Enescu_012.jpg\" rel=\"lightbox[10474]\"><img loading=\"lazy\" class=\"alignleft size-thumbnail wp-image-10480\" src=\"http:\/\/semndecarte.metarsis.ro\/wp-content\/uploads\/2016\/11\/Enescu_012-95x95.jpg\" alt=\"enescu_012\" width=\"95\" height=\"95\" \/><\/a> <a href=\"http:\/\/semndecarte.metarsis.ro\/wp-content\/uploads\/2016\/11\/Enescu_013.jpg\" rel=\"lightbox[10474]\"><img loading=\"lazy\" class=\"alignleft size-thumbnail wp-image-10481\" src=\"http:\/\/semndecarte.metarsis.ro\/wp-content\/uploads\/2016\/11\/Enescu_013-95x95.jpg\" alt=\"enescu_013\" width=\"95\" height=\"95\" \/><\/a> <a href=\"http:\/\/semndecarte.metarsis.ro\/wp-content\/uploads\/2016\/11\/Enescu_015.jpg\" rel=\"lightbox[10474]\"><img loading=\"lazy\" class=\"alignleft size-thumbnail wp-image-10482\" src=\"http:\/\/semndecarte.metarsis.ro\/wp-content\/uploads\/2016\/11\/Enescu_015-95x95.jpg\" alt=\"enescu_015\" width=\"95\" height=\"95\" \/><\/a> <a href=\"http:\/\/semndecarte.metarsis.ro\/wp-content\/uploads\/2016\/11\/Enescu_025.jpg\" rel=\"lightbox[10474]\"><img loading=\"lazy\" class=\"alignleft size-thumbnail wp-image-10483\" src=\"http:\/\/semndecarte.metarsis.ro\/wp-content\/uploads\/2016\/11\/Enescu_025-95x95.jpg\" alt=\"enescu_025\" width=\"95\" height=\"95\" \/><\/a> <a href=\"http:\/\/semndecarte.metarsis.ro\/wp-content\/uploads\/2016\/11\/Enescu_032.jpg\" rel=\"lightbox[10474]\"><img loading=\"lazy\" class=\"alignleft size-thumbnail wp-image-10484\" src=\"http:\/\/semndecarte.metarsis.ro\/wp-content\/uploads\/2016\/11\/Enescu_032-95x95.jpg\" alt=\"enescu_032\" width=\"95\" height=\"95\" \/><\/a> <a href=\"http:\/\/semndecarte.metarsis.ro\/wp-content\/uploads\/2016\/11\/Enescu_035.jpg\" rel=\"lightbox[10474]\"><img loading=\"lazy\" class=\"alignleft size-thumbnail wp-image-10485\" src=\"http:\/\/semndecarte.metarsis.ro\/wp-content\/uploads\/2016\/11\/Enescu_035-95x95.jpg\" alt=\"enescu_035\" width=\"95\" height=\"95\" \/><\/a> <a href=\"http:\/\/semndecarte.metarsis.ro\/wp-content\/uploads\/2016\/11\/Enescu_041.jpg\" rel=\"lightbox[10474]\"><img loading=\"lazy\" class=\"alignleft size-thumbnail wp-image-10486\" src=\"http:\/\/semndecarte.metarsis.ro\/wp-content\/uploads\/2016\/11\/Enescu_041-95x95.jpg\" alt=\"enescu_041\" width=\"95\" height=\"95\" \/><\/a> <a href=\"http:\/\/semndecarte.metarsis.ro\/wp-content\/uploads\/2016\/11\/Enescu_043.jpg\" rel=\"lightbox[10474]\"><img loading=\"lazy\" class=\"alignleft size-thumbnail wp-image-10487\" src=\"http:\/\/semndecarte.metarsis.ro\/wp-content\/uploads\/2016\/11\/Enescu_043-95x95.jpg\" alt=\"enescu_043\" width=\"95\" height=\"95\" \/><\/a> <a href=\"http:\/\/semndecarte.metarsis.ro\/wp-content\/uploads\/2016\/11\/Enescu_049.jpg\" rel=\"lightbox[10474]\"><img loading=\"lazy\" class=\"alignleft size-thumbnail wp-image-10488\" src=\"http:\/\/semndecarte.metarsis.ro\/wp-content\/uploads\/2016\/11\/Enescu_049-95x95.jpg\" alt=\"enescu_049\" width=\"95\" height=\"95\" \/><\/a> <a href=\"http:\/\/semndecarte.metarsis.ro\/wp-content\/uploads\/2016\/11\/Enescu_054.jpg\" rel=\"lightbox[10474]\"><img loading=\"lazy\" class=\"alignleft size-thumbnail wp-image-10489\" src=\"http:\/\/semndecarte.metarsis.ro\/wp-content\/uploads\/2016\/11\/Enescu_054-95x95.jpg\" alt=\"enescu_054\" width=\"95\" height=\"95\" \/><\/a> <a href=\"http:\/\/semndecarte.metarsis.ro\/wp-content\/uploads\/2016\/11\/Enescu_058.jpg\" rel=\"lightbox[10474]\"><img loading=\"lazy\" class=\"alignleft size-thumbnail wp-image-10490\" src=\"http:\/\/semndecarte.metarsis.ro\/wp-content\/uploads\/2016\/11\/Enescu_058-95x95.jpg\" alt=\"enescu_058\" width=\"95\" height=\"95\" \/><\/a> <a href=\"http:\/\/semndecarte.metarsis.ro\/wp-content\/uploads\/2016\/11\/Enescu_062.jpg\" rel=\"lightbox[10474]\"><img loading=\"lazy\" class=\"alignleft size-thumbnail wp-image-10491\" src=\"http:\/\/semndecarte.metarsis.ro\/wp-content\/uploads\/2016\/11\/Enescu_062-95x95.jpg\" alt=\"enescu_062\" width=\"95\" height=\"95\" \/><\/a> <a href=\"http:\/\/semndecarte.metarsis.ro\/wp-content\/uploads\/2016\/11\/Enescu_065.jpg\" rel=\"lightbox[10474]\"><img loading=\"lazy\" class=\"alignleft size-thumbnail wp-image-10492\" src=\"http:\/\/semndecarte.metarsis.ro\/wp-content\/uploads\/2016\/11\/Enescu_065-95x95.jpg\" alt=\"enescu_065\" width=\"95\" height=\"95\" \/><\/a> <a href=\"http:\/\/semndecarte.metarsis.ro\/wp-content\/uploads\/2016\/11\/Enescu_068.jpg\" rel=\"lightbox[10474]\"><img loading=\"lazy\" class=\"alignleft size-thumbnail wp-image-10493\" src=\"http:\/\/semndecarte.metarsis.ro\/wp-content\/uploads\/2016\/11\/Enescu_068-95x95.jpg\" alt=\"enescu_068\" width=\"95\" height=\"95\" \/><\/a> <a href=\"http:\/\/semndecarte.metarsis.ro\/wp-content\/uploads\/2016\/11\/Enescu_074.jpg\" rel=\"lightbox[10474]\"><img loading=\"lazy\" class=\"alignleft size-thumbnail wp-image-10494\" src=\"http:\/\/semndecarte.metarsis.ro\/wp-content\/uploads\/2016\/11\/Enescu_074-95x95.jpg\" alt=\"enescu_074\" width=\"95\" height=\"95\" \/><\/a> <a href=\"http:\/\/semndecarte.metarsis.ro\/wp-content\/uploads\/2016\/11\/Enescu_075.jpg\" rel=\"lightbox[10474]\"><img loading=\"lazy\" class=\"alignleft size-thumbnail wp-image-10495\" src=\"http:\/\/semndecarte.metarsis.ro\/wp-content\/uploads\/2016\/11\/Enescu_075-95x95.jpg\" alt=\"enescu_075\" width=\"95\" height=\"95\" \/><\/a> <a href=\"http:\/\/semndecarte.metarsis.ro\/wp-content\/uploads\/2016\/11\/Enescu_080.jpg\" rel=\"lightbox[10474]\"><img loading=\"lazy\" class=\"alignleft size-thumbnail wp-image-10496\" src=\"http:\/\/semndecarte.metarsis.ro\/wp-content\/uploads\/2016\/11\/Enescu_080-95x95.jpg\" alt=\"enescu_080\" width=\"95\" height=\"95\" \/><\/a> <a href=\"http:\/\/semndecarte.metarsis.ro\/wp-content\/uploads\/2016\/11\/Enescu_082.jpg\" rel=\"lightbox[10474]\"><img loading=\"lazy\" class=\"alignleft size-thumbnail wp-image-10497\" src=\"http:\/\/semndecarte.metarsis.ro\/wp-content\/uploads\/2016\/11\/Enescu_082-95x95.jpg\" alt=\"enescu_082\" width=\"95\" height=\"95\" \/><\/a> <a href=\"http:\/\/semndecarte.metarsis.ro\/wp-content\/uploads\/2016\/11\/Enescu_083.jpg\" rel=\"lightbox[10474]\"><img loading=\"lazy\" class=\"alignleft size-thumbnail wp-image-10498\" src=\"http:\/\/semndecarte.metarsis.ro\/wp-content\/uploads\/2016\/11\/Enescu_083-95x95.jpg\" alt=\"enescu_083\" width=\"95\" height=\"95\" \/><\/a> <a href=\"http:\/\/semndecarte.metarsis.ro\/wp-content\/uploads\/2016\/11\/Enescu_085.jpg\" rel=\"lightbox[10474]\"><img loading=\"lazy\" class=\"alignleft size-thumbnail wp-image-10499\" src=\"http:\/\/semndecarte.metarsis.ro\/wp-content\/uploads\/2016\/11\/Enescu_085-95x95.jpg\" alt=\"enescu_085\" width=\"95\" height=\"95\" \/><\/a> <a href=\"http:\/\/semndecarte.metarsis.ro\/wp-content\/uploads\/2016\/11\/Enescu_088.jpg\" rel=\"lightbox[10474]\"><img loading=\"lazy\" class=\"alignleft size-thumbnail wp-image-10500\" src=\"http:\/\/semndecarte.metarsis.ro\/wp-content\/uploads\/2016\/11\/Enescu_088-95x95.jpg\" alt=\"enescu_088\" width=\"95\" height=\"95\" \/><\/a> <a href=\"http:\/\/semndecarte.metarsis.ro\/wp-content\/uploads\/2016\/11\/Enescu_089.jpg\" rel=\"lightbox[10474]\"><img loading=\"lazy\" class=\"alignleft size-thumbnail wp-image-10501\" src=\"http:\/\/semndecarte.metarsis.ro\/wp-content\/uploads\/2016\/11\/Enescu_089-95x95.jpg\" alt=\"enescu_089\" width=\"95\" height=\"95\" \/><\/a> <a href=\"http:\/\/semndecarte.metarsis.ro\/wp-content\/uploads\/2016\/11\/Enescu_090.jpg\" rel=\"lightbox[10474]\"><img loading=\"lazy\" class=\"alignleft size-thumbnail wp-image-10502\" src=\"http:\/\/semndecarte.metarsis.ro\/wp-content\/uploads\/2016\/11\/Enescu_090-95x95.jpg\" alt=\"enescu_090\" width=\"95\" height=\"95\" \/><\/a> <a href=\"http:\/\/semndecarte.metarsis.ro\/wp-content\/uploads\/2016\/11\/Enescu_092.jpg\" rel=\"lightbox[10474]\"><img loading=\"lazy\" class=\"alignleft size-thumbnail wp-image-10503\" src=\"http:\/\/semndecarte.metarsis.ro\/wp-content\/uploads\/2016\/11\/Enescu_092-95x95.jpg\" alt=\"enescu_092\" width=\"95\" height=\"95\" \/><\/a> <a href=\"http:\/\/semndecarte.metarsis.ro\/wp-content\/uploads\/2016\/11\/Enescu_095.jpg\" rel=\"lightbox[10474]\"><img loading=\"lazy\" class=\"alignleft size-thumbnail wp-image-10504\" src=\"http:\/\/semndecarte.metarsis.ro\/wp-content\/uploads\/2016\/11\/Enescu_095-95x95.jpg\" alt=\"enescu_095\" width=\"95\" height=\"95\" \/><\/a>Mul\u021bunirile noastre Prim\u0103riei \u0219i Consiliului Local Re\u0219i\u021ba.<\/p>\n<p style=\"text-align: justify;\">Organizator Asocia\u021bia Klavier ART. Partener principal: Casa de Cultur\u0103 din R\u0103d\u0103u\u021bi. Parteneri culturali: Muzeul Na\u021bional George Enescu Bucure\u0219ti, Muzeul Jude\u021bean Boto\u0219ani, Centrul Cultural Aurel Stroe Bu\u0219teni, Casa Or\u0103\u0219eneasc\u0103 de Cultur\u0103 Covasna, \u0218coala Gimnazial\u0103 Vaskertes Gheorgheni, Casa de Cultur\u0103 Constantin Br\u00e2ncoveanu Horezu, \u0218coala I.G.Duca Petro\u0219ani \u0219i Societatea pentru Cultur\u0103 METARSIS Re\u0219i\u021ba.<\/p>\n","protected":false},"excerpt":{"rendered":"<p>URNEU NA\u021aIONAL<\/p>\n<p>2016, anul \u00een care s-au \u00eemplinit, la 19 august, 135 de ani de la na\u0219terea renumitului compozitor, violonist, pedagog, pianist \u0219i dirijor George ENESCU, a fost marcat, original, prin TURNEUL NA\u021aIONAL  \u201dENESCU, sunet \u0219i culoare\u201d. Proiectul cultural ini\u021biat de Asocia\u021bia Klavier ART din Bucure\u0219ti, co-finan\u021bat de Administra\u021bia Fondului Cultural Na\u021bional, a cuprins o serie de concerte- experiment \u00een 8 ora\u0219e din \u021bar\u0103 desf\u0103\u0219urate \u00een perioada septembrie- octombrie. \u00cencheierea proiectului a avut loc la Re\u0219i\u021ba \u00een seara zilei de 19 octombrie 2016, la sala LIRA a Liceului de Arte \u201dSabin PAUTZA\u201d, ora\u0219ul de pe B\u00e2rzava onor\u00e2nd, printr-o prezen\u021b\u0103 masiv\u0103, memoria celui consemnat \u00een istorie drept unul dintre cei mai de seam\u0103 oameni de cultur\u0103 ai secolului XX<\/p>\n","protected":false},"author":1,"featured_media":0,"comment_status":"open","ping_status":"open","sticky":false,"template":"","format":"standard","meta":[],"categories":[7],"tags":[631,632,423,243,421,422,633],"_links":{"self":[{"href":"https:\/\/semndecarte.metarsis.ro\/index.php?rest_route=\/wp\/v2\/posts\/10474"}],"collection":[{"href":"https:\/\/semndecarte.metarsis.ro\/index.php?rest_route=\/wp\/v2\/posts"}],"about":[{"href":"https:\/\/semndecarte.metarsis.ro\/index.php?rest_route=\/wp\/v2\/types\/post"}],"author":[{"embeddable":true,"href":"https:\/\/semndecarte.metarsis.ro\/index.php?rest_route=\/wp\/v2\/users\/1"}],"replies":[{"embeddable":true,"href":"https:\/\/semndecarte.metarsis.ro\/index.php?rest_route=%2Fwp%2Fv2%2Fcomments&post=10474"}],"version-history":[{"count":0,"href":"https:\/\/semndecarte.metarsis.ro\/index.php?rest_route=\/wp\/v2\/posts\/10474\/revisions"}],"wp:attachment":[{"href":"https:\/\/semndecarte.metarsis.ro\/index.php?rest_route=%2Fwp%2Fv2%2Fmedia&parent=10474"}],"wp:term":[{"taxonomy":"category","embeddable":true,"href":"https:\/\/semndecarte.metarsis.ro\/index.php?rest_route=%2Fwp%2Fv2%2Fcategories&post=10474"},{"taxonomy":"post_tag","embeddable":true,"href":"https:\/\/semndecarte.metarsis.ro\/index.php?rest_route=%2Fwp%2Fv2%2Ftags&post=10474"}],"curies":[{"name":"wp","href":"https:\/\/api.w.org\/{rel}","templated":true}]}}