{"id":10408,"date":"2016-10-29T16:17:10","date_gmt":"2016-10-29T14:17:10","guid":{"rendered":"http:\/\/semndecarte.metarsis.ro\/?p=10408"},"modified":"2016-10-29T16:17:10","modified_gmt":"2016-10-29T14:17:10","slug":"timisoara-1716-2016","status":"publish","type":"post","link":"https:\/\/semndecarte.metarsis.ro\/?p=10408","title":{"rendered":"Timi\u0219oara 1716- 2016"},"content":{"rendered":"<p style=\"text-align: justify;\"><strong>Claudiu C\u0102LIN, istoric, arhivar al Diecezei romano-catolice de Timi\u0219oara<\/strong><\/p>\n<p style=\"text-align: justify;\"><a href=\"http:\/\/semndecarte.metarsis.ro\/wp-content\/uploads\/2016\/10\/cop4.jpg\" rel=\"lightbox[10408]\"><img loading=\"lazy\" class=\"alignleft size-full wp-image-10424\" src=\"http:\/\/semndecarte.metarsis.ro\/wp-content\/uploads\/2016\/10\/cop4.jpg\" alt=\"cop\" width=\"520\" height=\"217\" srcset=\"https:\/\/semndecarte.metarsis.ro\/wp-content\/uploads\/2016\/10\/cop4.jpg 520w, https:\/\/semndecarte.metarsis.ro\/wp-content\/uploads\/2016\/10\/cop4-160x67.jpg 160w, https:\/\/semndecarte.metarsis.ro\/wp-content\/uploads\/2016\/10\/cop4-163x68.jpg 163w\" sizes=\"(max-width: 520px) 100vw, 520px\" \/><\/a>A XXVI-a edi\u021bie a Decadei Culturii Germane \u00een Banatul Montan, desf\u0103\u0219urat\u0103 \u00een jude\u021bul Cara\u0219-Severin \u00eentre 7-16 octombrie 2016, cel mai important ciclu de manifest\u0103ri culturale ale etniei germane din acest spa\u0163iu binecuv\u00e2ntat, a cuprins, al\u0103turi de: liturghii de Hram, parade ale portului popular german, expozi\u021bii, recitalurii, concerte, lans\u0103ri de carte, conferin\u021be, lecturi literare cu desf\u0103\u0219urare ampl\u0103 \u00een Anina \u2013 Steierdorf, Boc\u015fa, Dognecea, G\u0103r\u00e2na, Oravi\u021ba, O\u0163elu Ro\u015fu, Re\u015fi\u0163a, Sasca Montan\u0103 \u015fi Tirol, prelegerea sus\u021binut\u0103, luni 10 octombrie 2016, la libr\u0103ria re\u0219i\u021bean\u0103 Semn de Carte de istoricul\u00a0<strong>Claudiu C\u0102LIN<\/strong>, arhivar \u00een cadrul Diecezei romano-catolice de Timi\u0219oara, sub genericul \u201e<strong>300 de ani de la eliberarea Timi\u0219oarei \u0219i evenimentele jubiliare organizate de Episcopia Romano-Catolic\u0103 de Timi\u0219oara<\/strong>\u201d.<!--more--> \u201d\u2026\u00a0Istoria, arhitectura, dar mai ales popula\u0163ia Timi\u015foarei au suferit transform\u0103ri majore, datorit\u0103 apartenen\u0163ei succesive la diferitele state din regiune. Dup\u0103 c\u00e2teva secole ca parte a coroanei maghiare, au urmat 164 de ani de st\u0103p\u00e2nire otoman\u0103, \u00eencheia\u0163i prin cucerirea cet\u0103\u0163ii de c\u0103tre trupele habsburgice&#8230; Dincolo de dificult\u0103\u0163ile inerente oric\u0103rui \u00eenceput, Timi\u015foara \u00ee\u015fi stabile\u015fte o traiectorie a ei prin veacuri \u015fi istorie, caracterizat\u0103 printr-o accentuat\u0103 tendin\u0163\u0103 identitar\u0103 local\u0103, rezultat\u0103 din melange-ul multicolor al con\u015ftiin\u0163elor europene care o formeaz\u0103&#8230;\u00a0 Anul acesta ora\u0219ul Timi\u0219oara \u0219i \u00eentreg Banatul marcheaz\u0103 jubileul de 300 de ani de la Eliberarea Timi\u0219oarei de sub st\u0103p\u00e2nirea otoman\u0103.\u00a0Evenimentul nu este doar unul istoric ori politico-militar, el \u00eensemn\u00e2nd mai ales pentru ora\u0219 \u0219i pentru Biserica Romano-Catolic\u0103, rena\u0219terea vie\u021bii cre\u0219tine \u0219i refacerea din temelii a vechii Dieceze de Cenad. \u00cen lumina acestor fapte, Episcopii catolici cu re\u0219edin\u021ba la Timi\u0219oara au marcat \u00een 1816 jubileul de un veac de la eliberarea urbei, iar \u00een 1916 \u2013 de\u0219i se aflau \u00een toiul primei conflagra\u021bii mondiale \u2013 jubileul de dou\u0103 sute de ani. \u00censcriindu-se \u00een acest \u0219ir de anivers\u0103ri \u0219i av\u00e2nd inten\u021bia de a p\u0103stra vie memoria \u0219i de a cinsti istoria ora\u0219ului nostru, Episcopia noastr\u0103 organizeaz\u0103, respectiv particip\u0103 la evenimente jubiliare\u201d a precizat, dup\u0103 scurta \u0219i admirabila lec\u021bie de istorie a Timi\u0219oarei, Claudiu C\u0102LIN, invit\u00e2nd publicul prezent \u0219i re\u0219i\u021benii, \u00een special, s\u0103 participe la evenimentele organizate \u00een perioada 12-18 octombrie 2016 de Episcopia Romano-Catolic\u0103 de Timi\u0219oara\u2026\u201d a spus, printre altele, \u00a0istoricul Claudiu C\u0103lin.\u00a0Despre evenimente, acesta a men\u021bionat:\u00a0<strong>Miercuri, 12 octombrie 2016, orele 16.00<\/strong>, \u00a0la\u00a0<strong>Re\u0219edin\u021ba Episcopal\u0103\u00a0<\/strong>din str.\u00a0Augustin Pacha nr. 4 vernisarea expozi\u021biei \u201e<strong>Timi\u0219oara 1716. \u00cenceputurile unui ora\u0219 european<\/strong>\u201e (expozi\u021bie care a fost deschis\u0103 \u00eentre lunile iulie-septembrie \u00een Bastionul Theresia, sediul actual al Muzeului Na\u021bional al Banatului.<\/p>\n<p style=\"text-align: justify;\"><a href=\"http:\/\/semndecarte.metarsis.ro\/wp-content\/uploads\/2016\/10\/033.jpg\" rel=\"lightbox[10408]\"><img loading=\"lazy\" class=\"alignleft size-thumbnail wp-image-10409\" src=\"http:\/\/semndecarte.metarsis.ro\/wp-content\/uploads\/2016\/10\/033-95x95.jpg\" alt=\"03\" width=\"95\" height=\"95\" \/><\/a> <a href=\"http:\/\/semndecarte.metarsis.ro\/wp-content\/uploads\/2016\/10\/083.jpg\" rel=\"lightbox[10408]\"><img loading=\"lazy\" class=\"alignleft size-thumbnail wp-image-10410\" src=\"http:\/\/semndecarte.metarsis.ro\/wp-content\/uploads\/2016\/10\/083-95x95.jpg\" alt=\"08\" width=\"95\" height=\"95\" \/><\/a> <a href=\"http:\/\/semndecarte.metarsis.ro\/wp-content\/uploads\/2016\/10\/093.jpg\" rel=\"lightbox[10408]\"><img loading=\"lazy\" class=\"alignleft size-thumbnail wp-image-10411\" src=\"http:\/\/semndecarte.metarsis.ro\/wp-content\/uploads\/2016\/10\/093-95x95.jpg\" alt=\"09\" width=\"95\" height=\"95\" \/><\/a> <a href=\"http:\/\/semndecarte.metarsis.ro\/wp-content\/uploads\/2016\/10\/132.jpg\" rel=\"lightbox[10408]\"><img loading=\"lazy\" class=\"alignleft size-thumbnail wp-image-10412\" src=\"http:\/\/semndecarte.metarsis.ro\/wp-content\/uploads\/2016\/10\/132-95x95.jpg\" alt=\"13\" width=\"95\" height=\"95\" \/><\/a> <a href=\"http:\/\/semndecarte.metarsis.ro\/wp-content\/uploads\/2016\/10\/012.jpg\" rel=\"lightbox[10408]\"><img loading=\"lazy\" class=\"alignleft size-thumbnail wp-image-10413\" src=\"http:\/\/semndecarte.metarsis.ro\/wp-content\/uploads\/2016\/10\/012-95x95.jpg\" alt=\"01\" width=\"95\" height=\"95\" \/><\/a>Vizitatorii au ocazia s\u0103 vizioneze, \u00een spa\u021biul renovat al Muzeului Diecezan, dar mai ales marcat de arhitectura \u0219i atmosfera secolului al XVIII-lea, o expozi\u021bie care con\u021bine \u0219i o serie de elemente noi, fa\u021b\u0103 de ceea ce a putut fi admirat p\u00e2n\u0103 acum. La organizarea acestei expozi\u021bii, realizat\u0103 de Episcopia Romano-Catolic\u0103 de Timi\u0219oara \u0219i de Muzeul Na\u021bional al Banatului, au contribuit: Consiliul Jude\u021bean Timi\u0219, Prim\u0103ria Municipiului Timi\u0219oara, Episcopia Ortodox\u0103 S\u00e2rb\u0103 de Timi\u0219oara, Mitropolia Banatului \u2013 Arhiepiscopia Ortodox\u0103 Rom\u00e2n\u0103 a Timi\u0219oarei, Episcopia Rom\u00e2n\u0103 Unit\u0103 cu Roma, Greco-Catolic\u0103 de Lugoj, Serviciul Jude\u021bean Timi\u0219 al Arhivelor Na\u021bionale ale Rom\u00e2niei, Biblioteca Jude\u021bean\u0103 Timi\u0219 \u201eSorin Titel\u201d, TVR Timi\u0219oara, Casa de Cultur\u0103 a Municipiului Timi\u0219oara, Asocia\u021bia General\u0103 a \u0218vabilor B\u0103n\u0103\u021beni (Landsmannschaft der Banater Schwaben), Uniunea S\u00e2rbilor din Rom\u00e2nia (\u0421\u0430\u0432\u0435\u0437\u00a0\u0421\u0440\u0431\u0430\u00a0\u0443\u00a0\u0420\u0443\u043c\u0443\u043d\u0438\u0458\u0438), Asocia\u021bia de Ajutorare a \u0218vabilor B\u0103n\u0103\u021beni (Hilfswerk der Banater Schwaben) \u0219i Comunitatea Evreilor din Timi\u0219oara. Reamenajarea expozi\u021biei, \u00een sediul episcopiei, a beneficiat \u0219i de consilierea de specialitate a d-nei dr. Dorina Sabina P\u00e2rvulescu, a d-nei Nicoleta Demian, a d-nei drd.\u00a0Angela Horvath, a d-lui arhitect Mihai Botescu a d-lui Stevan Bugarski \u0219i a d-lui drd. Zoran Markov. Curatorii expozi\u021biei sunt d-nul drd. Claudiu C\u0103lin, arhivist diecezan, istoric \u0219i d-nul dr. Ciprian Gl\u0103van, muzeograf, istoric).<\/p>\n<p style=\"text-align: justify;\"><strong><a href=\"http:\/\/semndecarte.metarsis.ro\/wp-content\/uploads\/2016\/10\/122.jpg\" rel=\"lightbox[10408]\"><img loading=\"lazy\" class=\"alignleft size-thumbnail wp-image-10414\" src=\"http:\/\/semndecarte.metarsis.ro\/wp-content\/uploads\/2016\/10\/122-95x95.jpg\" alt=\"12\" width=\"95\" height=\"95\" \/><\/a> <a href=\"http:\/\/semndecarte.metarsis.ro\/wp-content\/uploads\/2016\/10\/043.jpg\" rel=\"lightbox[10408]\"><img loading=\"lazy\" class=\"alignleft size-thumbnail wp-image-10415\" src=\"http:\/\/semndecarte.metarsis.ro\/wp-content\/uploads\/2016\/10\/043-95x95.jpg\" alt=\"04\" width=\"95\" height=\"95\" \/><\/a> <a href=\"http:\/\/semndecarte.metarsis.ro\/wp-content\/uploads\/2016\/10\/053.jpg\" rel=\"lightbox[10408]\"><img loading=\"lazy\" class=\"alignleft size-thumbnail wp-image-10416\" src=\"http:\/\/semndecarte.metarsis.ro\/wp-content\/uploads\/2016\/10\/053-95x95.jpg\" alt=\"05\" width=\"95\" height=\"95\" \/><\/a> <a href=\"http:\/\/semndecarte.metarsis.ro\/wp-content\/uploads\/2016\/10\/062.jpg\" rel=\"lightbox[10408]\"><img loading=\"lazy\" class=\"alignleft size-thumbnail wp-image-10417\" src=\"http:\/\/semndecarte.metarsis.ro\/wp-content\/uploads\/2016\/10\/062-95x95.jpg\" alt=\"06\" width=\"95\" height=\"95\" \/><\/a> <a href=\"http:\/\/semndecarte.metarsis.ro\/wp-content\/uploads\/2016\/10\/102.jpg\" rel=\"lightbox[10408]\"><img loading=\"lazy\" class=\"alignleft size-thumbnail wp-image-10418\" src=\"http:\/\/semndecarte.metarsis.ro\/wp-content\/uploads\/2016\/10\/102-95x95.jpg\" alt=\"10\" width=\"95\" height=\"95\" \/><\/a>Vineri-S\u00e2mb\u0103t\u0103, 14-15 octombrie 2016<\/strong>, Episcopia Romano-Catolic\u0103 de Timi\u0219oara a participat, al\u0103turi de organizatorul principal, Academia Rom\u00e2n\u0103, Filiala Timi\u0219oara, la o sesiune \u0219tiin\u021bific\u0103 interna\u021bional\u0103 organizat\u0103 la\u00a0<strong>sediul filialei Academiei<\/strong>, bulevardul Mihai Viteazu nr. 24, purt\u00e2nd titlul: \u201e<strong>Timi\u0219oara 1716\u20132016. O istorie european\u0103<\/strong>\u201e ( \u00cen cadrul sesiunii a fost prezentat\u0103 \u0219i comunicarea: \u201eDieceza de Cenad \u0219i Episcopii ei \u00eentre 1710-1777. Eliberarea Timi\u0219oarei \u0219i a Banatului \u0219i rea\u0219ezarea vie\u021bii religioase catolice \u00een teritoriul Episcopiei\u201d sus\u021binut\u0103 de istoricul \u00a0Claudiu C\u0103lin, arhivist diecezan. Organizatorii acestei manifest\u0103ri au fost: Academia Rom\u00e2n\u0103 \u2013 Filiala Timi\u0219oara, Institutul de Studii Banatice \u201eTitu Maiorescu\u201d, Universitatea de Vest Timi\u0219oara, Universitatea Politehnic\u0103 Timi\u0219oara, Prim\u0103ria Municipiului \u0219i Consiliul Local Timi\u0219oara, Consiliul Jude\u021bean Timi\u0219, Universitatea de Medicin\u0103 \u0219i Farmacie \u201eVictor Babe\u0219\u201d, Timi\u0219oara, Universitatea de \u0218tiin\u021be Agricole \u0219i Medicin\u0103 Veterinar\u0103 a Banatului, Timi\u0219oara, Mitropolia Banatului, Episcopia Romano-Catolic\u0103 de Timi\u0219oara, Muzeul Na\u021bional al Banatului, Muzeul de Art\u0103, Timi\u0219oara, Muzeul Banatului Montan, Re\u0219i\u021ba, Serviciul Jude\u021bean al Arhivelor Na\u021bionale Timi\u0219, Funda\u021bia Politehnica Timi\u0219oara, Direc\u021bia pentru Cultur\u0103, Culte \u0219i Patrimoniul Cultural Na\u021bional Timi\u0219, Centrul de Cultur\u0103 \u0219i Art\u0103 Timi\u0219, Casa de Cultur\u0103 a Municipiului Timi\u0219oara. Colaboreaz\u0103: Ambasada Austriei la Bucure\u0219ti)\u00a0. \u00a0<strong>Duminic\u0103, 16 octombrie 2016<\/strong>, la orele 10.00, a fost celebrat\u0103 \u00een\u00a0<strong>Domul Sf. Gheorghe<\/strong>,\u00a0<strong>Catedrala Romano-Catolic\u0103 din Timi\u0219oara<\/strong>, o\u00a0<strong>Sf\u00e2nt\u0103 Liturghie Pontifical\u0103<\/strong>\u00a0\u00een cadrul c\u0103reia a fost marcat acest important jubileu al Timi\u0219oarei. ( Celebrantul principal a fost Excelen\u021ba Sa Miguel Maury Buend\u00eda, Nun\u021biu Apostolic \u00een Rom\u00e2nia \u0219i Republica Moldova, \u00een concelebrare cu mai mul\u021bi Arhiepiscopi \u0219i Episcopi din \u021bar\u0103 \u0219i str\u0103in\u0103tate. Cadrul muzical a fost asigurat de muzicieni, membri ai Chorus&amp;Capella Ecclesiae Cathedralis, afla\u021bi sub conducerea concertmaestrului dr. Johann Fernbach, dirijor dr. Walter Kindl. Participan\u021bii au fost \u00eendemna\u021bi s\u0103 \u00eenal\u021be rug\u0103ciuni pentru to\u021bi cei care au f\u0103cut posibil\u0103, prin jertf\u0103, lupt\u0103 \u0219i eforturile lor, exercitarea \u00een libertate a credin\u021bei catolice, at\u00e2t acum 300 de ani, dar \u0219i \u00een decursul vremurilor, p\u00e2n\u0103 \u00een zilele noastre).<\/p>\n<p style=\"text-align: justify;\"><strong><a href=\"http:\/\/semndecarte.metarsis.ro\/wp-content\/uploads\/2016\/10\/022.jpg\" rel=\"lightbox[10408]\"><img loading=\"lazy\" class=\"alignleft size-thumbnail wp-image-10419\" src=\"http:\/\/semndecarte.metarsis.ro\/wp-content\/uploads\/2016\/10\/022-95x95.jpg\" alt=\"02\" width=\"95\" height=\"95\" \/><\/a> <a href=\"http:\/\/semndecarte.metarsis.ro\/wp-content\/uploads\/2016\/10\/073.jpg\" rel=\"lightbox[10408]\"><img loading=\"lazy\" class=\"alignleft size-thumbnail wp-image-10420\" src=\"http:\/\/semndecarte.metarsis.ro\/wp-content\/uploads\/2016\/10\/073-95x95.jpg\" alt=\"07\" width=\"95\" height=\"95\" \/><\/a> <a href=\"http:\/\/semndecarte.metarsis.ro\/wp-content\/uploads\/2016\/10\/113.jpg\" rel=\"lightbox[10408]\"><img loading=\"lazy\" class=\"alignleft size-thumbnail wp-image-10421\" src=\"http:\/\/semndecarte.metarsis.ro\/wp-content\/uploads\/2016\/10\/113-95x95.jpg\" alt=\"11\" width=\"95\" height=\"95\" \/><\/a> <a href=\"http:\/\/semndecarte.metarsis.ro\/wp-content\/uploads\/2016\/10\/143.jpg\" rel=\"lightbox[10408]\"><img loading=\"lazy\" class=\"alignleft size-thumbnail wp-image-10422\" src=\"http:\/\/semndecarte.metarsis.ro\/wp-content\/uploads\/2016\/10\/143-95x95.jpg\" alt=\"14\" width=\"95\" height=\"95\" \/><\/a> <a href=\"http:\/\/semndecarte.metarsis.ro\/wp-content\/uploads\/2016\/10\/152.jpg\" rel=\"lightbox[10408]\"><img loading=\"lazy\" class=\"alignleft size-thumbnail wp-image-10423\" src=\"http:\/\/semndecarte.metarsis.ro\/wp-content\/uploads\/2016\/10\/152-95x95.jpg\" alt=\"15\" width=\"95\" height=\"95\" \/><\/a>Mar\u021bi, 18 octombrie 2016<\/strong>, la orele 20.00, \u00een ziua \u00een care prin\u021bul Eugeniu de Savoya a intrat \u00een cetatea eliberat\u0103 a Timi\u0219oarei, a avut loc, \u00een\u00a0<strong>Domul Sf. Gheorghe, Catedrala Romano-Catolic\u0103<\/strong>, un concert vocal-simfonic intitulat: \u201e<strong>Timi\u0219oara 1716-2016<\/strong>\u201d ( organizat de Episcopia Romano-Catolic\u0103 de Timi\u0219oara prin Oficiul Diecezan de Muzic\u0103 Sacr\u0103 \u00een colaborare cu Filarmonica Banatul Timi\u0219oara \u0219i Universitatea de Vest, Facultatea de Muzic\u0103 \u0219i Teatru. Din program men\u021bion\u0103m piesele lui Georg Friedrich H\u00e4ndel, Muzica Focurilor de Artificii (uvertura) \u0219i Dettingen Te Deum. Soli\u0219tii, corurile, \u0219i orchestra s-au aflat sub conducerea concertmaestrului dr. Johann Fernbach, dirijor dr. Walter Kindl. Colaborator: Asocia\u021bia \u00a0Festivalul Baroc Timi\u0219oara).<\/p>\n<p style=\"text-align: justify;\">In cadrul \u00eent\u00e2lnirii a fost prezentat albumul-document semnat Erwin Josef \u021aIGLA, volum lansat \u00een 7 octombrie 2016 \u00een aula Universit\u0103\u021bii Eftimie Murgu din Re\u0219i\u021ba. (mai multe detalii\u00a0<a href=\"http:\/\/semndecarte.metarsis.ro\/?p=10386#more-10386\" data-saferedirecturl=\"https:\/\/www.google.com\/url?hl=en-GB&amp;q=http:\/\/semndecarte.metarsis.ro\/?p%3D10386%23more-10386&amp;source=gmail&amp;ust=1477833796476000&amp;usg=AFQjCNHEknP1PO1BaAyb7G3Bu49lKkSisQ\">http:\/\/semndecarte.metarsis.ro\/?p=10386#more-10386<\/a>).\u00a0 Camelia Duca<\/p>\n<p style=\"text-align: justify;\">Evenimentul s-a \u00eencheiat printr-un recital al grupului INTERMEZZO al Forumului Democratic al Germanilor din Banatul Montan cu un program de cantece in limba german\u0103 \u0219i \u00een limba rom\u00e2na.<\/p>\n<p style=\"text-align: justify;\">Organizator: Forumul Democratic al Germanilor din Banatul Montan, Asocia\u021bia pentru Cultur\u0103 \u0219i Educa\u021bie a Adul\u021bilor Re\u0219i\u021ba, METARSIS- activit\u0103\u021bi de cultur\u0103 urban\u0103 \u0219i art\u0103 contemporan\u0103 prin libr\u0103ria Semn de Carte.<\/p>\n","protected":false},"excerpt":{"rendered":"<p>Prelegere sus\u021binut\u0103, luni 10 octombrie 2016, la libr\u0103ria re\u0219i\u021bean\u0103 Semn de Carte de istoricul Claudiu C\u0102LIN, arhivar \u00een cadrul Diecezei romano-catolice de Timi\u0219oara, sub genericul \u201e300 de ani de la eliberarea Timi\u0219oarei \u0219i evenimentele jubiliare organizate de Episcopia Romano-Catolic\u0103 de Timi\u0219oara\u201d<\/p>\n","protected":false},"author":1,"featured_media":0,"comment_status":"open","ping_status":"open","sticky":false,"template":"","format":"standard","meta":[],"categories":[7],"tags":[628,629,228,424,627],"_links":{"self":[{"href":"https:\/\/semndecarte.metarsis.ro\/index.php?rest_route=\/wp\/v2\/posts\/10408"}],"collection":[{"href":"https:\/\/semndecarte.metarsis.ro\/index.php?rest_route=\/wp\/v2\/posts"}],"about":[{"href":"https:\/\/semndecarte.metarsis.ro\/index.php?rest_route=\/wp\/v2\/types\/post"}],"author":[{"embeddable":true,"href":"https:\/\/semndecarte.metarsis.ro\/index.php?rest_route=\/wp\/v2\/users\/1"}],"replies":[{"embeddable":true,"href":"https:\/\/semndecarte.metarsis.ro\/index.php?rest_route=%2Fwp%2Fv2%2Fcomments&post=10408"}],"version-history":[{"count":0,"href":"https:\/\/semndecarte.metarsis.ro\/index.php?rest_route=\/wp\/v2\/posts\/10408\/revisions"}],"wp:attachment":[{"href":"https:\/\/semndecarte.metarsis.ro\/index.php?rest_route=%2Fwp%2Fv2%2Fmedia&parent=10408"}],"wp:term":[{"taxonomy":"category","embeddable":true,"href":"https:\/\/semndecarte.metarsis.ro\/index.php?rest_route=%2Fwp%2Fv2%2Fcategories&post=10408"},{"taxonomy":"post_tag","embeddable":true,"href":"https:\/\/semndecarte.metarsis.ro\/index.php?rest_route=%2Fwp%2Fv2%2Ftags&post=10408"}],"curies":[{"name":"wp","href":"https:\/\/api.w.org\/{rel}","templated":true}]}}