{"id":10358,"date":"2016-10-09T20:07:22","date_gmt":"2016-10-09T18:07:22","guid":{"rendered":"http:\/\/semndecarte.metarsis.ro\/?p=10358"},"modified":"2016-12-18T18:34:36","modified_gmt":"2016-12-18T16:34:36","slug":"wolfsberger-kirchweih","status":"publish","type":"post","link":"https:\/\/semndecarte.metarsis.ro\/?p=10358","title":{"rendered":"Wolfsberger KIRCHWEIH"},"content":{"rendered":"<p><strong>Hramul bisericii din\u00a0G\u0103r\u00e2na<\/strong><\/p>\n<p style=\"text-align: justify;\"><a href=\"http:\/\/semndecarte.metarsis.ro\/wp-content\/uploads\/2016\/10\/cop-k.jpg\" rel=\"lightbox[10358]\"><img loading=\"lazy\" class=\"alignleft size-full wp-image-10359\" src=\"http:\/\/semndecarte.metarsis.ro\/wp-content\/uploads\/2016\/10\/cop-k.jpg\" alt=\"cop-k\" width=\"519\" height=\"235\" srcset=\"https:\/\/semndecarte.metarsis.ro\/wp-content\/uploads\/2016\/10\/cop-k.jpg 519w, https:\/\/semndecarte.metarsis.ro\/wp-content\/uploads\/2016\/10\/cop-k-160x72.jpg 160w, https:\/\/semndecarte.metarsis.ro\/wp-content\/uploads\/2016\/10\/cop-k-163x74.jpg 163w\" sizes=\"(max-width: 519px) 100vw, 519px\" \/><\/a>\u201cNu aspira s\u0103 fii binef\u0103c\u0103torul \u00eentregii omeniri, ci mul\u0163ume\u015fte-te s\u0103 faci bine persoanelor \u00een mijlocul c\u0103rora tr\u0103ie\u015fti.\u201d Sf. Tereza de Avila<\/p>\n<p style=\"text-align: justify;\">S\u00e2mbat\u0103, 15 octombrie 2016, G\u0103r\u00e2na\/ Wolfsberg, micu\u0163a localitate de la poalele Semenicului, va \u00eembr\u0103ca straie de s\u0103rbatoare. Hramul Bisericii romano-catolice Sf\u00e2nta Tereza de Avila (1515-1582), biseric\u0103 ridicat\u0103 \u00een anul 1879 de germanii colonizati aici de Francisc I, \u00a0va fi marcat \u015fi anul acesta dup\u0103 urm\u0103torul program:<!--more--><\/p>\n<p style=\"text-align: justify;\">10:30 &#8211; Program muzical de fanfar\u0103 \u2013 \u00een fa\u021ba Bisericii Sf. Tereza de Avila- G\u0103r\u00e2na.<\/p>\n<p style=\"text-align: justify;\">10:45 &#8211; Liturghie festiv\u0103 de hram \u2013 Biserica romano catolic\u0103 Sf. Tereza de Avila, oficiat\u0103 de pr. Martin J\u00e4ger (Anina) si pr. Iano\u0219 Varga (Re\u0219i\u021ba) cu acompaniamentul corului Bisericii din G\u0103r\u00e2na.<\/p>\n<p style=\"text-align: justify;\">11:50 &#8211; Preg\u0103tirea pomului de Kirchweih pentru parad\u0103 \u2013 Muzeul Satului Heimatstub\u2019n zu Wolfsberg.<\/p>\n<p style=\"text-align: justify;\">12:00 \u2013 Parada pomului de Kirchweih (particip\u0103 Wolfsberger Musikanten \u0219i fanfara din Steierdorf), popas la Hanul \u201cLa R\u0103scruce\u201d cu program de dansuri populare germane sus\u021binut de forma\u021bii\u00a0ale Forumului Democratic al Germanilor din Banatul Montan si Timisoara,\u00a0popas la \u201cGasthaus Cristel\u201d\u00a0 \u2013 program musical de fanfar\u0103.<\/p>\n<p style=\"text-align: justify;\">13:00 &#8211; Ridicarea pomului de Kirchweih \u00een fa\u021ba Bisericii Sfanta Tereza de Avila \u015fi program de c\u00e2ntece \u0219i dansuri populare germane \u00een fa\u021ba C\u0103minului Cultural.<\/p>\n<p style=\"text-align: justify;\">19:00 &#8211; Balul de Kirchweih \u2013 Caminul Cultural\/ Kulturheim \u2013 Program muzical cu forma\u0163iile reunite Wolfsberger si Weidenthaler Musikanten, DJ Sven Demeny, dans \u0219i tombol\u0103.<\/p>\n<p style=\"text-align: justify;\">Organizator: Societatea pentru Cultur\u0103 METARSIS<\/p>\n<p style=\"text-align: justify;\">Parteneri: Comuna Brebu Nou, Biserica romano-catolic\u0103 Sf. Tereza de Avila G\u0103r\u00e2na, Biserica romano-catolic\u0103 Maria Z\u0103pezii Re\u0219i\u021ba, Forumul Democratic al Germanilor din Banatul Montan, Forumul Democratic al Germanilor din Timisoara, Ocolul Silvic Valiug, Heimatstub\u2019n zu Wolfsberg, GORDIAN- editur\u0103 \u015fi tipografie, SOCEPAN SRL, Pensiunea HEIDI, Gasthaus CRISTEL, Hanul LA RASCRUCE, Bistro LUPO, SC AGIL SRL, SC GRADIMEX SRL, SC INSTGAT SRL, Cofetaria MARBEK.<\/p>\n<p style=\"text-align: justify;\">Parteneri media: UZP, Radio Rom\u00e2nia Timi\u0219oara, Jurnal de Cara\u0219-Severin, TVR Timi\u0219oara, Banat Media, Vest Tv, Express de Banat, AgerPress,\u00a0 Reper 24, Argument CS, Info CS, Piperiu Publica\u021bii.<\/p>\n","protected":false},"excerpt":{"rendered":"<p>S\u00e2mbat\u0103, 15 octombrie 2016, G\u0103r\u00e2na\/ Wolfsberg, micu\u0163a localitate de la poalele Semenicului, va \u00eembr\u0103ca straie de s\u0103rbatoare. Hramul Bisericii romano-catolice Sf\u00e2nta Tereza de Avila (1515-1582), biseric\u0103 ridicat\u0103 \u00een anul 1879 de germanii colonizati aici de \u00cemparateasa Maria Tereza ce  va fi marcat \u015fi anul acesta<\/p>\n","protected":false},"author":1,"featured_media":0,"comment_status":"open","ping_status":"open","sticky":false,"template":"","format":"standard","meta":[],"categories":[3],"tags":[505,409,615],"_links":{"self":[{"href":"https:\/\/semndecarte.metarsis.ro\/index.php?rest_route=\/wp\/v2\/posts\/10358"}],"collection":[{"href":"https:\/\/semndecarte.metarsis.ro\/index.php?rest_route=\/wp\/v2\/posts"}],"about":[{"href":"https:\/\/semndecarte.metarsis.ro\/index.php?rest_route=\/wp\/v2\/types\/post"}],"author":[{"embeddable":true,"href":"https:\/\/semndecarte.metarsis.ro\/index.php?rest_route=\/wp\/v2\/users\/1"}],"replies":[{"embeddable":true,"href":"https:\/\/semndecarte.metarsis.ro\/index.php?rest_route=%2Fwp%2Fv2%2Fcomments&post=10358"}],"version-history":[{"count":0,"href":"https:\/\/semndecarte.metarsis.ro\/index.php?rest_route=\/wp\/v2\/posts\/10358\/revisions"}],"wp:attachment":[{"href":"https:\/\/semndecarte.metarsis.ro\/index.php?rest_route=%2Fwp%2Fv2%2Fmedia&parent=10358"}],"wp:term":[{"taxonomy":"category","embeddable":true,"href":"https:\/\/semndecarte.metarsis.ro\/index.php?rest_route=%2Fwp%2Fv2%2Fcategories&post=10358"},{"taxonomy":"post_tag","embeddable":true,"href":"https:\/\/semndecarte.metarsis.ro\/index.php?rest_route=%2Fwp%2Fv2%2Ftags&post=10358"}],"curies":[{"name":"wp","href":"https:\/\/api.w.org\/{rel}","templated":true}]}}