{"id":10356,"date":"2016-10-06T21:39:38","date_gmt":"2016-10-06T19:39:38","guid":{"rendered":"http:\/\/semndecarte.metarsis.ro\/?p=10356"},"modified":"2016-10-06T21:39:38","modified_gmt":"2016-10-06T19:39:38","slug":"decada-culturii-germane-in-banatul-montan-ed-xxvi-7-16-octombrie-2016","status":"publish","type":"post","link":"https:\/\/semndecarte.metarsis.ro\/?p=10356","title":{"rendered":"Decada Culturii Germane \u00een Banatul Montan, ed. XXVI (7- 16 octombrie 2016)"},"content":{"rendered":"<p style=\"text-align: justify;\"><strong>Luni seara, la Semn de Carte<\/strong><\/p>\n<p style=\"text-align: justify;\"><a href=\"http:\/\/semndecarte.metarsis.ro\/wp-content\/uploads\/2016\/10\/dek-kul.jpg\" rel=\"lightbox[10356]\"><img loading=\"lazy\" class=\"alignleft size-large wp-image-10357\" src=\"http:\/\/semndecarte.metarsis.ro\/wp-content\/uploads\/2016\/10\/dek-kul-117x163.jpg\" alt=\"dek-kul\" width=\"117\" height=\"163\" srcset=\"https:\/\/semndecarte.metarsis.ro\/wp-content\/uploads\/2016\/10\/dek-kul-117x163.jpg 117w, https:\/\/semndecarte.metarsis.ro\/wp-content\/uploads\/2016\/10\/dek-kul-114x160.jpg 114w, https:\/\/semndecarte.metarsis.ro\/wp-content\/uploads\/2016\/10\/dek-kul.jpg 800w\" sizes=\"(max-width: 117px) 100vw, 117px\" \/><\/a>A XXVI-a edi\u021bie a\u00a0<em>Decadei Culturii Germane \u00een Banatul Montan<\/em>, se va desf\u0103\u0219ura \u00een jude\u021bul Cara\u0219-Severin \u00eentre 7-16 octombrie 2016. Cel mai important ciclu de manifest\u0103ri culturale ale etniei germane din acest spa\u0163iu binecuv\u00e2ntat va cuprinde: liturghii de Hram, parade ale portului popular german, expozi\u021bii, recitalurii, concerte, lansari de carte, conferinte, prelegeri, lecturi literare \u00een Anina &#8211; Steierdorf, Boc\u015fa, Dognecea, G\u0103r\u00e2na, Oravi\u021ba, O\u0163elu Ro\u015fu, Re\u015fi\u0163a, Sasca Montan\u0103 \u015fi Tirol.<\/p>\n<p style=\"text-align: justify;\">Luni, 10 octombrie 2016, de la ora 18:30, libr\u0103ria \u201eSemn de Carte\u201c din Re\u0219i\u021ba va g\u0103zdui prezentarea celei de-a 72-a apari\u021bie editorial\u0103 sub egida Asocia\u021biei Germane de Cultur\u0103 \u0219i Educa\u021bie a Adul\u021bilor Re\u0219i\u021ba, \u201e25 de ani DECADA CULTURII GERMANE \u00ceN BANATUL MONTAN, 1991 &#8211; 2015 \/ 25 Jahre DEUTSCHE KULTURDEKADE IM BANATER BERGLAND, 1991 &#8211; 2015\u201d, volum semnat Erwin Josef \u021aIGLA.<!--more--><\/p>\n<p style=\"text-align: justify;\">De la orele 18:30 Claudiu C\u0102LIN, arhivar \u00een cadrul Diecezei romano-catolice de Timi\u0219oara va sus\u021bine prelegerea, \u00een limba rom\u00e2n\u0103, \u201e300 de ani de la eliberarea Timi\u0219oarei \u0219i evenimentele jubiliare organizate de Episcopia Romano-Catolic\u0103 de Timi\u0219oara\u201d.<\/p>\n<p style=\"text-align: justify;\">Seara se va \u00eencheia cu un scurt recital al forma\u021biei \u201eIntermezzo\u201c din Re\u0219i\u021ba.<\/p>\n<p style=\"text-align: justify;\">Organizator: Asocia\u0163ia German\u0103 de Cultur\u0103 \u015fi Educa\u0163ie a Adul\u0163ilor Re\u015fi\u0163a \u00een colaborare cu: Ministerul Culturii, Bucure\u015fti, Departamentul pentru Rela\u0163ii Interetnice al Secretariatului General al Guvernului Rom\u00e2niei, Consiliul Jude\u0163ean Cara\u015f-Severin, Prim\u0103ria Municipiului Re\u0219i\u021ba, Prim\u0103ria Municipiului Caransebe\u0219, Prim\u0103riie ora\u0219elor: Anina, Boc\u0219a, Oravi\u021ba, Universitatea \u201eEftimie Murgu\u201c Re\u0219i\u021ba,\u00a0 Biblioteca Jude\u0163ean\u0103 \u201ePaul Iorgovici\u201d Cara\u0219-Severin, Direc\u0163ia Jude\u0163ean\u0103 de Cultur\u0103 Cara\u015f-Severin, Casa de Cultur\u0103 Municipal\u0103 \u201eGeorge Suru\u201d, Caransebe\u0219, Centrul Cultural \u201eTeatrul Vechi Mihai Eminescu\u201d, Oravi\u021ba, Casa de Cultur\u0103 Or\u0103\u0219eneasc\u0103 \u201eTata Oancea\u201d, Boc\u0219a, Societatea pentru Cultur\u0103 \u201eMETARSIS\u201d, Colegiul Na\u021bional \u201eDiaconovici &#8211; Tietz\u201d, Re\u015fi\u0163a \u0219i\u00a0Colegiul Na\u021bional \u201eC.D. Loga\u201d, Caransebe\u0219.<\/p>\n","protected":false},"excerpt":{"rendered":"<p>A XXVI-a edi\u021bie a Decadei Culturii Germane \u00een Banatul Montan, se va desf\u0103\u0219ura \u00een jude\u021bul Cara\u0219-Severin \u00eentre 7-16 octombrie 2016. Cel mai important ciclu de manifest\u0103ri culturale ale etniei germane din acest spa\u0163iu binecuv\u00e2ntat va cuprinde: liturghii de Hram, parade ale portului popular german, expozi\u021bii, recitalurii, concerte, lansari de carte, conferinte, prelegeri, lecturi literare \u00een Anina &#8211; Steierdorf, Boc\u015fa, Dognecea, G\u0103r\u00e2na, Oravi\u021ba, O\u0163elu Ro\u015fu, Re\u015fi\u0163a, Sasca Montan\u0103 \u015fi Tirol.<\/p>\n","protected":false},"author":1,"featured_media":0,"comment_status":"open","ping_status":"open","sticky":false,"template":"","format":"standard","meta":[],"categories":[3],"tags":[248],"_links":{"self":[{"href":"https:\/\/semndecarte.metarsis.ro\/index.php?rest_route=\/wp\/v2\/posts\/10356"}],"collection":[{"href":"https:\/\/semndecarte.metarsis.ro\/index.php?rest_route=\/wp\/v2\/posts"}],"about":[{"href":"https:\/\/semndecarte.metarsis.ro\/index.php?rest_route=\/wp\/v2\/types\/post"}],"author":[{"embeddable":true,"href":"https:\/\/semndecarte.metarsis.ro\/index.php?rest_route=\/wp\/v2\/users\/1"}],"replies":[{"embeddable":true,"href":"https:\/\/semndecarte.metarsis.ro\/index.php?rest_route=%2Fwp%2Fv2%2Fcomments&post=10356"}],"version-history":[{"count":0,"href":"https:\/\/semndecarte.metarsis.ro\/index.php?rest_route=\/wp\/v2\/posts\/10356\/revisions"}],"wp:attachment":[{"href":"https:\/\/semndecarte.metarsis.ro\/index.php?rest_route=%2Fwp%2Fv2%2Fmedia&parent=10356"}],"wp:term":[{"taxonomy":"category","embeddable":true,"href":"https:\/\/semndecarte.metarsis.ro\/index.php?rest_route=%2Fwp%2Fv2%2Fcategories&post=10356"},{"taxonomy":"post_tag","embeddable":true,"href":"https:\/\/semndecarte.metarsis.ro\/index.php?rest_route=%2Fwp%2Fv2%2Ftags&post=10356"}],"curies":[{"name":"wp","href":"https:\/\/api.w.org\/{rel}","templated":true}]}}