{"id":10340,"date":"2016-10-01T20:46:03","date_gmt":"2016-10-01T18:46:03","guid":{"rendered":"http:\/\/semndecarte.metarsis.ro\/?p=10340"},"modified":"2016-10-01T20:46:03","modified_gmt":"2016-10-01T18:46:03","slug":"kirchweih-valiug-franzdorf","status":"publish","type":"post","link":"https:\/\/semndecarte.metarsis.ro\/?p=10340","title":{"rendered":"KIRCHWEIH, V\u0103liug- Franzdorf"},"content":{"rendered":"<p>&nbsp;<\/p>\n<p><strong>2 octombrie 2016<\/strong><\/p>\n<p style=\"text-align: justify;\"><a href=\"http:\/\/semndecarte.metarsis.ro\/wp-content\/uploads\/2016\/10\/cop.jpg\" rel=\"lightbox[10340]\"><img loading=\"lazy\" class=\"alignleft size-full wp-image-10341\" src=\"http:\/\/semndecarte.metarsis.ro\/wp-content\/uploads\/2016\/10\/cop.jpg\" alt=\"cop\" width=\"520\" height=\"222\" srcset=\"https:\/\/semndecarte.metarsis.ro\/wp-content\/uploads\/2016\/10\/cop.jpg 520w, https:\/\/semndecarte.metarsis.ro\/wp-content\/uploads\/2016\/10\/cop-160x68.jpg 160w, https:\/\/semndecarte.metarsis.ro\/wp-content\/uploads\/2016\/10\/cop-163x70.jpg 163w\" sizes=\"(max-width: 520px) 100vw, 520px\" \/><\/a>Duminic\u0103, 2 ocrombrie 2016, \u00een localitatea c\u0103r\u0103\u015fan\u0103 V\u0103liug (Franzdorf), va avea loc S\u0103rbatoarea Bisericii Romano-Catolice, KIRCHWEIH. Ridicat\u0103 \u00een anul 1861 \u00een stil neo-romanic cu influen\u0163e neo-gotice de c\u0103tre coloni\u015ftii Imperiului trimi\u015fi aici pentru ap\u0103rarea grani\u0163elor de est, Biserica din micu\u0163a localitate a\u015fezat\u0103 la poalele mun\u0163ilor Semenic st\u0103 sub hramul \u00a0Sf. Francisc de Assisi, ocrotitorul \u00eentregii comunit\u0103\u0163i. Programul la care v\u0103 invit\u0103m s\u0103 participa\u0163i cuprinde: 13:30 Program sus\u0163inut de Fanfara BERGWERKSKAPELLE, Steierdorf, 14:00 Parada \u015fi ridicarea POM-ului de KIRCHWEIH, 15:00 Liturghie festiv\u0103 de Hram cu participarea Corului FRANZ ST\u00dcRMER al Forumului Democratic al Germanilor din Banatul Montan, 16:00 Program de dansuri populare germane sus\u0163inut de Forma\u0163ia ENZIAN a Forumului Democratic al Germanilor din Banatul Montan.<!--more--><\/p>\n<p style=\"text-align: justify;\"><a href=\"http:\/\/semndecarte.metarsis.ro\/wp-content\/uploads\/2016\/10\/afis-net-valiug.jpg\" rel=\"lightbox[10340]\"><img loading=\"lazy\" class=\"alignleft size-large wp-image-10342\" src=\"http:\/\/semndecarte.metarsis.ro\/wp-content\/uploads\/2016\/10\/afis-net-valiug-114x163.jpg\" alt=\"afis-net-valiug\" width=\"114\" height=\"163\" srcset=\"https:\/\/semndecarte.metarsis.ro\/wp-content\/uploads\/2016\/10\/afis-net-valiug-114x163.jpg 114w, https:\/\/semndecarte.metarsis.ro\/wp-content\/uploads\/2016\/10\/afis-net-valiug-112x160.jpg 112w, https:\/\/semndecarte.metarsis.ro\/wp-content\/uploads\/2016\/10\/afis-net-valiug.jpg 560w\" sizes=\"(max-width: 114px) 100vw, 114px\" \/><\/a>V\u0103 invit\u0103m la Kirchweih-ul de la V\u0103liug, s\u0103rbatoarea Sf. Francisc de Assisi (1181 sau 1182 -3 octombrie 1226), \u00een anul \u00een care comemor\u0103m 790 de ani de la trecerea \u00een nefiin\u0163\u0103.<\/p>\n<p style=\"text-align: justify;\">Evenimenul este organizat de Prim\u0103ria \u015fi Consiliul Local V\u0103liug \u00een parteneriat cu Parohia Romano-Catolic\u0103 <em>Maria Z\u0103pezii<\/em> Re\u015fi\u0163a, Biserica Romano-Catolic\u0103 <em>Francisc de Asissi <\/em>V\u0103liug, Forumul Democratic al Germanilor din Banatul Montan \u015fi Societatea pentru Cultur\u0103 METARSIS- activit\u0103\u0163i \u015fi servicii de cultur\u0103 urban\u0103 \u015fi art\u0103 contemporan\u0103.<\/p>\n","protected":false},"excerpt":{"rendered":"<p>Duminic\u0103, 2 ocrombrie 2016, \u00een localitatea c\u0103r\u0103\u015fan\u0103 V\u0103liug (Franzdorf), va avea loc S\u0103rbatoarea Bisericii Romano-Catolice, KIRCHWEIH. <\/p>\n","protected":false},"author":1,"featured_media":0,"comment_status":"open","ping_status":"open","sticky":false,"template":"","format":"standard","meta":[],"categories":[3],"tags":[409],"_links":{"self":[{"href":"https:\/\/semndecarte.metarsis.ro\/index.php?rest_route=\/wp\/v2\/posts\/10340"}],"collection":[{"href":"https:\/\/semndecarte.metarsis.ro\/index.php?rest_route=\/wp\/v2\/posts"}],"about":[{"href":"https:\/\/semndecarte.metarsis.ro\/index.php?rest_route=\/wp\/v2\/types\/post"}],"author":[{"embeddable":true,"href":"https:\/\/semndecarte.metarsis.ro\/index.php?rest_route=\/wp\/v2\/users\/1"}],"replies":[{"embeddable":true,"href":"https:\/\/semndecarte.metarsis.ro\/index.php?rest_route=%2Fwp%2Fv2%2Fcomments&post=10340"}],"version-history":[{"count":0,"href":"https:\/\/semndecarte.metarsis.ro\/index.php?rest_route=\/wp\/v2\/posts\/10340\/revisions"}],"wp:attachment":[{"href":"https:\/\/semndecarte.metarsis.ro\/index.php?rest_route=%2Fwp%2Fv2%2Fmedia&parent=10340"}],"wp:term":[{"taxonomy":"category","embeddable":true,"href":"https:\/\/semndecarte.metarsis.ro\/index.php?rest_route=%2Fwp%2Fv2%2Fcategories&post=10340"},{"taxonomy":"post_tag","embeddable":true,"href":"https:\/\/semndecarte.metarsis.ro\/index.php?rest_route=%2Fwp%2Fv2%2Ftags&post=10340"}],"curies":[{"name":"wp","href":"https:\/\/api.w.org\/{rel}","templated":true}]}}