{"id":103,"date":"2010-05-28T23:30:44","date_gmt":"2010-05-28T23:30:44","guid":{"rendered":"http:\/\/librariasemndecarte.wordpress.com\/?p=103"},"modified":"2010-09-09T09:56:36","modified_gmt":"2010-09-09T09:56:36","slug":"%e2%80%9co-mie-de-zambete%e2%80%9c-la-centrul-de-plasament-speranta","status":"publish","type":"post","link":"https:\/\/semndecarte.metarsis.ro\/?p=103","title":{"rendered":"\u201eO mie de z\u00e2mbete\u201c la Centrul de Plasament Speran\u0163a"},"content":{"rendered":"<p style=\"text-align: justify;\">Semn  de Carte<span style=\"color: #ff0000;\">*<\/span>, libr\u0103ria recent \u00eenfiin\u0163at\u0103 \u00een municipiul Re\u015fi\u0163a, a fost  ast\u0103zi gazda lans\u0103rii proiectului \u201eO mie de z\u00e2mbete\u201c. Ini\u0163iatorii  acestuia sunt \u015fase tineri re\u015fi\u0163eni, cu v\u00e2rste cuprinse \u00eentre 21 \u015fi 25 de  ani.<!--more--><\/p>\n<p style=\"text-align: justify;\">Inspira\u0163i de ac\u0163iunile din Rom\u00e2nia ale societ\u0103\u0163ii umanitare franceze  \u201cThe serious road trip\u201d (TSRT), la care au participat timp de cinci ani,  cei \u015fase re\u015fi\u0163eni \u015fi-au propus dezvoltarea unor proiecte asem\u0103n\u0103toare  ce vizeaz\u0103 conexiunile umanitare ca mijloc de deschidere social\u0103.  \u201cPrimul pas este s\u0103 \u00eenfiin\u0163\u0103m ONG-ul The serious road trip \u2013 Conexiune  Umanitar\u0103 Cara\u015f-Severin. Suntem foarte motiva\u0163i s\u0103 dezvolt\u0103m o asemenea  structur\u0103 \u00een Re\u015fi\u0163a, constituit\u0103 pe acelea\u015fi principii mo\u015ftenite de la  prietenii din Fran\u0163a\u201c, ne-a m\u0103rturisit Imre Nagy, coordonator asistent,  \u00een cadrul proiectului.<\/p>\n<p style=\"text-align: justify;\">Dorin\u0163a  tinerilor de a dezvolta acest proiect s-a n\u0103scut ca urmare a  experien\u0163elor din trecut \u015fi a dorin\u0163ei de a desf\u0103\u015fura activit\u0103\u0163i  umanitare \u00een jude\u0163ul nostru. \u201cCopil\u0103ria ne-a fost marcat\u0103 \u00een sens  pozitiv de experien\u0163ele avute \u00een cadrul proiectelor derulate de  francezi. Este r\u00e2ndul nostru s\u0103 ducem spiritul TSRT \u00een Cara\u015f-Severin, s\u0103  \u00eencerc\u0103m s\u0103 schimb\u0103m ceva \u015fi s\u0103 contribuim la transformarea  societ\u0103\u0163ii\u201d, a ad\u0103ugat George Fortun la cele spuse de prietenul s\u0103u.  Prin \u201cO mie de z\u00e2mbete\u201c, ac\u0163iunile celor \u015fase re\u015fi\u0163eni devin concrete.  Astfel, \u00eencep\u00e2nd de ieri \u015fi p\u00e2n\u0103 \u00een 30 mai, coordonatorii TSRT C-S se  ocup\u0103 de copiii Centrului de Plasament Speran\u0163a, pentru a preg\u0103ti  \u00eempreun\u0103 cu ace\u015ftia un spectacol de circ sub genericul \u201cNatura  z\u00e2mbe\u015fte\u201d. Premiera urmeaz\u0103 a fi al\u0103turat\u0103 s\u0103rb\u0103toririi Zilei Copilului  \u015fi va avea loc pe 1 iunie, la ora 13, la Palatului Copiilor, intrarea  fiind gratuit\u0103.<\/p>\n<div>\n<div>\n<address style=\"text-align: right;\"><span style=\"color: #ffffff;\">.<\/span><img loading=\"lazy\" class=\"alignright size-full wp-image-4128\" title=\"Marius C\u0103runtu\" src=\"http:\/\/semndecarte.metarsis.ro\/wp-content\/uploads\/2010\/05\/MC\u0103runtu.jpg\" alt=\"\" width=\"62\" height=\"93\" \/><\/address>\n<p style=\"text-align: right;\"><strong>Articol scris de MARIUS C\u0102RUNTU <\/strong><\/p>\n<\/div>\n<\/div>\n<address> <\/address>\n<address style=\"text-align: right;\">Articol publicat online pe www.argument-cs.ro \u00een 27 mai 2010<\/address>\n<address style=\"text-align: right;\"> <a href=\"http:\/\/www.argument-cs.ro\/content\/%E2%80%9Co-mie-de-z%C3%A2mbete%E2%80%9C-la-centrul-de-plasament-speran%C5%A3a\" target=\"_blank\">http:\/\/www.argument-cs.ro\/content\/&#8230;<\/a><\/address>\n<p style=\"text-align: left;\"><span style=\"color: #ffffff;\">.<\/span><\/p>\n<h1 style=\"text-align: left;\">1000 de z\u00e2mbete<\/h1>\n<p style=\"text-align: justify;\">Proiectul \u201e1000 de z\u00e2mbete\u201d a fost prezentat joi, 27  mai  la libr\u0103ria  Semn de carte din Re\u015fi\u0163a. Pre\u015fedintele Organiza\u0163iei  pentru Art\u0103 \u015fi  cultur\u0103, Raluca Ila\u015f a vorbit despre misiunea umanitar\u0103  \u015fi despre  activit\u0103\u0163ile pe care \u015fase tineri entuzia\u015fti le preg\u0103tesc  \u00eempreun\u0103 cu  copiii de la centrul de Plasament Speran\u0163a. De 1 iunie,  ace\u015ftia vor  evolua \u00eentr-un spectacol de circ. Manifestarea va avea loc   la Palatul  copiilor, iar  intrarea va fi gratuit\u0103. 20 de copii \u015fi tineri  de la  Centrul de plasament Speran\u0163a, au \u00eenceput deja repeti\u0163iile,  coordona\u0163i  de cei trei mebri ai \u201eSociete noir\u201d.  \u00cen fiecare zi ei  lucreaz\u0103 pe   ateliere, \u00een care \u00eenva\u0163\u0103 s\u0103 fac\u0103 jonglerii, acroba\u0163ii \u015fi de  asemenea  vor confec\u0163iona decorurile pentru spectacol din materiale  ecologice.  Proiectul \u201e1000 de z\u00e2mbete\u201d are tema \u201econexiune umanitar\u0103 \u2013  mijloc de  descvhidere social\u0103\u201d.<\/p>\n<div>\n<div>\n<address style=\"text-align: right;\"><span style=\"color: #ffffff;\">.<\/span><img loading=\"lazy\" class=\"alignright size-full wp-image-4129\" title=\"Ramona Vaipan\" src=\"http:\/\/semndecarte.metarsis.ro\/wp-content\/uploads\/2010\/05\/RVaipan.jpg\" alt=\"\" width=\"62\" height=\"93\" \/><\/address>\n<p style=\"text-align: right;\"><strong>Articol scris de Ramona Vaipan <\/strong><\/p>\n<\/div>\n<\/div>\n<address> <\/address>\n<address style=\"text-align: right;\">Articol publicat online pe www.radio-resita.ro \u00een 27 mai 2010<\/address>\n<address style=\"text-align: right;\"> <a href=\"http:\/\/www.radio-resita.ro\/1000-de-zambete\" target=\"_blank\">http:\/\/www.radio-resita.ro\/1000-de-zambete<\/a><\/address>\n","protected":false},"excerpt":{"rendered":"<p>Semn de Carte\u201d, libr\u0103ria recent \u00eenfiin\u0163at\u0103 \u00een municipiul Re\u015fi\u0163a, a fost ast\u0103zi gazda lans\u0103rii proiectului \u201cO mie de z\u00e2mbete\u201c. Ini\u0163iatorii acestuia sunt \u015fase tineri re\u015fi\u0163eni&#8230;<\/p>\n","protected":false},"author":1,"featured_media":0,"comment_status":"open","ping_status":"open","sticky":false,"template":"","format":"standard","meta":[],"categories":[4],"tags":[227,35],"_links":{"self":[{"href":"https:\/\/semndecarte.metarsis.ro\/index.php?rest_route=\/wp\/v2\/posts\/103"}],"collection":[{"href":"https:\/\/semndecarte.metarsis.ro\/index.php?rest_route=\/wp\/v2\/posts"}],"about":[{"href":"https:\/\/semndecarte.metarsis.ro\/index.php?rest_route=\/wp\/v2\/types\/post"}],"author":[{"embeddable":true,"href":"https:\/\/semndecarte.metarsis.ro\/index.php?rest_route=\/wp\/v2\/users\/1"}],"replies":[{"embeddable":true,"href":"https:\/\/semndecarte.metarsis.ro\/index.php?rest_route=%2Fwp%2Fv2%2Fcomments&post=103"}],"version-history":[{"count":0,"href":"https:\/\/semndecarte.metarsis.ro\/index.php?rest_route=\/wp\/v2\/posts\/103\/revisions"}],"wp:attachment":[{"href":"https:\/\/semndecarte.metarsis.ro\/index.php?rest_route=%2Fwp%2Fv2%2Fmedia&parent=103"}],"wp:term":[{"taxonomy":"category","embeddable":true,"href":"https:\/\/semndecarte.metarsis.ro\/index.php?rest_route=%2Fwp%2Fv2%2Fcategories&post=103"},{"taxonomy":"post_tag","embeddable":true,"href":"https:\/\/semndecarte.metarsis.ro\/index.php?rest_route=%2Fwp%2Fv2%2Ftags&post=103"}],"curies":[{"name":"wp","href":"https:\/\/api.w.org\/{rel}","templated":true}]}}