{"id":10270,"date":"2016-08-09T20:52:03","date_gmt":"2016-08-09T18:52:03","guid":{"rendered":"http:\/\/semndecarte.metarsis.ro\/?p=10270"},"modified":"2016-08-09T20:53:49","modified_gmt":"2016-08-09T18:53:49","slug":"arta-supravietuirii","status":"publish","type":"post","link":"https:\/\/semndecarte.metarsis.ro\/?p=10270","title":{"rendered":"Arta supravie\u0163uirii"},"content":{"rendered":"<p style=\"text-align: justify;\"><strong>Expozi\u0163ie de aranjamente florale \u015fi sear\u0103 de poezie cu Alexandra Gorghiu \u015fi prietenii s\u0103i<\/strong><\/p>\n<p style=\"text-align: justify;\"><a href=\"http:\/\/semndecarte.metarsis.ro\/wp-content\/uploads\/2016\/08\/Alexandra-Gorghiu.jpg\" rel=\"lightbox[10270]\"><img loading=\"lazy\" class=\"alignleft size-large wp-image-10271\" src=\"http:\/\/semndecarte.metarsis.ro\/wp-content\/uploads\/2016\/08\/Alexandra-Gorghiu-163x163.jpg\" alt=\"Alexandra Gorghiu\" width=\"163\" height=\"163\" srcset=\"https:\/\/semndecarte.metarsis.ro\/wp-content\/uploads\/2016\/08\/Alexandra-Gorghiu-163x163.jpg 163w, https:\/\/semndecarte.metarsis.ro\/wp-content\/uploads\/2016\/08\/Alexandra-Gorghiu-95x95.jpg 95w, https:\/\/semndecarte.metarsis.ro\/wp-content\/uploads\/2016\/08\/Alexandra-Gorghiu-160x160.jpg 160w, https:\/\/semndecarte.metarsis.ro\/wp-content\/uploads\/2016\/08\/Alexandra-Gorghiu.jpg 429w\" sizes=\"(max-width: 163px) 100vw, 163px\" \/><\/a>Dup\u0103 19 ani de jurnalism cultural la Radio Rom\u00e2nia Re\u015fi\u0163a practicat cu profesionalism, elegan\u0163\u0103 \u015fi responsabilitate \u00een promovarea valorilor culturale din Banat, din \u0163ar\u0103, dar \u015fi din str\u0103in\u0103tate, poeta Alexandra Gorghiu \u00ee\u015fi dovede\u015fte abilit\u0103\u0163ile creative \u015fi \u00een domeniul artei florale, invit\u00e2ndu-ne s\u0103-i fim al\u0103turi la prima expozi\u0163ie de aranjamente ce reflect\u0103 frumuse\u0163ea, ging\u0103\u015fia \u015fi lumina florilor \u201cdin turnul de filde\u015f\/ \u00een care de o vreme\/ \u015fi-a ascuns via\u0163a\u201d. \u201c\u00cennobil\u00e2nd simple cutii de cadouri, casete de bijuterii sau alte obiecte decorative cu delicate\u0163ea florilor\u201d cum a apreciat criticul Ada D. Cruceanu, Alexandra \u00ee\u015fi pune amprenta personal\u0103 \u00een aceste ornamente cre\u00e2nd un echilibru vizual armonizat \u00eentr-o simfonie de culori. Expozi\u0163ia va fi acompaniat\u0103 de un recital de poezie din crea\u0163ia ei la care vor participa autori consacra\u0163i din \u201cOra\u015ful cu poe\u0163i\u201d, prieteni cenacli\u015fti de la \u201cSemenicul\u201d. Invita\u0163i speciali care vor vorbi la acest eveniment inedit sunt maestrul Sabin P\u0103utza, Domnia Sa public\u00e2nd \u00een 2016 o suit\u0103 de 4 lieduri intitulat\u0103 \u201cScrisori de dragoste\u201d, compuse pe textele autoarei, criticul de art\u0103 Ada D. Cruceanu (care semneaz\u0103 varianta \u00een limba englez\u0103 a volumului de versuri \u201cDragostea din memoria telefonului\u201d, ap\u0103rut \u00een 2013 la Ed.Tim) \u015fi criticul Gheorghe Jurma. Manifestarea va avea loc miercuri, de la ora 18,00.<!--more--><\/p>\n<p style=\"text-align: justify;\">Alexandra Gorghiu s-a n\u0103scut la 16 iunie 1965 \u00een Re\u015fi\u0163a este membru al cenaclului Semenicul \u015fi a publicat p\u00e2n\u0103 \u00een prezent 4 c\u0103r\u0163i. Dup\u0103 ce a c\u00e2\u015ftigat numeroase premii la concursurile literare na\u0163ionale \u015fi a fost publicat\u0103 \u00een reviste de cultur\u0103 din \u0163ar\u0103 \u015fi din str\u0103in\u0103tate, a debutat cu volumul de versuri \u201cOchiul de rezerv\u0103\u201d (Re\u015fi\u0163a, Ed.Banatul Montan, 2005) pentru care a primit \u00een 2006 premiul \u201cPan\u0103 de \u00eenger\u201d din partea Biblioltecii Jude\u0163ene \u201cPaul Iorgovici\u201d. \u00cen 2010 \u00eei apare volumul \u201cMozart un vis \u00eemplinit\u201d \u2013 reportaje de la Festivalul Interna\u0163ional \u201cMozart 250 \u2013 Salzburg 2006\u201d. Public\u0103 \u00een 2014 un alt volum de versuri intitulat \u201cDragostea din memoria telefonului\u201d (edi\u0163ie bilingv\u0103 rom\u00e2no-englez\u0103, versiunea \u00een limba eneglez\u0103 fiind semnat\u0103 de Ada D.Cruceanu), iar \u00een 2015, prin bun\u0103voin\u0163a directorului Direc\u0163iei Jude\u0163ene pentru Cultur\u0103 Cara\u015f-Severin, poeta Liubi\u0163a Raichici, \u00een cadrul Festivalului Interna\u0163ional \u201cPor\u0163ile Poeziei \u2013 edi\u0163ia a V-a\u201d vede lumina tiparului volumul de interviuri \u201cDincolo de por\u0163i\u2026\u201d (versiunea \u00een limba englez\u0103 de Ada D.Cruceanu), aprecieri, opinii, impresii de la edi\u0163iile 2011 \u2013 2014. Poeta este, de asemenea, cuprins\u0103 \u00een mai multe antologii, volume colective \u015fi dic\u0163ionare, fiind tradus\u0103 \u015fi \u00een limba s\u00e2rb\u0103.<\/p>\n<p style=\"text-align: justify;\">Eveniment sub egida METARSIS- activit\u0103\u0163i \u015fi servicii de cultur\u0103 urban\u0103 \u015fi art\u0103 contemporan\u0103 prin libr\u0103ria Semn de Carte.<\/p>\n","protected":false},"excerpt":{"rendered":"<p>Expozi\u0163ie de aranjamente florale \u015fi sear\u0103 de poezie cu Alexandra Gorghiu \u015fi prietenii s\u0103i Dup\u0103 19 ani de jurnalism cultural la Radio Rom\u00e2nia Re\u015fi\u0163a practicat cu profesionalism, elegan\u0163\u0103 \u015fi responsabilitate \u00een promovarea valorilor culturale din Banat, din \u0163ar\u0103, dar \u015fi din str\u0103in\u0103tate, poeta Alexandra Gorghiu \u00ee\u015fi dovede\u015fte abilit\u0103\u0163ile creative \u015fi \u00een domeniul artei florale, invit\u00e2ndu-ne [&hellip;]<\/p>\n","protected":false},"author":1,"featured_media":0,"comment_status":"open","ping_status":"open","sticky":false,"template":"","format":"standard","meta":[],"categories":[1],"tags":[],"_links":{"self":[{"href":"https:\/\/semndecarte.metarsis.ro\/index.php?rest_route=\/wp\/v2\/posts\/10270"}],"collection":[{"href":"https:\/\/semndecarte.metarsis.ro\/index.php?rest_route=\/wp\/v2\/posts"}],"about":[{"href":"https:\/\/semndecarte.metarsis.ro\/index.php?rest_route=\/wp\/v2\/types\/post"}],"author":[{"embeddable":true,"href":"https:\/\/semndecarte.metarsis.ro\/index.php?rest_route=\/wp\/v2\/users\/1"}],"replies":[{"embeddable":true,"href":"https:\/\/semndecarte.metarsis.ro\/index.php?rest_route=%2Fwp%2Fv2%2Fcomments&post=10270"}],"version-history":[{"count":0,"href":"https:\/\/semndecarte.metarsis.ro\/index.php?rest_route=\/wp\/v2\/posts\/10270\/revisions"}],"wp:attachment":[{"href":"https:\/\/semndecarte.metarsis.ro\/index.php?rest_route=%2Fwp%2Fv2%2Fmedia&parent=10270"}],"wp:term":[{"taxonomy":"category","embeddable":true,"href":"https:\/\/semndecarte.metarsis.ro\/index.php?rest_route=%2Fwp%2Fv2%2Fcategories&post=10270"},{"taxonomy":"post_tag","embeddable":true,"href":"https:\/\/semndecarte.metarsis.ro\/index.php?rest_route=%2Fwp%2Fv2%2Ftags&post=10270"}],"curies":[{"name":"wp","href":"https:\/\/api.w.org\/{rel}","templated":true}]}}