{"id":10266,"date":"2016-08-05T11:37:46","date_gmt":"2016-08-05T09:37:46","guid":{"rendered":"http:\/\/semndecarte.metarsis.ro\/?p=10266"},"modified":"2016-08-05T11:37:46","modified_gmt":"2016-08-05T09:37:46","slug":"sarbatoarea-garanei-wolfsberger-fest-2","status":"publish","type":"post","link":"https:\/\/semndecarte.metarsis.ro\/?p=10266","title":{"rendered":"S\u0102RB\u0102TOAREA G\u0102R\u00c2NEI \/ WOLFSBERGER FEST"},"content":{"rendered":"<p>&nbsp;<\/p>\n<p style=\"text-align: justify;\"><strong> <a href=\"http:\/\/semndecarte.metarsis.ro\/wp-content\/uploads\/2013\/08\/cc004.jpg\" rel=\"lightbox[10266]\"><img loading=\"lazy\" class=\"alignleft size-full wp-image-8045\" src=\"http:\/\/semndecarte.metarsis.ro\/wp-content\/uploads\/2013\/08\/cc004.jpg\" alt=\"cc004\" width=\"520\" height=\"200\" srcset=\"https:\/\/semndecarte.metarsis.ro\/wp-content\/uploads\/2013\/08\/cc004.jpg 520w, https:\/\/semndecarte.metarsis.ro\/wp-content\/uploads\/2013\/08\/cc004-160x61.jpg 160w, https:\/\/semndecarte.metarsis.ro\/wp-content\/uploads\/2013\/08\/cc004-163x62.jpg 163w\" sizes=\"(max-width: 520px) 100vw, 520px\" \/><\/a>S\u0102RB\u0102TOAREA G\u0102R\u00c2NEI \/ WOLFSBERGER FEST <\/strong>edi\u0163ia a II-a, 2016, va avea loc dup\u0103 urm\u0103torul program:<\/p>\n<p style=\"text-align: justify;\">S\u00e2mb\u0103t\u0103, 6 august 2016, orele 12:00 Sala de conferin\u0163e a Hotelului RANCH- LA SCEN\u0102, POIANA LUPULUI<\/p>\n<p style=\"text-align: justify;\"><strong>Simpozion COMUNITATEA GERMAN\u0102 DIN RE\u015eI\u0162A \u2013 247 ani, RE\u015eI\u0162A \u2013 245 ani;<\/strong> moderator: jurnalistul Werner Kremm, \u201eAllgemeine Deutsche Zeitung f\u00fcr Rum\u00e4nien\u201e<\/p>\n<p style=\"text-align: justify;\">(ADZ); referen\u021bi: ing. Cristian Chioncel, prof. univ. dr., prorector UEM, vicepre\u015fedinte al Forumului Democratic al Germanilor din banatul Montan; dr. ing. Romulus Ioan, director general al TMK Re\u015fi\u0163a; ing. Hugo Eduard Balazs, fotoreporter Stuttgart, Germania; ing. Karl Ludwig Lup\u015fiasca.<\/p>\n<p style=\"text-align: justify;\"><strong>Prezentare film documentar: TMK 15 ani, siderurgia re\u015fi\u0163ean\u0103 azi.\u00a0<\/strong><\/p>\n<p style=\"text-align: justify;\">POIANA LUPULUI, orele 13:30<\/p>\n<p style=\"text-align: justify;\"><strong>Expozi\u0163ie de printuri pe canvas RE\u015eI\u0162A DE ALTADAT\u0102,<\/strong> selec\u0163ie semnat\u0103 Lucian Duca<\/p>\n<p style=\"text-align: justify;\"><strong>Dubl\u0103 expozi\u021bie de fotografie: \u201eRE\u015eI\u0162A\u2013 245 de ani\u201d Ioan Mato sr. \u015fi Ioan Mato jr.\u00a0<\/strong><\/p>\n<p style=\"text-align: justify;\">POIANA LUPULUI, orele 15:30<\/p>\n<p style=\"text-align: justify;\"><strong>FESTIVALUL BERII WIENINGER<\/strong><\/p>\n<p style=\"text-align: justify;\">Cep: Lora K\u00f6rtvelyessy<\/p>\n<p style=\"text-align: justify;\">Forma\u0163ia: WEIDENTHALER MUSIKANTEN (Germania)<\/p>\n<p style=\"text-align: justify;\">Grill party dansant<\/p>\n<p style=\"text-align: justify;\">Degustarea de bere, concursuri, muzic\u0103 german\u0103, antren.<\/p>\n<p style=\"text-align: justify;\">POIANA LUPULUI, orele 21:00<\/p>\n<p style=\"text-align: justify;\"><strong>MINUNATA-I PRIETENIA<\/strong>, ed. a VIII-a<\/p>\n<p style=\"text-align: justify;\">Focul de tabar\u0103 \u00een care vom arde toate necazurile, r\u0103ut\u0103\u0163ile, g\u00e2ndurile rele de peste an, va fi aprins de primarul G\u0103r\u00eenei- Wolfsberg, ing. Ioan Buda.<\/p>\n<p style=\"text-align: justify;\">Forma\u0163ia INTERMEZZO a Forumului Democratic al Germanilor din Banatul Montan<\/p>\n<p style=\"text-align: justify;\">Chitare, poezie, prieteni, g\u00e2nduri bune.\u00a0<!--more--><\/p>\n<p style=\"text-align: justify;\">Duminic\u0103, 7 august 2016, orele 11:00<\/p>\n<p style=\"text-align: justify;\">Drume\u0163ie: <strong>Drumul Crucii\/ Drumul Vie\u021bii- Kreuzzweg\/ Lebensweg<\/strong><\/p>\n<p style=\"text-align: justify;\">Eveniment organizat de Societatea pentru Cultur\u0103 METARSIS \u00een parteneriat cu Forumul Gemocratic al Germanilor din Banatul Montan, Lupo Touring, La Scen\u0103, cu sprijinul Consiliului Jude\u0163ean Cara\u015f-Severin, Agil, Gordian \u015fi Gradimex.<\/p>\n","protected":false},"excerpt":{"rendered":"<p>S\u0102RB\u0102TOAREA G\u0102R\u00c2NEI \/ WOLFSBERGER FEST edi\u0163ia a II-a, 2016, va avea loc dup\u0103 urm\u0103torul program:<\/p>\n","protected":false},"author":1,"featured_media":0,"comment_status":"open","ping_status":"open","sticky":false,"template":"","format":"standard","meta":[],"categories":[3],"tags":[337,604],"_links":{"self":[{"href":"https:\/\/semndecarte.metarsis.ro\/index.php?rest_route=\/wp\/v2\/posts\/10266"}],"collection":[{"href":"https:\/\/semndecarte.metarsis.ro\/index.php?rest_route=\/wp\/v2\/posts"}],"about":[{"href":"https:\/\/semndecarte.metarsis.ro\/index.php?rest_route=\/wp\/v2\/types\/post"}],"author":[{"embeddable":true,"href":"https:\/\/semndecarte.metarsis.ro\/index.php?rest_route=\/wp\/v2\/users\/1"}],"replies":[{"embeddable":true,"href":"https:\/\/semndecarte.metarsis.ro\/index.php?rest_route=%2Fwp%2Fv2%2Fcomments&post=10266"}],"version-history":[{"count":0,"href":"https:\/\/semndecarte.metarsis.ro\/index.php?rest_route=\/wp\/v2\/posts\/10266\/revisions"}],"wp:attachment":[{"href":"https:\/\/semndecarte.metarsis.ro\/index.php?rest_route=%2Fwp%2Fv2%2Fmedia&parent=10266"}],"wp:term":[{"taxonomy":"category","embeddable":true,"href":"https:\/\/semndecarte.metarsis.ro\/index.php?rest_route=%2Fwp%2Fv2%2Fcategories&post=10266"},{"taxonomy":"post_tag","embeddable":true,"href":"https:\/\/semndecarte.metarsis.ro\/index.php?rest_route=%2Fwp%2Fv2%2Ftags&post=10266"}],"curies":[{"name":"wp","href":"https:\/\/api.w.org\/{rel}","templated":true}]}}