{"id":1024,"date":"2010-06-17T19:30:18","date_gmt":"2010-06-17T19:30:18","guid":{"rendered":"http:\/\/librariasemndecarte.wordpress.com\/?p=1024"},"modified":"2010-09-09T09:49:07","modified_gmt":"2010-09-09T09:49:07","slug":"tineret-in-ac%c8%9biune","status":"publish","type":"post","link":"https:\/\/semndecarte.metarsis.ro\/?p=1024","title":{"rendered":"Tineret \u00een ac\u021biune &#8211; \u201dDeschiderea societ\u0103\u021bii &#8211; Mit sau necesitate\u201d"},"content":{"rendered":"<p style=\"text-align: justify;\">Masa rotund\u0103 \u201eDeschiderea siciet\u0103\u021bii &#8211; Mit sau necesitate\u201d organizat\u0103 la libr\u0103ria Semn de carte<span style=\"color: #ff0000;\">*<\/span>, i-a avut ca protagoni\u0219ti\u00a0 pe <a title=\"?\" href=\"http:\/\/semndecarte.metarsis.ro\/?page_id=842\/#Raluca Ila\u0219\" target=\"_blank\">Raluca Ila\u0219<\/a>, <a title=\"?\" href=\"http:\/\/semndecarte.metarsis.ro\/?page_id=842\/#Imre Nagy\" target=\"_blank\">Imre Nagy<\/a> \u0219i <a title=\"?\" href=\"http:\/\/semndecarte.metarsis.ro\/?page_id=842\/#George Fortun\" target=\"_blank\">George Fortun<\/a>, reprezentan\u021bi ai <a href=\"http:\/\/opacc.wordpress.com\/\" target=\"_blank\">Organiza\u0163iei Pentru Art\u0103 \u015fi Cultur\u0103  Timi\u015foara<\/a> \u015fi ai Asocia\u0163iei Conexiune Umanitar\u0103 Cara\u015f-Severin. Reuni\u0163i joi 17 iunie 2010, \u00eencep\u00e2nd cu <span style=\"font-weight: normal;\">ora 13, oficiali din Prim\u0103ria Re\u015fi\u0163a \u015fi Consiliul Jude\u0163ean Cara\u015f-Severin, profesori, educatori, ziari\u015fti, tineri \u015fi mai pu\u021bini tineri\u00a0<!--more--> au tratat subiectul \u201e<\/span><span style=\"font-weight: normal;\">includerii sociale\u201d<\/span><span style=\"font-weight: normal;\">. Evenimentul face parte din proiectul finan\u0163at de c\u0103tre Comisia European\u0103 prin programul <\/span><span style=\"font-weight: normal;\">\u201eTineret \u00een Ac\u0163iune\u201d<\/span><span style=\"font-weight: normal;\"> \u015fi este intitulat sugestiv <\/span><span style=\"font-weight: normal;\">\u201eO mie de z\u00e2mbete\u201d<\/span><span style=\"font-weight: normal;\">. \u00cent\u00e2lnirea de azi a prezentat impactul pe care acest program, implementat la Centrul Speran\u0163a, l-a avut \u00een r\u00e2ndul beneficiarilor, rezultatele, sugestiile \u015fi comentariile pedagogilor precum \u015fi proiecte viitoare. S-a discutat (uneori contradictoriu), s-au lamurit termeni, s-au pus \u00eentreb\u0103ri, s-au dat raspunsuri, \u00eentr-un cuv\u00e2nt s-au creat conexiuni umane. Si ceea ce este mai important-  tinerele participante &#8211; Roxana Pa\u015folea, Iulia Kerbalek, Andreea Mingea \u015fi Nicoleta Tulbure, eleve ale prof. Simona Cur\u0103scu, au avut posibilitatea s\u0103 se exprime direct, deschis, spun\u00e2ndu-\u015fi punctul de vedere, descoperindu-\u015fi poten\u0163ialul de dezvoltare personal\u0103, cunosc\u00e2nd oameni \u015fi implic\u00e2ndu-se, chiar dac\u0103 timid pentru \u00eenceput, \u00een via\u0163a cultural social\u0103 a comunit\u0103\u021bii.<\/span><\/p>\n<p><span style=\"font-weight: normal;\"> <\/span><\/p>\n<p style=\"text-align: justify;\"><em>\u201dAici am \u00eent\u00e2lnit oameni foarte dr\u0103gu\u021bi, diferi\u021bi \u0219i sinceri.  Reprezentan\u021bi ai autorit\u0103\u021bilor locale \u0219i jude\u021bene, dasc\u0103li, jurnali\u0219ti,  elevi, \u0219i minunatele noastre gazde :).<span style=\"font-weight: normal;\">Discu\u021bia a decurs foarte bine, invita\u021bii no\u0219tri au fost deschi\u0219i \u00eenspre  dialog pe tema includerii sociale, \u0219i chiar s-au mai incins spiritele  din c\u00e2nd \u00een c\u00e2nd. Am urmat agenda de discu\u021bie planificat\u0103 at\u00e2t c\u00e2t s-a putut\u2026dar la  subiecte sensibile cum ar fi cele cu privire la legisla\u021bie sau  individualism, spiritul critic din fiecare dintre noi s-a dezlan\u021buit.<br \/>\n\u00censpre sf\u00e2r\u0219itul discu\u021biei, Domnul prof. Ovidiu B\u0103descu a pus punctul pe  \u201di\u201d\u2026haide\u021bi s\u0103 nu ne mai \u00eenpotmolim \u00een critic\u0103 \u0219i \u00een ceea ce e gre\u0219it \u00een  societatea noatr\u0103 \u00een ziua de azi, ci s\u0103 identific\u0103m aspectele pozitive \u0219i s\u0103 plus\u0103m pe ele.<br \/>\n\u00centradev\u0103r, astfel schimb\u0103m mentalit\u0103\u021bi \u0219i rela\u021bii inter-umane, astfel  ne \u00eendrept\u0103m \u00eenspre deschiderea societ\u0103\u021bii. Dac\u0103 suntem creatori de  cultur\u0103, \u0219i prin ea ridic\u0103m sistemul de valori comun \u00een care to\u021bi  membrii comunit\u0103\u021bii se reg\u0103sesc\u2026a\u0219a vom ajunge s\u0103 fim sinceri unii cu  ceilal\u021bi, z\u00e2mbitori \u0219i buni.\u201d<\/span><\/em><\/p>\n<p style=\"text-align: right;\"><em><span style=\"font-weight: normal;\">Raluca Ila\u0219 &#8211; \u201eOrganiza\u021bia pentru Art\u0103 \u0219i Cultur\u0103 Timi\u0219oara\u201d<\/span><\/em><\/p>\n<p style=\"text-align: left;\"><em><span style=\"font-weight: normal;\"><a href=\"http:\/\/semndecarte.metarsis.ro\/wp-content\/uploads\/2010\/06\/deschiderea-societatii-la-semn-de-carte-_5.jpg\" rel=\"lightbox[1024]\"><img loading=\"lazy\" class=\"alignleft size-thumbnail wp-image-4092\" title=\"Imre Nagy, Raluca Ila\u0219 \u0219i George Fortun\" src=\"http:\/\/semndecarte.metarsis.ro\/wp-content\/uploads\/2010\/06\/deschiderea-societatii-la-semn-de-carte-_5-95x95.jpg\" alt=\"\" width=\"95\" height=\"95\" \/><\/a><a href=\"http:\/\/semndecarte.metarsis.ro\/wp-content\/uploads\/2010\/06\/deschiderea-societatii-la-semn-de-carte-_7.jpg\" rel=\"lightbox[1024]\"><img loading=\"lazy\" class=\"alignleft size-thumbnail wp-image-4093\" title=\"\u00cent\u00e2lnire cu tema \u201eDeschiderea societatii -mit sau necesitate\u201d\" src=\"http:\/\/semndecarte.metarsis.ro\/wp-content\/uploads\/2010\/06\/deschiderea-societatii-la-semn-de-carte-_7-95x95.jpg\" alt=\"\" width=\"95\" height=\"95\" \/><\/a><a href=\"http:\/\/semndecarte.metarsis.ro\/wp-content\/uploads\/2010\/06\/deschiderea-societatii-la-semn-de-carte-_1.jpg\" rel=\"lightbox[1024]\"><img loading=\"lazy\" class=\"alignleft size-thumbnail wp-image-4094\" title=\"\u00cent\u00e2lnire cu tema \u201eDeschiderea societatii -mit sau necesitate\u201d\" src=\"http:\/\/semndecarte.metarsis.ro\/wp-content\/uploads\/2010\/06\/deschiderea-societatii-la-semn-de-carte-_1-95x95.jpg\" alt=\"\" width=\"95\" height=\"95\" \/><\/a><a href=\"http:\/\/semndecarte.metarsis.ro\/wp-content\/uploads\/2010\/06\/deschiderea-societatii-la-semn-de-carte-_4.jpg\" rel=\"lightbox[1024]\"><img loading=\"lazy\" class=\"alignleft size-thumbnail wp-image-4095\" title=\"\u00cent\u00e2lnire cu tema \u201eDeschiderea societatii -mit sau necesitate\u201d\" src=\"http:\/\/semndecarte.metarsis.ro\/wp-content\/uploads\/2010\/06\/deschiderea-societatii-la-semn-de-carte-_4-95x95.jpg\" alt=\"\" width=\"95\" height=\"95\" \/><\/a><a href=\"http:\/\/semndecarte.metarsis.ro\/wp-content\/uploads\/2010\/06\/deschiderea-societatii-la-semn-de-carte-_71.jpg\" rel=\"lightbox[1024]\"><img loading=\"lazy\" class=\"alignleft size-thumbnail wp-image-4096\" title=\"\u00cent\u00e2lnire cu tema \u201eDeschiderea societatii -mit sau necesitate\u201d\" src=\"http:\/\/semndecarte.metarsis.ro\/wp-content\/uploads\/2010\/06\/deschiderea-societatii-la-semn-de-carte-_71-95x95.jpg\" alt=\"\" width=\"95\" height=\"95\" \/><\/a><object classid=\"clsid:d27cdb6e-ae6d-11cf-96b8-444553540000\" width=\"520\" height=\"428\" codebase=\"http:\/\/download.macromedia.com\/pub\/shockwave\/cabs\/flash\/swflash.cab#version=6,0,40,0\"><param name=\"play\" value=\"false\" \/><param name=\"loop\" value=\"false\" \/><param name=\"src\" value=\"http:\/\/www.youtube.com\/v\/9j0aPSf-f5g&amp;rel=0&amp;fs=1\" \/><param name=\"align\" value=\"top\" \/><embed type=\"application\/x-shockwave-flash\" width=\"520\" height=\"428\" src=\"http:\/\/www.youtube.com\/v\/9j0aPSf-f5g&amp;rel=0&amp;fs=1\" align=\"top\" loop=\"false\" play=\"false\"><\/embed><\/object><br \/>\n<\/span><\/em><\/p>\n<p style=\"text-align: right;\"><em><span style=\"font-weight: normal;\"><br \/>\n<\/span><\/em><\/p>\n<address><em><span style=\"font-weight: normal;\"> <\/span><\/em><span style=\"color: #ffffff;\"><span style=\"font-weight: normal;\"> <\/span><\/span><strong>Articole \u00een pres\u0103 pe aceast\u0103 tem\u0103:<\/strong><\/address>\n<address><a href=\"http:\/\/www.caon.ro\/stiri\/im:caon:news-caras\/articol\/sub-semnul-stigmatizarii\/cn\/news-20100617-06462636\" target=\"_blank\"><span style=\"font-weight: normal;\">http:\/\/www.caon.ro\/stiri\/im:caon:news-caras\/articol\/&#8230;<\/span><\/a><\/address>\n<address><a href=\"http:\/\/www.argument-cs.ro\/content\/tineri-%C3%AEn-ac%C5%A3iune-cu-z%C3%A2mbetul-pe-buze\" target=\"_blank\"><span style=\"font-weight: normal;\">http:\/\/www.argument-cs.ro\/content\/tineri-&#8230;<\/span><\/a><\/address>\n","protected":false},"excerpt":{"rendered":"<p>Masa rotund\u0103 \u201dDeschiderea siciet\u0103\u021bii &#8211; Mit sau necesitate\u201d organizat\u0103 la libr\u0103ria Semn de carte*, i-a avut ca protagoni\u0219ti  pe Raluca Ila\u0219, Imre Nagy \u0219i George Fortun, reprezentan\u021bi ai Organiza\u0163iei Pentru Art\u0103 \u015fi Cultur\u0103 Timi\u015foara&#8230;<\/p>\n","protected":false},"author":1,"featured_media":0,"comment_status":"open","ping_status":"open","sticky":false,"template":"","format":"standard","meta":[],"categories":[6,7],"tags":[35],"_links":{"self":[{"href":"https:\/\/semndecarte.metarsis.ro\/index.php?rest_route=\/wp\/v2\/posts\/1024"}],"collection":[{"href":"https:\/\/semndecarte.metarsis.ro\/index.php?rest_route=\/wp\/v2\/posts"}],"about":[{"href":"https:\/\/semndecarte.metarsis.ro\/index.php?rest_route=\/wp\/v2\/types\/post"}],"author":[{"embeddable":true,"href":"https:\/\/semndecarte.metarsis.ro\/index.php?rest_route=\/wp\/v2\/users\/1"}],"replies":[{"embeddable":true,"href":"https:\/\/semndecarte.metarsis.ro\/index.php?rest_route=%2Fwp%2Fv2%2Fcomments&post=1024"}],"version-history":[{"count":0,"href":"https:\/\/semndecarte.metarsis.ro\/index.php?rest_route=\/wp\/v2\/posts\/1024\/revisions"}],"wp:attachment":[{"href":"https:\/\/semndecarte.metarsis.ro\/index.php?rest_route=%2Fwp%2Fv2%2Fmedia&parent=1024"}],"wp:term":[{"taxonomy":"category","embeddable":true,"href":"https:\/\/semndecarte.metarsis.ro\/index.php?rest_route=%2Fwp%2Fv2%2Fcategories&post=1024"},{"taxonomy":"post_tag","embeddable":true,"href":"https:\/\/semndecarte.metarsis.ro\/index.php?rest_route=%2Fwp%2Fv2%2Ftags&post=1024"}],"curies":[{"name":"wp","href":"https:\/\/api.w.org\/{rel}","templated":true}]}}