{"id":10211,"date":"2016-07-18T19:53:00","date_gmt":"2016-07-18T17:53:00","guid":{"rendered":"http:\/\/semndecarte.metarsis.ro\/?p=10211"},"modified":"2016-07-18T19:53:00","modified_gmt":"2016-07-18T17:53:00","slug":"caleidoscop","status":"publish","type":"post","link":"https:\/\/semndecarte.metarsis.ro\/?p=10211","title":{"rendered":"CALEIDOSCOP"},"content":{"rendered":"<p><strong><a href=\"http:\/\/semndecarte.metarsis.ro\/wp-content\/uploads\/2016\/07\/cop3.jpg\" rel=\"lightbox[10211]\"><img loading=\"lazy\" class=\"alignleft size-full wp-image-10212\" src=\"http:\/\/semndecarte.metarsis.ro\/wp-content\/uploads\/2016\/07\/cop3.jpg\" alt=\"cop\" width=\"520\" height=\"200\" srcset=\"https:\/\/semndecarte.metarsis.ro\/wp-content\/uploads\/2016\/07\/cop3.jpg 520w, https:\/\/semndecarte.metarsis.ro\/wp-content\/uploads\/2016\/07\/cop3-160x62.jpg 160w, https:\/\/semndecarte.metarsis.ro\/wp-content\/uploads\/2016\/07\/cop3-163x63.jpg 163w\" sizes=\"(max-width: 520px) 100vw, 520px\" \/><\/a>Pasteluri semnate arh. Georgeta \u021a\u0103ranu-Drafta\u00a0<\/strong><\/p>\n<p style=\"text-align: justify;\">Miercuri, 20 iulie 2016, orele 18:00. libr\u0103ria Semn de Carte din Re\u0219i\u021ba, str. Libert\u0103\u021bii 13, va g\u0103zdui vernisajul expozi\u021biei CALEIDOSCOP, pasteluri semnate arh. Georgeta \u021a\u0103ranu-Drafta.<\/p>\n<p style=\"text-align: justify;\">N\u0103scut\u0103 la Oravi\u021ba, absolvent\u0103 de Arhitectur\u0103 la Timi\u0219oara \u0219i de \u0218col\u0103 Popular\u0103 de Art\u0103 la R\u00e2mnicu-V\u00e2lcea, stabilit\u0103 \u00een Canada din 1990-2012, Georgeta \u021a\u0103ranu-Drafta este pasionat\u0103 de fotografie, drume\u021bii \u0219i, nu \u00een ultimul r\u00e2nd, de desen. Participant\u0103 la expozi\u021bii de grup \u00een R\u00e2mnicu-V\u00e2lcea, Bucure\u0219ti \u0219i Val David \u2013Canada, Georgeta \u021a\u0103ranu-Drafta aduce \u00een fa\u021ba publicului re\u0219i\u021bean 17 pasteluri \u00eentr-o prim\u0103 expozi\u021bie personal\u0103 realizat\u0103 \u00een ora\u0219ul de pe B\u00e2rzava.<!--more--><\/p>\n<p style=\"text-align: justify;\">A\u0219adar v\u0103 invit\u0103m la o \u00eent\u00e2lnire \u00eentre prieteni, la o dup\u0103-amiaz\u0103 dedicat\u0103 artei plastice.<\/p>\n<p style=\"text-align: justify;\">\u00cenvita\u021bi speciali: C\u0103lin Chincea, critic de art\u0103, Adrian Stepan- critic de art\u0103, Doru-Dinu Gl\u0103van- pre\u0219edinte UZP Rom\u00e2nia, Sabin Pautza- dirijor \u0219i compozitor, pre\u0219edinte Metarsis.<\/p>\n<p style=\"text-align: justify;\">Eveniment organizat de Societatea pentru Cultur\u0103 METARSIS- activit\u0103\u021bi \u0219i servicii de cultur\u0103 urban\u0103 si art\u0103 contemporan\u0103 prin Libr\u0103ria Semn de Carte.<\/p>\n","protected":false},"excerpt":{"rendered":"<p>Miercuri, 20 iulie 2016, orele 18:00. libr\u0103ria Semn de Carte din Re\u0219i\u021ba, str. Libert\u0103\u021bii 13, va g\u0103zdui vernisajul expozi\u021biei CALEIDOSCOP, pasteluri semnate arh. Georgeta \u021a\u0103ranu-Drafta.<\/p>\n","protected":false},"author":1,"featured_media":0,"comment_status":"open","ping_status":"open","sticky":false,"template":"","format":"standard","meta":[],"categories":[3],"tags":[543],"_links":{"self":[{"href":"https:\/\/semndecarte.metarsis.ro\/index.php?rest_route=\/wp\/v2\/posts\/10211"}],"collection":[{"href":"https:\/\/semndecarte.metarsis.ro\/index.php?rest_route=\/wp\/v2\/posts"}],"about":[{"href":"https:\/\/semndecarte.metarsis.ro\/index.php?rest_route=\/wp\/v2\/types\/post"}],"author":[{"embeddable":true,"href":"https:\/\/semndecarte.metarsis.ro\/index.php?rest_route=\/wp\/v2\/users\/1"}],"replies":[{"embeddable":true,"href":"https:\/\/semndecarte.metarsis.ro\/index.php?rest_route=%2Fwp%2Fv2%2Fcomments&post=10211"}],"version-history":[{"count":0,"href":"https:\/\/semndecarte.metarsis.ro\/index.php?rest_route=\/wp\/v2\/posts\/10211\/revisions"}],"wp:attachment":[{"href":"https:\/\/semndecarte.metarsis.ro\/index.php?rest_route=%2Fwp%2Fv2%2Fmedia&parent=10211"}],"wp:term":[{"taxonomy":"category","embeddable":true,"href":"https:\/\/semndecarte.metarsis.ro\/index.php?rest_route=%2Fwp%2Fv2%2Fcategories&post=10211"},{"taxonomy":"post_tag","embeddable":true,"href":"https:\/\/semndecarte.metarsis.ro\/index.php?rest_route=%2Fwp%2Fv2%2Ftags&post=10211"}],"curies":[{"name":"wp","href":"https:\/\/api.w.org\/{rel}","templated":true}]}}