{"id":10173,"date":"2016-07-16T10:06:19","date_gmt":"2016-07-16T08:06:19","guid":{"rendered":"http:\/\/semndecarte.metarsis.ro\/?p=10173"},"modified":"2016-07-16T11:07:51","modified_gmt":"2016-07-16T09:07:51","slug":"clasiscs-meet-jazz","status":"publish","type":"post","link":"https:\/\/semndecarte.metarsis.ro\/?p=10173","title":{"rendered":"Classics meet Jazz"},"content":{"rendered":"<p style=\"text-align: justify;\"><strong>G\u0103r\u00e2na, 10 iulie 2016\u00a0<\/strong><\/p>\n<p style=\"text-align: justify;\"><a href=\"http:\/\/semndecarte.metarsis.ro\/wp-content\/uploads\/2016\/07\/cop2.jpg\" rel=\"lightbox[10173]\"><img loading=\"lazy\" class=\"alignleft size-full wp-image-10174\" src=\"http:\/\/semndecarte.metarsis.ro\/wp-content\/uploads\/2016\/07\/cop2.jpg\" alt=\"cop\" width=\"520\" height=\"200\" srcset=\"https:\/\/semndecarte.metarsis.ro\/wp-content\/uploads\/2016\/07\/cop2.jpg 520w, https:\/\/semndecarte.metarsis.ro\/wp-content\/uploads\/2016\/07\/cop2-160x62.jpg 160w, https:\/\/semndecarte.metarsis.ro\/wp-content\/uploads\/2016\/07\/cop2-163x63.jpg 163w\" sizes=\"(max-width: 520px) 100vw, 520px\" \/><\/a>\u00cen micu\u021ba biseric\u0103 romano-catolic\u0103 din Gar\u00e2na\/ Wolfsberg, localitate a\u0219ezat\u0103 la poalele mun\u021bilor Semenic, duminic\u0103, 10 iulie 2016, a avut loc un regal vocal-instrumental de excep\u021bie sus\u021binut de \u00a0tineri muzicieni lega\u021bi indisolubil \u00eentre ei prin \u00a0faptul c\u0103, o parte din pregatirea lor muzical\u0103 \u2013 cea liceeal\u0103- s-a desfa\u0219urat la \u00a0Liceului de Arte \u201dSabin P\u0103u\u021ba\u201d din Re\u0219i\u021ba.<br \/>\n<!--more--><\/p>\n<p style=\"text-align: justify;\"><a href=\"http:\/\/semndecarte.metarsis.ro\/wp-content\/uploads\/2016\/07\/Classic-meet-jazz-2016_001.jpg\" rel=\"lightbox[10173]\"><img loading=\"lazy\" class=\"alignleft size-thumbnail wp-image-10175\" src=\"http:\/\/semndecarte.metarsis.ro\/wp-content\/uploads\/2016\/07\/Classic-meet-jazz-2016_001-95x95.jpg\" alt=\"Classic meet jazz 2016_001\" width=\"95\" height=\"95\" \/><\/a> <a href=\"http:\/\/semndecarte.metarsis.ro\/wp-content\/uploads\/2016\/07\/Classic-meet-jazz-2016_003.jpg\" rel=\"lightbox[10173]\"><img loading=\"lazy\" class=\"alignleft size-thumbnail wp-image-10176\" src=\"http:\/\/semndecarte.metarsis.ro\/wp-content\/uploads\/2016\/07\/Classic-meet-jazz-2016_003-95x95.jpg\" alt=\"Classic meet jazz 2016_003\" width=\"95\" height=\"95\" \/><\/a> <a href=\"http:\/\/semndecarte.metarsis.ro\/wp-content\/uploads\/2016\/07\/Classic-meet-jazz-2016_012.jpg\" rel=\"lightbox[10173]\"><img loading=\"lazy\" class=\"alignleft size-thumbnail wp-image-10177\" src=\"http:\/\/semndecarte.metarsis.ro\/wp-content\/uploads\/2016\/07\/Classic-meet-jazz-2016_012-95x95.jpg\" alt=\"Classic meet jazz 2016_012\" width=\"95\" height=\"95\" \/><\/a> <a href=\"http:\/\/semndecarte.metarsis.ro\/wp-content\/uploads\/2016\/07\/Classic-meet-jazz-2016_016.jpg\" rel=\"lightbox[10173]\"><img loading=\"lazy\" class=\"alignleft size-thumbnail wp-image-10178\" src=\"http:\/\/semndecarte.metarsis.ro\/wp-content\/uploads\/2016\/07\/Classic-meet-jazz-2016_016-95x95.jpg\" alt=\"Classic meet jazz 2016_016\" width=\"95\" height=\"95\" \/><\/a> <a href=\"http:\/\/semndecarte.metarsis.ro\/wp-content\/uploads\/2016\/07\/Classic-meet-jazz-2016_018.jpg\" rel=\"lightbox[10173]\"><img loading=\"lazy\" class=\"alignleft size-thumbnail wp-image-10179\" src=\"http:\/\/semndecarte.metarsis.ro\/wp-content\/uploads\/2016\/07\/Classic-meet-jazz-2016_018-95x95.jpg\" alt=\"Classic meet jazz 2016_018\" width=\"95\" height=\"95\" \/><\/a><a href=\"http:\/\/semndecarte.metarsis.ro\/wp-content\/uploads\/2016\/07\/Classic-meet-jazz-2016_021.jpg\" rel=\"lightbox[10173]\"><img loading=\"lazy\" class=\"alignleft size-thumbnail wp-image-10180\" src=\"http:\/\/semndecarte.metarsis.ro\/wp-content\/uploads\/2016\/07\/Classic-meet-jazz-2016_021-95x95.jpg\" alt=\"Classic meet jazz 2016_021\" width=\"95\" height=\"95\" \/><\/a> <a href=\"http:\/\/semndecarte.metarsis.ro\/wp-content\/uploads\/2016\/07\/Classic-meet-jazz-2016_023.jpg\" rel=\"lightbox[10173]\"><img loading=\"lazy\" class=\"alignleft size-thumbnail wp-image-10181\" src=\"http:\/\/semndecarte.metarsis.ro\/wp-content\/uploads\/2016\/07\/Classic-meet-jazz-2016_023-95x95.jpg\" alt=\"Classic meet jazz 2016_023\" width=\"95\" height=\"95\" \/><\/a> <a href=\"http:\/\/semndecarte.metarsis.ro\/wp-content\/uploads\/2016\/07\/Classic-meet-jazz-2016_024.jpg\" rel=\"lightbox[10173]\"><img loading=\"lazy\" class=\"alignleft size-thumbnail wp-image-10182\" src=\"http:\/\/semndecarte.metarsis.ro\/wp-content\/uploads\/2016\/07\/Classic-meet-jazz-2016_024-95x95.jpg\" alt=\"Classic meet jazz 2016_024\" width=\"95\" height=\"95\" \/><\/a> <a href=\"http:\/\/semndecarte.metarsis.ro\/wp-content\/uploads\/2016\/07\/Classic-meet-jazz-2016_029.jpg\" rel=\"lightbox[10173]\"><img loading=\"lazy\" class=\"alignleft size-thumbnail wp-image-10183\" src=\"http:\/\/semndecarte.metarsis.ro\/wp-content\/uploads\/2016\/07\/Classic-meet-jazz-2016_029-95x95.jpg\" alt=\"Classic meet jazz 2016_029\" width=\"95\" height=\"95\" \/><\/a> <a href=\"http:\/\/semndecarte.metarsis.ro\/wp-content\/uploads\/2016\/07\/Classic-meet-jazz-2016_030.jpg\" rel=\"lightbox[10173]\"><img loading=\"lazy\" class=\"alignleft size-thumbnail wp-image-10184\" src=\"http:\/\/semndecarte.metarsis.ro\/wp-content\/uploads\/2016\/07\/Classic-meet-jazz-2016_030-95x95.jpg\" alt=\"Classic meet jazz 2016_030\" width=\"95\" height=\"95\" \/><\/a>Invitatul special al concertului, singura personalitate \u00een via\u021b\u0103 \u00een onoarea c\u0103reia se organizeaz\u0103 un Festival Interna\u021bional ajuns la edi\u021bia a III-a \u00een 2016 \u0219i care are, din 2006, un liceu care-i poart\u0103 numele, dirijorul \u0219i compozitorul Sabin P\u0103utza este cel care a facut leg\u0103tura \u00eentre clasicii prezen\u021bi \u00een program \u0219i jazz-ul care rasun\u0103, de 20 de ani, peste dealurile G\u0103r\u00e2nei \u00eentr-un Festival Interna\u021bional devenit deja brand. Sabin PAUTZA, \u00a0primul \u00een lume care a folosit muzica lui Jimi Hendrix \u015fi Rolling Stones pentru a preda compozi\u021bie la Conservatorul din Ia\u0219i, este cel care \u00eembin\u0103 fericit muzica simfonic\u0103 \u0219i jazzul. Sub bagheta sa au concertat, cu Filarmonicile din Cluj, T\u00e2rgu-Mure\u0219, Sibiu \u0219i nu numai, nume sonore ale jazz-ul autohton \u0219i interna\u021bional, printre care: Elena M\u00e2ndru, Nicolas Simion. Toumas Turunen, Michael Acker, Sorin Romanescu, Florian Weber, Alan Jones \u0219.a. \u00een concerte de jazz simfonic memorabile. <iframe src=\"\/\/www.youtube.com\/embed\/RDuFanspX-s\" width=\"520\" height=\"350\" allowfullscreen=\"allowfullscreen\"><\/iframe>Prezenta\u021bi competent \u0219i asculta\u021bi cu aten\u021bie de Maestru, tinerii muzicieni protagoni\u0219ti ai concertului de duminic\u0103 au tr\u0103it emo\u021bii la cote \u00eenalte. Iasmina Dalea- sopran\u0103 de coloratur\u0103, absolvent\u0103 anul acesta a Liceului \u0219i student\u0103 din toamn\u0103 a Facult\u0103\u021bii de Muzic\u0103 din Timi\u0219oara a f\u0103cut dovada calit\u0103\u021bilor sale vocale cu cele dou\u0103 lucr\u0103ri baroce semnate Georg Friedrich H\u00e4ndel:\u00a0<em>Stabar mater Pergolesi<\/em>\u00a0\u0219i\u00a0<em>Chi\u2019 o mai vipossa<\/em>\u00a0iar \u00a0soprana Dorina Laza, elev\u0103 \u00een clasa a XII-a a Liceului re\u0219i\u021bean a adus prospe\u021bime \u0219i a emo\u021bionat interpret\u00e2nd: <em>Lascia chi o pianga( Rinaldo)<\/em>\u00a0de H\u00e4ndel \u0219i <em>Ave<\/em>\u00a0<em>Maria<\/em>\u00a0Franz Schubert. Cele dou\u0103 tinere, eleve ale prof. Alina Aionese au fost acompaniate la pian de prof. Lucia Ghilea.<\/p>\n<p style=\"text-align: justify;\"><a href=\"http:\/\/semndecarte.metarsis.ro\/wp-content\/uploads\/2016\/07\/Classic-meet-jazz-2016_033.jpg\" rel=\"lightbox[10173]\"><img loading=\"lazy\" class=\"alignleft size-thumbnail wp-image-10185\" src=\"http:\/\/semndecarte.metarsis.ro\/wp-content\/uploads\/2016\/07\/Classic-meet-jazz-2016_033-95x95.jpg\" alt=\"Classic meet jazz 2016_033\" width=\"95\" height=\"95\" \/><\/a> <a href=\"http:\/\/semndecarte.metarsis.ro\/wp-content\/uploads\/2016\/07\/Classic-meet-jazz-2016_034.jpg\" rel=\"lightbox[10173]\"><img loading=\"lazy\" class=\"alignleft size-thumbnail wp-image-10186\" src=\"http:\/\/semndecarte.metarsis.ro\/wp-content\/uploads\/2016\/07\/Classic-meet-jazz-2016_034-95x95.jpg\" alt=\"Classic meet jazz 2016_034\" width=\"95\" height=\"95\" \/><\/a> <a href=\"http:\/\/semndecarte.metarsis.ro\/wp-content\/uploads\/2016\/07\/Classic-meet-jazz-2016_041.jpg\" rel=\"lightbox[10173]\"><img loading=\"lazy\" class=\"alignleft size-thumbnail wp-image-10187\" src=\"http:\/\/semndecarte.metarsis.ro\/wp-content\/uploads\/2016\/07\/Classic-meet-jazz-2016_041-95x95.jpg\" alt=\"Classic meet jazz 2016_041\" width=\"95\" height=\"95\" \/><\/a> <a href=\"http:\/\/semndecarte.metarsis.ro\/wp-content\/uploads\/2016\/07\/Classic-meet-jazz-2016_042.jpg\" rel=\"lightbox[10173]\"><img loading=\"lazy\" class=\"alignleft size-thumbnail wp-image-10188\" src=\"http:\/\/semndecarte.metarsis.ro\/wp-content\/uploads\/2016\/07\/Classic-meet-jazz-2016_042-95x95.jpg\" alt=\"Classic meet jazz 2016_042\" width=\"95\" height=\"95\" \/><\/a> <a href=\"http:\/\/semndecarte.metarsis.ro\/wp-content\/uploads\/2016\/07\/Classic-meet-jazz-2016_043.jpg\" rel=\"lightbox[10173]\"><img loading=\"lazy\" class=\"alignleft size-thumbnail wp-image-10189\" src=\"http:\/\/semndecarte.metarsis.ro\/wp-content\/uploads\/2016\/07\/Classic-meet-jazz-2016_043-95x95.jpg\" alt=\"Classic meet jazz 2016_043\" width=\"95\" height=\"95\" \/><\/a> <a href=\"http:\/\/semndecarte.metarsis.ro\/wp-content\/uploads\/2016\/07\/Classic-meet-jazz-2016_047.jpg\" rel=\"lightbox[10173]\"><img loading=\"lazy\" class=\"alignleft size-thumbnail wp-image-10190\" src=\"http:\/\/semndecarte.metarsis.ro\/wp-content\/uploads\/2016\/07\/Classic-meet-jazz-2016_047-95x95.jpg\" alt=\"Classic meet jazz 2016_047\" width=\"95\" height=\"95\" \/><\/a> <a href=\"http:\/\/semndecarte.metarsis.ro\/wp-content\/uploads\/2016\/07\/Classic-meet-jazz-2016_048.jpg\" rel=\"lightbox[10173]\"><img loading=\"lazy\" class=\"alignleft size-thumbnail wp-image-10191\" src=\"http:\/\/semndecarte.metarsis.ro\/wp-content\/uploads\/2016\/07\/Classic-meet-jazz-2016_048-95x95.jpg\" alt=\"Classic meet jazz 2016_048\" width=\"95\" height=\"95\" \/><\/a> <a href=\"http:\/\/semndecarte.metarsis.ro\/wp-content\/uploads\/2016\/07\/Classic-meet-jazz-2016_053.jpg\" rel=\"lightbox[10173]\"><img loading=\"lazy\" class=\"alignleft size-thumbnail wp-image-10192\" src=\"http:\/\/semndecarte.metarsis.ro\/wp-content\/uploads\/2016\/07\/Classic-meet-jazz-2016_053-95x95.jpg\" alt=\"Classic meet jazz 2016_053\" width=\"95\" height=\"95\" \/><\/a> <a href=\"http:\/\/semndecarte.metarsis.ro\/wp-content\/uploads\/2016\/07\/Classic-meet-jazz-2016_063.jpg\" rel=\"lightbox[10173]\"><img loading=\"lazy\" class=\"alignleft size-thumbnail wp-image-10193\" src=\"http:\/\/semndecarte.metarsis.ro\/wp-content\/uploads\/2016\/07\/Classic-meet-jazz-2016_063-95x95.jpg\" alt=\"Classic meet jazz 2016_063\" width=\"95\" height=\"95\" \/><\/a> <a href=\"http:\/\/semndecarte.metarsis.ro\/wp-content\/uploads\/2016\/07\/Classic-meet-jazz-2016_065.jpg\" rel=\"lightbox[10173]\"><img loading=\"lazy\" class=\"alignleft size-thumbnail wp-image-10194\" src=\"http:\/\/semndecarte.metarsis.ro\/wp-content\/uploads\/2016\/07\/Classic-meet-jazz-2016_065-95x95.jpg\" alt=\"Classic meet jazz 2016_065\" width=\"95\" height=\"95\" \/><\/a>T\u00e2narul profesor Cristian Ro\u0219oag\u0103, absolvent al Conservatorului Gheorghe Dima din Cluj, pianist, organist dar \u0219i \u201ddescoperitor\u201d al clavecinului, participant la festivaluri de org\u0103 \u015fi cursuri de m\u0103estrie \u00een Serbia, Germania \u015fi Olanda, implicat \u00een numeroase proiecte muzicale din Re\u0219i\u021ba \u0219i nu numai a fost \u201dpianul\u201d de rezisten\u021b\u0103 al concertului din micu\u021ba biseric\u0103 din G\u0103r\u00e2na. T\u00e2n\u0103ra flautist\u0103 Oana B\u0103desu, absolvent\u0103 a Conservatorului clujean, actualmente component\u0103 a Filarmonicii de Stat din Sibiu \u0219i profesor de flaut la Alba Iulia ne-a fermecat , pur \u0219i simplu, cu <em>Rondo, Poloneza, Menuet si Badinerie<\/em>\u00a0din Suita nr. 2 de Johann Sebastian Bach \u0219i \u00a0<em>Image<\/em>\u00a0de Eugene Bozza. T\u00e2narul fagotist Remus Ailenei, absolvent al Universit\u0103\u021bii de Arte \u201dGeorge Enescu\u201d din Ia\u0219i, component al orchestrei Operei din capitala Moldovei, cu Sonata lui Benetto Marcello \u0219i Concertul nr. 1 \u00een re\u00a0minor de Antonio Vivaldi a adus \u00een lumin\u0103 barocul muzical vene\u021bian printr-o interpretare de \u00eenal nivel,\u00a0plin\u0103 de sensibilitate. \u0218i nu \u00een ultimul r\u00e2nd, Eduard Gentile Ailenei, profesor al Liceului de Arte re\u0219itean, absolvent al Facult\u0103\u021bii de Arte Oradea, prin fantezia <em>Somnambula<\/em>\u00a0de \u00a0Giovanni Botessini, <em>Siciliana<\/em>\u00a0de Constantin Notarra \u0219i <em>Hora Mar\u021bi\u0219orului<\/em>\u00a0de Grigora\u0219 Dinicu a surprins \u00een mod pl\u0103cut f\u0103c\u00e2nd dovada tehnicii excep\u021bionale pe care o de\u021bine \u00een m\u00e2nuirea contrabasului.<\/p>\n<p style=\"text-align: justify;\"><a href=\"http:\/\/semndecarte.metarsis.ro\/wp-content\/uploads\/2016\/07\/Classic-meet-jazz-2016_070.jpg\" rel=\"lightbox[10173]\"><img loading=\"lazy\" class=\"alignleft size-thumbnail wp-image-10195\" src=\"http:\/\/semndecarte.metarsis.ro\/wp-content\/uploads\/2016\/07\/Classic-meet-jazz-2016_070-95x95.jpg\" alt=\"Classic meet jazz 2016_070\" width=\"95\" height=\"95\" \/><\/a> <a href=\"http:\/\/semndecarte.metarsis.ro\/wp-content\/uploads\/2016\/07\/Classic-meet-jazz-2016_072.jpg\" rel=\"lightbox[10173]\"><img loading=\"lazy\" class=\"alignleft size-thumbnail wp-image-10196\" src=\"http:\/\/semndecarte.metarsis.ro\/wp-content\/uploads\/2016\/07\/Classic-meet-jazz-2016_072-95x95.jpg\" alt=\"Classic meet jazz 2016_072\" width=\"95\" height=\"95\" \/><\/a> <a href=\"http:\/\/semndecarte.metarsis.ro\/wp-content\/uploads\/2016\/07\/Classic-meet-jazz-2016_075.jpg\" rel=\"lightbox[10173]\"><img loading=\"lazy\" class=\"alignleft size-thumbnail wp-image-10197\" src=\"http:\/\/semndecarte.metarsis.ro\/wp-content\/uploads\/2016\/07\/Classic-meet-jazz-2016_075-95x95.jpg\" alt=\"Classic meet jazz 2016_075\" width=\"95\" height=\"95\" \/><\/a> <a href=\"http:\/\/semndecarte.metarsis.ro\/wp-content\/uploads\/2016\/07\/Classic-meet-jazz-2016_084.jpg\" rel=\"lightbox[10173]\"><img loading=\"lazy\" class=\"alignleft size-thumbnail wp-image-10198\" src=\"http:\/\/semndecarte.metarsis.ro\/wp-content\/uploads\/2016\/07\/Classic-meet-jazz-2016_084-95x95.jpg\" alt=\"Classic meet jazz 2016_084\" width=\"95\" height=\"95\" \/><\/a> <a href=\"http:\/\/semndecarte.metarsis.ro\/wp-content\/uploads\/2016\/07\/Classic-meet-jazz-2016_089.jpg\" rel=\"lightbox[10173]\"><img loading=\"lazy\" class=\"alignleft size-thumbnail wp-image-10199\" src=\"http:\/\/semndecarte.metarsis.ro\/wp-content\/uploads\/2016\/07\/Classic-meet-jazz-2016_089-95x95.jpg\" alt=\"Classic meet jazz 2016_089\" width=\"95\" height=\"95\" \/><\/a> <a href=\"http:\/\/semndecarte.metarsis.ro\/wp-content\/uploads\/2016\/07\/Classic-meet-jazz-2016_091.jpg\" rel=\"lightbox[10173]\"><img loading=\"lazy\" class=\"alignleft size-thumbnail wp-image-10200\" src=\"http:\/\/semndecarte.metarsis.ro\/wp-content\/uploads\/2016\/07\/Classic-meet-jazz-2016_091-95x95.jpg\" alt=\"Classic meet jazz 2016_091\" width=\"95\" height=\"95\" \/><\/a> <a href=\"http:\/\/semndecarte.metarsis.ro\/wp-content\/uploads\/2016\/07\/Classic-meet-jazz-2016_097.jpg\" rel=\"lightbox[10173]\"><img loading=\"lazy\" class=\"alignleft size-thumbnail wp-image-10201\" src=\"http:\/\/semndecarte.metarsis.ro\/wp-content\/uploads\/2016\/07\/Classic-meet-jazz-2016_097-95x95.jpg\" alt=\"Classic meet jazz 2016_097\" width=\"95\" height=\"95\" \/><\/a> <a href=\"http:\/\/semndecarte.metarsis.ro\/wp-content\/uploads\/2016\/07\/Classic-meet-jazz-2016_105.jpg\" rel=\"lightbox[10173]\"><img loading=\"lazy\" class=\"alignleft size-thumbnail wp-image-10202\" src=\"http:\/\/semndecarte.metarsis.ro\/wp-content\/uploads\/2016\/07\/Classic-meet-jazz-2016_105-95x95.jpg\" alt=\"Classic meet jazz 2016_105\" width=\"95\" height=\"95\" \/><\/a> <a href=\"http:\/\/semndecarte.metarsis.ro\/wp-content\/uploads\/2016\/07\/Classic-meet-jazz-2016_110.jpg\" rel=\"lightbox[10173]\"><img loading=\"lazy\" class=\"alignleft size-thumbnail wp-image-10203\" src=\"http:\/\/semndecarte.metarsis.ro\/wp-content\/uploads\/2016\/07\/Classic-meet-jazz-2016_110-95x95.jpg\" alt=\"Classic meet jazz 2016_110\" width=\"95\" height=\"95\" \/><\/a> <a href=\"http:\/\/semndecarte.metarsis.ro\/wp-content\/uploads\/2016\/07\/Classic-meet-jazz-2016_116.jpg\" rel=\"lightbox[10173]\"><img loading=\"lazy\" class=\"alignleft size-thumbnail wp-image-10204\" src=\"http:\/\/semndecarte.metarsis.ro\/wp-content\/uploads\/2016\/07\/Classic-meet-jazz-2016_116-95x95.jpg\" alt=\"Classic meet jazz 2016_116\" width=\"95\" height=\"95\" \/><\/a>\u00cen Biserica din G\u0103r\u00e2na, tineri muzicieni au f\u0103cut leg\u0103tura, duminic\u0103 dup\u0103 amiaz\u0103, \u00eentre cer \u0219i p\u0103m\u00e2nt.\u00a0Prin talent \u0219i d\u0103ruire,\u00a0ne-au demonstrat c\u0103 vitruozitatea, tehnica \u0219i creativitatea interpre\u021bilor de jazz n-ar fi fost posibil\u0103 f\u0103r\u0103 studiul serios al muzicii clasice. Drept dovad\u0103 st\u0103 memorabila interpretare pe ritmuri de jazz a Libertango de Astor Piazzolla care a sunat dumnezeie\u0219te cu Oana B\u0103descu- flaut, Remus Ailenei-fagot, Eduard Gentille Ailenei-contrabas \u0219i Cristian Ro\u0219oag\u0103-pian. \u0218i tare ne-am dori ca aceste concerte s\u0103 le tranform\u0103m \u00een simfonic-jazz. Pentru ca stilul nu \u00eei este str\u0103in maestrului Sabin P\u0103utza, compozitor de marc\u0103, cel ce a pus Banatul Montan pe harta muzicii de calitate a lumii. \u00centre cer \u0219i p\u0103m\u00e2nt, leg\u0103tura se poate face, mai ales, prin armonia\u00a0dat\u0103 de muzica de \u00eenalt\u0103 clas\u0103.<\/p>\n<p style=\"text-align: justify;\"><a href=\"http:\/\/semndecarte.metarsis.ro\/wp-content\/uploads\/2016\/07\/Classic-meet-jazz-2016_092.jpg\" rel=\"lightbox[10173]\"><img loading=\"lazy\" class=\"alignleft size-thumbnail wp-image-10205\" src=\"http:\/\/semndecarte.metarsis.ro\/wp-content\/uploads\/2016\/07\/Classic-meet-jazz-2016_092-95x95.jpg\" alt=\"Classic meet jazz 2016_092\" width=\"95\" height=\"95\" \/><\/a> <a href=\"http:\/\/semndecarte.metarsis.ro\/wp-content\/uploads\/2016\/07\/Classic-meet-jazz-2016_125.jpg\" rel=\"lightbox[10173]\"><img loading=\"lazy\" class=\"alignleft size-thumbnail wp-image-10206\" src=\"http:\/\/semndecarte.metarsis.ro\/wp-content\/uploads\/2016\/07\/Classic-meet-jazz-2016_125-95x95.jpg\" alt=\"Classic meet jazz 2016_125\" width=\"95\" height=\"95\" \/><\/a> <a href=\"http:\/\/semndecarte.metarsis.ro\/wp-content\/uploads\/2016\/07\/Classic-meet-jazz-2016_128.jpg\" rel=\"lightbox[10173]\"><img loading=\"lazy\" class=\"alignleft size-thumbnail wp-image-10207\" src=\"http:\/\/semndecarte.metarsis.ro\/wp-content\/uploads\/2016\/07\/Classic-meet-jazz-2016_128-95x95.jpg\" alt=\"Classic meet jazz 2016_128\" width=\"95\" height=\"95\" \/><\/a> <a href=\"http:\/\/semndecarte.metarsis.ro\/wp-content\/uploads\/2016\/07\/Classic-meet-jazz-2016_130.jpg\" rel=\"lightbox[10173]\"><img loading=\"lazy\" class=\"alignleft size-thumbnail wp-image-10208\" src=\"http:\/\/semndecarte.metarsis.ro\/wp-content\/uploads\/2016\/07\/Classic-meet-jazz-2016_130-95x95.jpg\" alt=\"Classic meet jazz 2016_130\" width=\"95\" height=\"95\" \/><\/a> <a href=\"http:\/\/semndecarte.metarsis.ro\/wp-content\/uploads\/2016\/07\/Classic-meet-jazz-2016_132.jpg\" rel=\"lightbox[10173]\"><img loading=\"lazy\" class=\"alignleft size-thumbnail wp-image-10209\" src=\"http:\/\/semndecarte.metarsis.ro\/wp-content\/uploads\/2016\/07\/Classic-meet-jazz-2016_132-95x95.jpg\" alt=\"Classic meet jazz 2016_132\" width=\"95\" height=\"95\" \/><\/a>Eveniment organizat de Societatea pentru Cultur\u0103 METARSIS cu sprijinul Consiliului Jude\u0163ean Cara\u015f- Severin, al editurii Gordian, prin bun\u0103voin\u0163a Parohiei Romano Catolice \u201cMaria Z\u0103pezii\u201d, preot J\u00f3zsef Csaba P\u00e1l, canonic de Timi\u015foara \u015fi arhidiacon romano-catolic al Banatului Montan.<\/p>\n","protected":false},"excerpt":{"rendered":"<p>\u00cen micu\u021ba biseric\u0103 romano-catolic\u0103 din Gar\u00e2na\/ Wolfsberg, localitate a\u0219ezat\u0103 la poalele mun\u021bilor Semenic, duminic\u0103, 10 iulie 2016, a avut loc un regal vocal-instrumental de excep\u021bie sus\u021binut de  tineri muzicieni lega\u021bi indisolubil \u00eentre ei prin  faptul c\u0103, o parte din pregatirea lor muzical\u0103 \u2013 cea liceeal\u0103- s-a desfa\u0219urat la  Liceului de Arte \u201dSabin P\u0103u\u021ba\u201d din Re\u0219i\u021ba.<\/p>\n","protected":false},"author":1,"featured_media":0,"comment_status":"open","ping_status":"open","sticky":false,"template":"","format":"standard","meta":[],"categories":[7],"tags":[500],"_links":{"self":[{"href":"https:\/\/semndecarte.metarsis.ro\/index.php?rest_route=\/wp\/v2\/posts\/10173"}],"collection":[{"href":"https:\/\/semndecarte.metarsis.ro\/index.php?rest_route=\/wp\/v2\/posts"}],"about":[{"href":"https:\/\/semndecarte.metarsis.ro\/index.php?rest_route=\/wp\/v2\/types\/post"}],"author":[{"embeddable":true,"href":"https:\/\/semndecarte.metarsis.ro\/index.php?rest_route=\/wp\/v2\/users\/1"}],"replies":[{"embeddable":true,"href":"https:\/\/semndecarte.metarsis.ro\/index.php?rest_route=%2Fwp%2Fv2%2Fcomments&post=10173"}],"version-history":[{"count":0,"href":"https:\/\/semndecarte.metarsis.ro\/index.php?rest_route=\/wp\/v2\/posts\/10173\/revisions"}],"wp:attachment":[{"href":"https:\/\/semndecarte.metarsis.ro\/index.php?rest_route=%2Fwp%2Fv2%2Fmedia&parent=10173"}],"wp:term":[{"taxonomy":"category","embeddable":true,"href":"https:\/\/semndecarte.metarsis.ro\/index.php?rest_route=%2Fwp%2Fv2%2Fcategories&post=10173"},{"taxonomy":"post_tag","embeddable":true,"href":"https:\/\/semndecarte.metarsis.ro\/index.php?rest_route=%2Fwp%2Fv2%2Ftags&post=10173"}],"curies":[{"name":"wp","href":"https:\/\/api.w.org\/{rel}","templated":true}]}}