{"id":10132,"date":"2016-07-07T18:53:55","date_gmt":"2016-07-07T16:53:55","guid":{"rendered":"http:\/\/semndecarte.metarsis.ro\/?p=10132"},"modified":"2016-07-09T05:35:41","modified_gmt":"2016-07-09T03:35:41","slug":"classic-meet-jazz","status":"publish","type":"post","link":"https:\/\/semndecarte.metarsis.ro\/?p=10132","title":{"rendered":"CLASSIC MEET JAZZ"},"content":{"rendered":"<p><strong>Clasicul \u00eent\u00e2lne\u0219te jazzul<\/strong><\/p>\n<p style=\"text-align: justify;\"><a href=\"http:\/\/semndecarte.metarsis.ro\/wp-content\/uploads\/2016\/07\/afis-clasic-2016-garana-mic-mic.jpg\" rel=\"lightbox[10132]\"><img loading=\"lazy\" class=\"size-large wp-image-10133 alignright\" src=\"http:\/\/semndecarte.metarsis.ro\/wp-content\/uploads\/2016\/07\/afis-clasic-2016-garana-mic-mic-116x163.jpg\" alt=\"afis clasic 2016 garana mic-mic\" width=\"116\" height=\"163\" srcset=\"https:\/\/semndecarte.metarsis.ro\/wp-content\/uploads\/2016\/07\/afis-clasic-2016-garana-mic-mic-116x163.jpg 116w, https:\/\/semndecarte.metarsis.ro\/wp-content\/uploads\/2016\/07\/afis-clasic-2016-garana-mic-mic-114x160.jpg 114w, https:\/\/semndecarte.metarsis.ro\/wp-content\/uploads\/2016\/07\/afis-clasic-2016-garana-mic-mic.jpg 569w\" sizes=\"(max-width: 116px) 100vw, 116px\" \/><\/a>Duminic\u0103, 10 iulie 2016, orele 16:00, \u00een Biserica Romano-Catolic\u0103 din Gar\u00e2na\/ Wolfsberg, micu\u021ba localitate din Cara\u0219-Severin, clasicul \u00eent\u00e2lne\u0219te jazzul, \u00eentr-un regal vocal-instrumental de excep\u021bie. Tinerii muzicieni: Iasmina Dalea (Re\u0219i\u021ba)- sopran\u0103 de coloratur\u0103, Dorina Laza (Re\u0219i\u021ba) &#8211; sopran\u0103, Cristian Ro\u0219oag\u0103 (Re\u0219i\u021ba) &#8211; pian, Oana B\u0103descu (Sibiu) \u2013 flaut, Remus Ailenei (Ia\u0219i)- fagot, Eduard Gentile Ailenei (Re\u0219i\u021ba)- contrabas, Lucia Ghilea (Re\u0219i\u021ba)- pian, cu lucrari semnate: Stradella, Bozza,\u00a0 Bottesini, Schubert, Vivaldi, Bach ne vor purta de la muzica preclasic\u0103 la ce modern\u0103, reamintindu-ne c\u0103 vitruozitatea, tehnica \u0219i creativitatea interpre\u021bilor de jazz n-ar fi fost posibil\u0103 f\u0103r\u0103 studiul serios al muzicii clasice.<!--more--><\/p>\n<p style=\"text-align: justify;\">Invitat special- maestrul Sabin PAUTZA, dirijor \u0219i compozitor de talie mondial\u0103, primul \u00een lume care a folosit muzica lui Jimi Hendrix \u015fi Rolling Stones pentru a preda compozi\u021bie la Conservatorul din Ia\u0219i, cel care \u00eembin\u0103 fericit muzica simfonic\u0103 \u0219i jazzul. Sub bagheta sa au concertat, cu Filarmonicile din Cluj, T\u00e2rgu-Mure\u0219, Sibiu nume sonore ale jazz-ul autohton \u0219i interna\u021bional, printre care. Elena M\u00e2ndru, Nicolas Simion. Toumas Turunen, Michael Acker \u0219.a.<\/p>\n<p style=\"text-align: justify;\">Eveniment organizat de Societatea pentru Cultur\u0103 METARSIS cu sprijinul Consiliului Jude\u0163ean Cara\u015f- Severin, al editurii Gordian, prin bun\u0103voin\u0163a Parohiei Romano Catolice \u201cMaria Z\u0103pezii\u201d, preot J\u00f3zsef Csaba P\u00e1l, canonic de Timi\u015foara \u015fi arhidiacon romano-catolic al Banatului Montan.<\/p>\n","protected":false},"excerpt":{"rendered":"<p>Duminic\u0103, 10 iulie 2016, orele 17:00, \u00een Biserica Romano-Catolic\u0103 din Gar\u00e2na\/ Wolfsberg, micu\u021ba localitate din Cara\u0219-Severin, clasicul \u00eent\u00e2lne\u0219te jazzul, \u00eentr-un regal vocal-instrumental de excep\u021bie. Tinerii muzicieni: Iasmina Dalea (Re\u0219i\u021ba)- sopran\u0103 de coloratur\u0103, Dorina Laza (Re\u0219i\u021ba) &#8211; sopran\u0103, Cristian Ro\u0219oag\u0103 (Re\u0219i\u021ba) &#8211; pian, Oana B\u0103descu (Sibiu) \u2013 flaut, Remus Ailenei (Ia\u0219i)- fagot, Eduard Gentile Ailenei (Re\u0219i\u021ba)- contrabas, Lucia Ghilea (Re\u0219i\u021ba)- pian<\/p>\n","protected":false},"author":1,"featured_media":0,"comment_status":"open","ping_status":"open","sticky":false,"template":"","format":"standard","meta":[],"categories":[3],"tags":[500],"_links":{"self":[{"href":"https:\/\/semndecarte.metarsis.ro\/index.php?rest_route=\/wp\/v2\/posts\/10132"}],"collection":[{"href":"https:\/\/semndecarte.metarsis.ro\/index.php?rest_route=\/wp\/v2\/posts"}],"about":[{"href":"https:\/\/semndecarte.metarsis.ro\/index.php?rest_route=\/wp\/v2\/types\/post"}],"author":[{"embeddable":true,"href":"https:\/\/semndecarte.metarsis.ro\/index.php?rest_route=\/wp\/v2\/users\/1"}],"replies":[{"embeddable":true,"href":"https:\/\/semndecarte.metarsis.ro\/index.php?rest_route=%2Fwp%2Fv2%2Fcomments&post=10132"}],"version-history":[{"count":0,"href":"https:\/\/semndecarte.metarsis.ro\/index.php?rest_route=\/wp\/v2\/posts\/10132\/revisions"}],"wp:attachment":[{"href":"https:\/\/semndecarte.metarsis.ro\/index.php?rest_route=%2Fwp%2Fv2%2Fmedia&parent=10132"}],"wp:term":[{"taxonomy":"category","embeddable":true,"href":"https:\/\/semndecarte.metarsis.ro\/index.php?rest_route=%2Fwp%2Fv2%2Fcategories&post=10132"},{"taxonomy":"post_tag","embeddable":true,"href":"https:\/\/semndecarte.metarsis.ro\/index.php?rest_route=%2Fwp%2Fv2%2Ftags&post=10132"}],"curies":[{"name":"wp","href":"https:\/\/api.w.org\/{rel}","templated":true}]}}