{"id":10127,"date":"2016-07-06T22:23:31","date_gmt":"2016-07-06T20:23:31","guid":{"rendered":"http:\/\/semndecarte.metarsis.ro\/?p=10127"},"modified":"2016-07-06T22:23:31","modified_gmt":"2016-07-06T20:23:31","slug":"ilie-stepan-horea-silviu-crisovan","status":"publish","type":"post","link":"https:\/\/semndecarte.metarsis.ro\/?p=10127","title":{"rendered":"Ilie STEPAN &#038; Horea-Silviu CRI\u015eOVAN"},"content":{"rendered":"<p><strong><a href=\"http:\/\/semndecarte.metarsis.ro\/wp-content\/uploads\/2016\/07\/04.jpg\" rel=\"lightbox[10127]\"><img loading=\"lazy\" class=\"alignleft size-full wp-image-10130\" src=\"http:\/\/semndecarte.metarsis.ro\/wp-content\/uploads\/2016\/07\/04.jpg\" alt=\"04\" width=\"519\" height=\"200\" srcset=\"https:\/\/semndecarte.metarsis.ro\/wp-content\/uploads\/2016\/07\/04.jpg 519w, https:\/\/semndecarte.metarsis.ro\/wp-content\/uploads\/2016\/07\/04-160x62.jpg 160w, https:\/\/semndecarte.metarsis.ro\/wp-content\/uploads\/2016\/07\/04-163x63.jpg 163w\" sizes=\"(max-width: 519px) 100vw, 519px\" \/><\/a>Biserica Romano-Catolica din Brebu Nou<\/strong><\/p>\n<p style=\"text-align: justify;\"><a href=\"http:\/\/semndecarte.metarsis.ro\/wp-content\/uploads\/2016\/07\/Biserica-Sfanta-Ecaterina.jpg\" rel=\"lightbox[10127]\"><img loading=\"lazy\" class=\"size-large wp-image-10131 alignright\" src=\"http:\/\/semndecarte.metarsis.ro\/wp-content\/uploads\/2016\/07\/Biserica-Sfanta-Ecaterina-108x163.jpg\" alt=\"Biserica Sfanta Ecaterina\" width=\"108\" height=\"163\" srcset=\"https:\/\/semndecarte.metarsis.ro\/wp-content\/uploads\/2016\/07\/Biserica-Sfanta-Ecaterina-108x163.jpg 108w, https:\/\/semndecarte.metarsis.ro\/wp-content\/uploads\/2016\/07\/Biserica-Sfanta-Ecaterina-106x160.jpg 106w, https:\/\/semndecarte.metarsis.ro\/wp-content\/uploads\/2016\/07\/Biserica-Sfanta-Ecaterina.jpg 532w\" sizes=\"(max-width: 108px) 100vw, 108px\" \/><\/a>S\u00e2mb\u0103t\u0103,\u00a09 iulie 2016, orele 11:30, \u00een Biserica\u00a0Romano-Catolic\u0103 din Brebu-Nou, \u201dcatedrala dintre brazi\u201d dup\u0103 cum a denumit-o, plastic, Florian Lungu,\u00a0va avea loc un recital extraordinar su\u021binut de doi chitari\u015fti de marc\u0103: Ilie STEPAN \u0219i Horea- Silviu CRI\u0218OVAN.\u00a0\u00cen\u00a0acest spa\u0163iu binecuv\u00e2ntat, devenit, de ani buni, l\u0103ca\u015f de bucurie \u00eemp\u0103rt\u0103\u015fit\u0103 \u00eentre arti\u015fti de excep\u0163ie \u015fi un public cald, ales, \u00een acest iulie 2016, m\u0103rturisim credin\u021ba noastr\u0103 \u00een spusele lui Platon: \u201cMuzica este o lege moral\u0103. Ea d\u0103 suflet Universului, aripi g\u00e2ndirii, av\u00e2nt \u00eenchipuirii, farmec tinere\u0163ii, via\u0163\u0103 \u015fi veselie tuturor lucrurilor. Ea este esen\u0163a ordinii \u00eenal\u0163\u00e2nd sufletul c\u0103tre tot ce este bun, drept \u0219i frumos\u201d.<!--more--><\/p>\n<p style=\"text-align: justify;\">Invitat special maestrul Sabin PAUTZA,\u00a0dirijor \u0219i compozitor renumit,\u00a0primul \u00een lume care a folosit muzica lui Jimi Hendrix \u015fi Rolling Stones pentru a preda compozi\u021bie la Conservator.<\/p>\n<p style=\"text-align: justify;\">Eveniment organizat de Societatea pentru Cultur\u0103 METARSIS cu sprijinul Consiliului Jude\u0163ean Cara\u015f- Severin, al editurii Gordian, cu bun\u0103voin\u0163a Parohiei Romano Catolice \u201cMaria Z\u0103pezii\u201d, prin preot J\u00f3zsef Csaba P\u00e1l, canonic de Timi\u015foara \u015fi arhidiacon romano-catolic al Banatului Montan.<\/p>\n","protected":false},"excerpt":{"rendered":"<p>S\u00e2mb\u0103t\u0103, 9 iulie 2016, orele 11:30, \u00een Biserica Romano-Catolic\u0103 din Brebu-Nou, \u201dcatedrala dintre brazi\u201d dup\u0103 cum a denumit-o, plastic, Florian Lungu, va avea loc un recital extraordinar su\u021binut de doi chitari\u015fti de marc\u0103: Ilie STEPAN \u0219i Horea- Silviu CRI\u0218OVAN.<\/p>\n","protected":false},"author":1,"featured_media":0,"comment_status":"open","ping_status":"open","sticky":false,"template":"","format":"standard","meta":[],"categories":[3],"tags":[601,504,257],"_links":{"self":[{"href":"https:\/\/semndecarte.metarsis.ro\/index.php?rest_route=\/wp\/v2\/posts\/10127"}],"collection":[{"href":"https:\/\/semndecarte.metarsis.ro\/index.php?rest_route=\/wp\/v2\/posts"}],"about":[{"href":"https:\/\/semndecarte.metarsis.ro\/index.php?rest_route=\/wp\/v2\/types\/post"}],"author":[{"embeddable":true,"href":"https:\/\/semndecarte.metarsis.ro\/index.php?rest_route=\/wp\/v2\/users\/1"}],"replies":[{"embeddable":true,"href":"https:\/\/semndecarte.metarsis.ro\/index.php?rest_route=%2Fwp%2Fv2%2Fcomments&post=10127"}],"version-history":[{"count":0,"href":"https:\/\/semndecarte.metarsis.ro\/index.php?rest_route=\/wp\/v2\/posts\/10127\/revisions"}],"wp:attachment":[{"href":"https:\/\/semndecarte.metarsis.ro\/index.php?rest_route=%2Fwp%2Fv2%2Fmedia&parent=10127"}],"wp:term":[{"taxonomy":"category","embeddable":true,"href":"https:\/\/semndecarte.metarsis.ro\/index.php?rest_route=%2Fwp%2Fv2%2Fcategories&post=10127"},{"taxonomy":"post_tag","embeddable":true,"href":"https:\/\/semndecarte.metarsis.ro\/index.php?rest_route=%2Fwp%2Fv2%2Ftags&post=10127"}],"curies":[{"name":"wp","href":"https:\/\/api.w.org\/{rel}","templated":true}]}}