{"id":10089,"date":"2016-07-05T19:12:29","date_gmt":"2016-07-05T17:12:29","guid":{"rendered":"http:\/\/semndecarte.metarsis.ro\/?p=10089"},"modified":"2016-07-05T21:56:38","modified_gmt":"2016-07-05T19:56:38","slug":"la-multi-ani-resita","status":"publish","type":"post","link":"https:\/\/semndecarte.metarsis.ro\/?p=10089","title":{"rendered":"LA MULTI ANI Re\u0219i\u021ba!"},"content":{"rendered":"<p><strong><a href=\"http:\/\/semndecarte.metarsis.ro\/wp-content\/uploads\/2016\/07\/cop.jpg\" rel=\"lightbox[10089]\"><img loading=\"lazy\" class=\"alignleft size-full wp-image-10125\" src=\"http:\/\/semndecarte.metarsis.ro\/wp-content\/uploads\/2016\/07\/cop.jpg\" alt=\"cop\" width=\"520\" height=\"200\" srcset=\"https:\/\/semndecarte.metarsis.ro\/wp-content\/uploads\/2016\/07\/cop.jpg 520w, https:\/\/semndecarte.metarsis.ro\/wp-content\/uploads\/2016\/07\/cop-160x62.jpg 160w, https:\/\/semndecarte.metarsis.ro\/wp-content\/uploads\/2016\/07\/cop-163x63.jpg 163w\" sizes=\"(max-width: 520px) 100vw, 520px\" \/><\/a>Re\u0219i\u021ba \/ Reschitza \u2013 245 ani \/Jahre<\/strong><\/p>\n<p style=\"text-align: justify;\">Duminic\u0103, 3 iulie 2016, ziua \u00een care, acum 245 de ani s-au aprins focurile \u00een cele dou\u0103 furnale \u201eFranziskus\u201d \u0219i \u201eJosephus\u201d d\u00e2nd start dezvolt\u0103rii Re\u0219i\u021bei, a fost ziua \u00een care s-a \u00eencheiat \u00eentreaga serie de manifest\u0103ri dedicat\u0103 FOCULUI nestins. \u00cen prima parte a zilei,\u00a0\u00een Biserica Romano-Catolic\u0103 \u201dMaria Z\u0103pezii\u201d din Re\u0219i\u021ba au avut loc 3 liturghii: ora 09:00 \u00een limba maghiar\u0103, ora 10:00 \u00een limba german\u0103, ora 11:30 \u00een limba rom\u00e2n\u0103, servicii divine de mul\u021bumire \u0219i pomenire a predecesorilor, \u00eentru ve\u0219nic\u0103 pomenire.<!--more--><\/p>\n<p style=\"text-align: justify;\"><a href=\"http:\/\/semndecarte.metarsis.ro\/wp-content\/uploads\/2016\/07\/Concert-_002.jpg\" rel=\"lightbox[10089]\"><img loading=\"lazy\" class=\"alignleft size-thumbnail wp-image-10090\" src=\"http:\/\/semndecarte.metarsis.ro\/wp-content\/uploads\/2016\/07\/Concert-_002-95x95.jpg\" alt=\"Concert _002\" width=\"95\" height=\"95\" \/><\/a><a href=\"http:\/\/semndecarte.metarsis.ro\/wp-content\/uploads\/2016\/07\/Concert-_003.jpg\" rel=\"lightbox[10089]\"><img loading=\"lazy\" class=\"alignleft size-thumbnail wp-image-10091\" src=\"http:\/\/semndecarte.metarsis.ro\/wp-content\/uploads\/2016\/07\/Concert-_003-95x95.jpg\" alt=\"Concert _003\" width=\"95\" height=\"95\" \/><\/a> <a href=\"http:\/\/semndecarte.metarsis.ro\/wp-content\/uploads\/2016\/07\/Concert-_004.jpg\" rel=\"lightbox[10089]\"><img loading=\"lazy\" class=\"alignleft size-thumbnail wp-image-10092\" src=\"http:\/\/semndecarte.metarsis.ro\/wp-content\/uploads\/2016\/07\/Concert-_004-95x95.jpg\" alt=\"Concert _004\" width=\"95\" height=\"95\" \/><\/a> <a href=\"http:\/\/semndecarte.metarsis.ro\/wp-content\/uploads\/2016\/07\/Concert-_005.jpg\" rel=\"lightbox[10089]\"><img loading=\"lazy\" class=\"alignleft size-thumbnail wp-image-10093\" src=\"http:\/\/semndecarte.metarsis.ro\/wp-content\/uploads\/2016\/07\/Concert-_005-95x95.jpg\" alt=\"Concert _005\" width=\"95\" height=\"95\" \/><\/a> <a href=\"http:\/\/semndecarte.metarsis.ro\/wp-content\/uploads\/2016\/07\/Concert-_001.jpg\" rel=\"lightbox[10089]\"><img loading=\"lazy\" class=\"alignleft size-thumbnail wp-image-10094\" src=\"http:\/\/semndecarte.metarsis.ro\/wp-content\/uploads\/2016\/07\/Concert-_001-95x95.jpg\" alt=\"Concert _001\" width=\"95\" height=\"95\" \/><\/a><iframe src=\"\/\/www.youtube.com\/embed\/-iofgibVz1Q\" width=\"520\" height=\"350\" allowfullscreen=\"allowfullscreen\"><\/iframe>\u00cencep\u00e2nd cu ora 18:15, Concertul extraordinar vocal- instrumental a fost prilej de \u00eent\u00e2lnire a melomanilor cu tineri talenta\u0163i. \u00centr-o Biseric\u0103 aproape plin\u0103: Cristian Ro\u0219oag\u0103- org\u0103, Georg Col\u021ba- tenor, Lucian Furda (Cluj) -vioar\u0103, George Gassenheimer- vioar\u0103, Remus Ailenei (Ia\u015fi)- fagot, \u0219i Eduard Gentile Ailenei- contrabas, cu un program bine ales care ne-a purtat de la baroc \u0219i preclasic p\u00e2n\u0103 la modern, cu lucr\u0103ri semnate: Massenet, Kreutzer, Stradella, Bottesini, Chiriac, Franck, Vivaldi, Schubert, Beethoven concertul a fost unul extrem de reu\u0219it.<\/p>\n<p style=\"text-align: justify;\"><a href=\"http:\/\/semndecarte.metarsis.ro\/wp-content\/uploads\/2016\/07\/Concert-_009.jpg\" rel=\"lightbox[10089]\"><img loading=\"lazy\" class=\"alignleft size-thumbnail wp-image-10099\" src=\"http:\/\/semndecarte.metarsis.ro\/wp-content\/uploads\/2016\/07\/Concert-_009-95x95.jpg\" alt=\"Concert _009\" width=\"95\" height=\"95\" \/><\/a> <a href=\"http:\/\/semndecarte.metarsis.ro\/wp-content\/uploads\/2016\/07\/Concert-_008.jpg\" rel=\"lightbox[10089]\"><img loading=\"lazy\" class=\"alignleft size-thumbnail wp-image-10098\" src=\"http:\/\/semndecarte.metarsis.ro\/wp-content\/uploads\/2016\/07\/Concert-_008-95x95.jpg\" alt=\"Concert _008\" width=\"95\" height=\"95\" \/><\/a> <a href=\"http:\/\/semndecarte.metarsis.ro\/wp-content\/uploads\/2016\/07\/Concert-_007.jpg\" rel=\"lightbox[10089]\"><img loading=\"lazy\" class=\"alignleft size-thumbnail wp-image-10097\" src=\"http:\/\/semndecarte.metarsis.ro\/wp-content\/uploads\/2016\/07\/Concert-_007-95x95.jpg\" alt=\"Concert _007\" width=\"95\" height=\"95\" \/><\/a> <a href=\"http:\/\/semndecarte.metarsis.ro\/wp-content\/uploads\/2016\/07\/Concert-_006.jpg\" rel=\"lightbox[10089]\"><img loading=\"lazy\" class=\"alignleft size-thumbnail wp-image-10096\" src=\"http:\/\/semndecarte.metarsis.ro\/wp-content\/uploads\/2016\/07\/Concert-_006-95x95.jpg\" alt=\"Concert _006\" width=\"95\" height=\"95\" \/><\/a> <a href=\"http:\/\/semndecarte.metarsis.ro\/wp-content\/uploads\/2016\/07\/Concert-_010.jpg\" rel=\"lightbox[10089]\"><img loading=\"lazy\" class=\"alignleft size-thumbnail wp-image-10095\" src=\"http:\/\/semndecarte.metarsis.ro\/wp-content\/uploads\/2016\/07\/Concert-_010-95x95.jpg\" alt=\"Concert _010\" width=\"95\" height=\"95\" \/><\/a>Erwin Josef \u021aigla, pre\u0219edinte al Forumului Democratic al Germanilor din Banatul Montan- principal organizator al evenimentelor Re\u0219i\u021ba \/ Reschitza \u2013 245 ani\/ Jahre a oferit medalii \u0219i \u00eensemne jubiliare arti\u0219tilor \u0219i unor colaboratori apropia\u021bi.<\/p>\n<p style=\"text-align: justify;\"><a href=\"http:\/\/semndecarte.metarsis.ro\/wp-content\/uploads\/2016\/07\/Concert-_015.jpg\" rel=\"lightbox[10089]\"><img loading=\"lazy\" class=\"alignleft size-thumbnail wp-image-10100\" src=\"http:\/\/semndecarte.metarsis.ro\/wp-content\/uploads\/2016\/07\/Concert-_015-95x95.jpg\" alt=\"Concert _015\" width=\"95\" height=\"95\" \/><\/a> <a href=\"http:\/\/semndecarte.metarsis.ro\/wp-content\/uploads\/2016\/07\/Concert-_011.jpg\" rel=\"lightbox[10089]\"><img loading=\"lazy\" class=\"alignleft size-thumbnail wp-image-10101\" src=\"http:\/\/semndecarte.metarsis.ro\/wp-content\/uploads\/2016\/07\/Concert-_011-95x95.jpg\" alt=\"Concert _011\" width=\"95\" height=\"95\" \/><\/a> <a href=\"http:\/\/semndecarte.metarsis.ro\/wp-content\/uploads\/2016\/07\/Concert-_012.jpg\" rel=\"lightbox[10089]\"><img loading=\"lazy\" class=\"alignleft size-thumbnail wp-image-10102\" src=\"http:\/\/semndecarte.metarsis.ro\/wp-content\/uploads\/2016\/07\/Concert-_012-95x95.jpg\" alt=\"Concert _012\" width=\"95\" height=\"95\" \/><\/a> <a href=\"http:\/\/semndecarte.metarsis.ro\/wp-content\/uploads\/2016\/07\/Concert-_013.jpg\" rel=\"lightbox[10089]\"><img loading=\"lazy\" class=\"alignleft size-thumbnail wp-image-10103\" src=\"http:\/\/semndecarte.metarsis.ro\/wp-content\/uploads\/2016\/07\/Concert-_013-95x95.jpg\" alt=\"Concert _013\" width=\"95\" height=\"95\" \/><\/a> <a href=\"http:\/\/semndecarte.metarsis.ro\/wp-content\/uploads\/2016\/07\/Concert-_014.jpg\" rel=\"lightbox[10089]\"><img loading=\"lazy\" class=\"alignleft size-thumbnail wp-image-10104\" src=\"http:\/\/semndecarte.metarsis.ro\/wp-content\/uploads\/2016\/07\/Concert-_014-95x95.jpg\" alt=\"Concert _014\" width=\"95\" height=\"95\" \/><\/a><a href=\"http:\/\/semndecarte.metarsis.ro\/wp-content\/uploads\/2016\/07\/Concert-_020.jpg\" rel=\"lightbox[10089]\"><img loading=\"lazy\" class=\"alignleft size-thumbnail wp-image-10105\" src=\"http:\/\/semndecarte.metarsis.ro\/wp-content\/uploads\/2016\/07\/Concert-_020-95x95.jpg\" alt=\"Concert _020\" width=\"95\" height=\"95\" \/><\/a> <a href=\"http:\/\/semndecarte.metarsis.ro\/wp-content\/uploads\/2016\/07\/Concert-_016.jpg\" rel=\"lightbox[10089]\"><img loading=\"lazy\" class=\"alignleft size-thumbnail wp-image-10106\" src=\"http:\/\/semndecarte.metarsis.ro\/wp-content\/uploads\/2016\/07\/Concert-_016-95x95.jpg\" alt=\"Concert _016\" width=\"95\" height=\"95\" \/><\/a> <a href=\"http:\/\/semndecarte.metarsis.ro\/wp-content\/uploads\/2016\/07\/Concert-_017.jpg\" rel=\"lightbox[10089]\"><img loading=\"lazy\" class=\"alignleft size-thumbnail wp-image-10107\" src=\"http:\/\/semndecarte.metarsis.ro\/wp-content\/uploads\/2016\/07\/Concert-_017-95x95.jpg\" alt=\"Concert _017\" width=\"95\" height=\"95\" \/><\/a> <a href=\"http:\/\/semndecarte.metarsis.ro\/wp-content\/uploads\/2016\/07\/Concert-_018.jpg\" rel=\"lightbox[10089]\"><img loading=\"lazy\" class=\"alignleft size-thumbnail wp-image-10108\" src=\"http:\/\/semndecarte.metarsis.ro\/wp-content\/uploads\/2016\/07\/Concert-_018-95x95.jpg\" alt=\"Concert _018\" width=\"95\" height=\"95\" \/><\/a> <a href=\"http:\/\/semndecarte.metarsis.ro\/wp-content\/uploads\/2016\/07\/Concert-_019.jpg\" rel=\"lightbox[10089]\"><img loading=\"lazy\" class=\"alignleft size-thumbnail wp-image-10109\" src=\"http:\/\/semndecarte.metarsis.ro\/wp-content\/uploads\/2016\/07\/Concert-_019-95x95.jpg\" alt=\"Concert _019\" width=\"95\" height=\"95\" \/><\/a>Un concert festiv dens \u00eentr-un loca\u0219 sf\u00e2nt,\u00a0la aniversare, motive \u00eentemeiate\u00a0de introspec\u021bie \u0219i retrospec\u021bie, amintiri\u00a0nostalgice, locuri \u0219i oameni care nu mai sunt dar r\u0103m\u00e2n viu amprentate oblig\u00e2ndu-ne s\u0103 fim con\u0219tien\u021bi de condi\u021bia noastr\u0103, s\u0103 realiz\u0103m c\u0103 avem un trecut important, un prezent care ne oblig\u0103 \u0219i un viitor de construit. LA MUL\u0162I ANI Re\u0219i\u021ba, LA MUL\u0162I ANI re\u0219i\u021beni, oriunde v\u0103 afla\u021bi.<\/p>\n<p style=\"text-align: justify;\"><a href=\"http:\/\/semndecarte.metarsis.ro\/wp-content\/uploads\/2016\/07\/Concert-_035.jpg\" rel=\"lightbox[10089]\"><img loading=\"lazy\" class=\"alignleft size-thumbnail wp-image-10110\" src=\"http:\/\/semndecarte.metarsis.ro\/wp-content\/uploads\/2016\/07\/Concert-_035-95x95.jpg\" alt=\"Concert _035\" width=\"95\" height=\"95\" \/><\/a> <a href=\"http:\/\/semndecarte.metarsis.ro\/wp-content\/uploads\/2016\/07\/Concert-_021.jpg\" rel=\"lightbox[10089]\"><img loading=\"lazy\" class=\"alignleft size-thumbnail wp-image-10111\" src=\"http:\/\/semndecarte.metarsis.ro\/wp-content\/uploads\/2016\/07\/Concert-_021-95x95.jpg\" alt=\"Concert _021\" width=\"95\" height=\"95\" \/><\/a> <a href=\"http:\/\/semndecarte.metarsis.ro\/wp-content\/uploads\/2016\/07\/Concert-_022.jpg\" rel=\"lightbox[10089]\"><img loading=\"lazy\" class=\"alignleft size-thumbnail wp-image-10112\" src=\"http:\/\/semndecarte.metarsis.ro\/wp-content\/uploads\/2016\/07\/Concert-_022-95x95.jpg\" alt=\"Concert _022\" width=\"95\" height=\"95\" \/><\/a> <a href=\"http:\/\/semndecarte.metarsis.ro\/wp-content\/uploads\/2016\/07\/Concert-_023.jpg\" rel=\"lightbox[10089]\"><img loading=\"lazy\" class=\"alignleft size-thumbnail wp-image-10113\" src=\"http:\/\/semndecarte.metarsis.ro\/wp-content\/uploads\/2016\/07\/Concert-_023-95x95.jpg\" alt=\"Concert _023\" width=\"95\" height=\"95\" \/><\/a> <a href=\"http:\/\/semndecarte.metarsis.ro\/wp-content\/uploads\/2016\/07\/Concert-_024.jpg\" rel=\"lightbox[10089]\"><img loading=\"lazy\" class=\"alignleft size-thumbnail wp-image-10114\" src=\"http:\/\/semndecarte.metarsis.ro\/wp-content\/uploads\/2016\/07\/Concert-_024-95x95.jpg\" alt=\"Concert _024\" width=\"95\" height=\"95\" \/><\/a> <a href=\"http:\/\/semndecarte.metarsis.ro\/wp-content\/uploads\/2016\/07\/Concert-_025.jpg\" rel=\"lightbox[10089]\"><img loading=\"lazy\" class=\"alignleft size-thumbnail wp-image-10115\" src=\"http:\/\/semndecarte.metarsis.ro\/wp-content\/uploads\/2016\/07\/Concert-_025-95x95.jpg\" alt=\"Concert _025\" width=\"95\" height=\"95\" \/><\/a> <a href=\"http:\/\/semndecarte.metarsis.ro\/wp-content\/uploads\/2016\/07\/Concert-_026.jpg\" rel=\"lightbox[10089]\"><img loading=\"lazy\" class=\"alignleft size-thumbnail wp-image-10116\" src=\"http:\/\/semndecarte.metarsis.ro\/wp-content\/uploads\/2016\/07\/Concert-_026-95x95.jpg\" alt=\"Concert _026\" width=\"95\" height=\"95\" \/><\/a> <a href=\"http:\/\/semndecarte.metarsis.ro\/wp-content\/uploads\/2016\/07\/Concert-_027.jpg\" rel=\"lightbox[10089]\"><img loading=\"lazy\" class=\"alignleft size-thumbnail wp-image-10117\" src=\"http:\/\/semndecarte.metarsis.ro\/wp-content\/uploads\/2016\/07\/Concert-_027-95x95.jpg\" alt=\"Concert _027\" width=\"95\" height=\"95\" \/><\/a> <a href=\"http:\/\/semndecarte.metarsis.ro\/wp-content\/uploads\/2016\/07\/Concert-_028.jpg\" rel=\"lightbox[10089]\"><img loading=\"lazy\" class=\"alignleft size-thumbnail wp-image-10118\" src=\"http:\/\/semndecarte.metarsis.ro\/wp-content\/uploads\/2016\/07\/Concert-_028-95x95.jpg\" alt=\"Concert _028\" width=\"95\" height=\"95\" \/><\/a> <a href=\"http:\/\/semndecarte.metarsis.ro\/wp-content\/uploads\/2016\/07\/Concert-_029.jpg\" rel=\"lightbox[10089]\"><img loading=\"lazy\" class=\"alignleft size-thumbnail wp-image-10119\" src=\"http:\/\/semndecarte.metarsis.ro\/wp-content\/uploads\/2016\/07\/Concert-_029-95x95.jpg\" alt=\"Concert _029\" width=\"95\" height=\"95\" \/><\/a> <a href=\"http:\/\/semndecarte.metarsis.ro\/wp-content\/uploads\/2016\/07\/Concert-_030.jpg\" rel=\"lightbox[10089]\"><img loading=\"lazy\" class=\"alignleft size-thumbnail wp-image-10120\" src=\"http:\/\/semndecarte.metarsis.ro\/wp-content\/uploads\/2016\/07\/Concert-_030-95x95.jpg\" alt=\"Concert _030\" width=\"95\" height=\"95\" \/><\/a> <a href=\"http:\/\/semndecarte.metarsis.ro\/wp-content\/uploads\/2016\/07\/Concert-_031.jpg\" rel=\"lightbox[10089]\"><img loading=\"lazy\" class=\"alignleft size-thumbnail wp-image-10121\" src=\"http:\/\/semndecarte.metarsis.ro\/wp-content\/uploads\/2016\/07\/Concert-_031-95x95.jpg\" alt=\"Concert _031\" width=\"95\" height=\"95\" \/><\/a> <a href=\"http:\/\/semndecarte.metarsis.ro\/wp-content\/uploads\/2016\/07\/Concert-_032.jpg\" rel=\"lightbox[10089]\"><img loading=\"lazy\" class=\"alignleft size-thumbnail wp-image-10122\" src=\"http:\/\/semndecarte.metarsis.ro\/wp-content\/uploads\/2016\/07\/Concert-_032-95x95.jpg\" alt=\"Concert _032\" width=\"95\" height=\"95\" \/><\/a> <a href=\"http:\/\/semndecarte.metarsis.ro\/wp-content\/uploads\/2016\/07\/Concert-_033.jpg\" rel=\"lightbox[10089]\"><img loading=\"lazy\" class=\"alignleft size-thumbnail wp-image-10123\" src=\"http:\/\/semndecarte.metarsis.ro\/wp-content\/uploads\/2016\/07\/Concert-_033-95x95.jpg\" alt=\"Concert _033\" width=\"95\" height=\"95\" \/><\/a> <a href=\"http:\/\/semndecarte.metarsis.ro\/wp-content\/uploads\/2016\/07\/Concert-_034.jpg\" rel=\"lightbox[10089]\"><img loading=\"lazy\" class=\"alignleft size-thumbnail wp-image-10124\" src=\"http:\/\/semndecarte.metarsis.ro\/wp-content\/uploads\/2016\/07\/Concert-_034-95x95.jpg\" alt=\"Concert _034\" width=\"95\" height=\"95\" \/><\/a>Evenimente cuprinse \u00een proiectul \u201eRe\u0219i\u021ba \/ Reschitza \u2013 245 Jahre\u201c sub egida Forumului Democratic al Germanilor din Banatul Montan, cu sprijinul Prim\u0103riei \u0219i al Consiliiului Local Re\u0219i\u021ba, al Parohiei Romano-Catolice \u201dMaria Z\u0103pezii\u201d Re\u0219i\u021ba, cu sus\u021binerea Societ\u0103\u021bii pentru Cultur\u0103 Metarsis \u0219i a libr\u0103riei Semn de Carte.<\/p>\n","protected":false},"excerpt":{"rendered":"<p>Duminic\u0103, 3 iulie 2016, ziua \u00een care, acum 245 de ani s-au aprins focurile \u00een cele dou\u0103 furnale \u201eFranziskus\u201d \u0219i \u201eJosephus\u201d d\u00e2nd start dezvolt\u0103rii Re\u0219i\u021bei, a fost ziua \u00een care s-a \u00eencheiat \u00eentreaga serie de manifest\u0103ri dedicat\u0103 FOCULUI nestins. \u00cen prima parte a zilei, \u00een Biserica Romano-Catolic\u0103 \u201dMaria Z\u0103pezii\u201d din Re\u0219i\u021ba au avut loc 3 liturghii: ora 09:00 \u00een limba maghiar\u0103, ora 10:00 \u00een limba german\u0103, ora 11:30 \u00een limba rom\u00e2n\u0103, servicii divine de mul\u021bumire \u0219i pomenire a predecesorilor, \u00eentru ve\u0219nic\u0103 pomenire.<\/p>\n","protected":false},"author":1,"featured_media":0,"comment_status":"open","ping_status":"open","sticky":false,"template":"","format":"standard","meta":[],"categories":[7],"tags":[500,600],"_links":{"self":[{"href":"https:\/\/semndecarte.metarsis.ro\/index.php?rest_route=\/wp\/v2\/posts\/10089"}],"collection":[{"href":"https:\/\/semndecarte.metarsis.ro\/index.php?rest_route=\/wp\/v2\/posts"}],"about":[{"href":"https:\/\/semndecarte.metarsis.ro\/index.php?rest_route=\/wp\/v2\/types\/post"}],"author":[{"embeddable":true,"href":"https:\/\/semndecarte.metarsis.ro\/index.php?rest_route=\/wp\/v2\/users\/1"}],"replies":[{"embeddable":true,"href":"https:\/\/semndecarte.metarsis.ro\/index.php?rest_route=%2Fwp%2Fv2%2Fcomments&post=10089"}],"version-history":[{"count":0,"href":"https:\/\/semndecarte.metarsis.ro\/index.php?rest_route=\/wp\/v2\/posts\/10089\/revisions"}],"wp:attachment":[{"href":"https:\/\/semndecarte.metarsis.ro\/index.php?rest_route=%2Fwp%2Fv2%2Fmedia&parent=10089"}],"wp:term":[{"taxonomy":"category","embeddable":true,"href":"https:\/\/semndecarte.metarsis.ro\/index.php?rest_route=%2Fwp%2Fv2%2Fcategories&post=10089"},{"taxonomy":"post_tag","embeddable":true,"href":"https:\/\/semndecarte.metarsis.ro\/index.php?rest_route=%2Fwp%2Fv2%2Ftags&post=10089"}],"curies":[{"name":"wp","href":"https:\/\/api.w.org\/{rel}","templated":true}]}}