{"id":10035,"date":"2016-07-04T22:22:08","date_gmt":"2016-07-04T20:22:08","guid":{"rendered":"http:\/\/semndecarte.metarsis.ro\/?p=10035"},"modified":"2016-07-05T14:51:30","modified_gmt":"2016-07-05T12:51:30","slug":"245-anijahre-resita-reschitza","status":"publish","type":"post","link":"https:\/\/semndecarte.metarsis.ro\/?p=10035","title":{"rendered":"245 ANI\/JAHRE-  RE\u0218I\u021aA\/ RESCHITZA"},"content":{"rendered":"<p><strong><a href=\"http:\/\/semndecarte.metarsis.ro\/wp-content\/uploads\/2016\/07\/cop-3.jpg\" rel=\"lightbox[10035]\"><img loading=\"lazy\" class=\"alignleft size-full wp-image-10087\" src=\"http:\/\/semndecarte.metarsis.ro\/wp-content\/uploads\/2016\/07\/cop-3.jpg\" alt=\"cop 3\" width=\"520\" height=\"275\" srcset=\"https:\/\/semndecarte.metarsis.ro\/wp-content\/uploads\/2016\/07\/cop-3.jpg 520w, https:\/\/semndecarte.metarsis.ro\/wp-content\/uploads\/2016\/07\/cop-3-160x85.jpg 160w, https:\/\/semndecarte.metarsis.ro\/wp-content\/uploads\/2016\/07\/cop-3-163x86.jpg 163w\" sizes=\"(max-width: 520px) 100vw, 520px\" \/><\/a>Lucian DUCA \u0219i Re\u0219i\u021ba\u00a0de odinioar\u0103<\/strong><\/p>\n<p style=\"text-align: justify;\">S\u00e2mb\u0103t\u0103 seara, 2 iulie 2016, am hoin\u0103rit, al\u0103turi de Lucian DUCA, prin Re\u0219i\u021ba de alt\u0103dat\u0103. Expozi\u021bia de fotografie veche- printuri pe p\u00e2nz\u0103 canvas selec\u021bionate \u015fi \u00eengrijite atent de protagonist- g\u0103zduit\u0103 de sala expozi\u021bional\u0103 a Centrului Social \u201eFr\u00e9d\u00e9ric Ozanam\u201d al Asocia\u0163iei Caritative \u201eSf\u00e2ntul Vincen\u021biu de Paul\u201d din Re\u0219i\u021ba a fost deschisa de Erwin Josef \u021aigla, promoter cultural, pre\u0219edinte al Forumului Democratic al Germanilor din Cara\u015f-Severin \u2013organizatorul principal al evenimentelor Re\u0219i\u021ba\/Reschitza \u2013 245 ani\/ Jahre. \u201d <!--more--> <a href=\"http:\/\/semndecarte.metarsis.ro\/wp-content\/uploads\/2016\/07\/Resita-de-altadata-_005.jpg\" rel=\"lightbox[10035]\"><img loading=\"lazy\" class=\"alignleft size-thumbnail wp-image-10037\" src=\"http:\/\/semndecarte.metarsis.ro\/wp-content\/uploads\/2016\/07\/Resita-de-altadata-_005-95x95.jpg\" alt=\"Resita de altadata _005\" width=\"95\" height=\"95\" \/><\/a> <a href=\"http:\/\/semndecarte.metarsis.ro\/wp-content\/uploads\/2016\/07\/Resita-de-altadata-_006.jpg\" rel=\"lightbox[10035]\"><img loading=\"lazy\" class=\"alignleft size-thumbnail wp-image-10038\" src=\"http:\/\/semndecarte.metarsis.ro\/wp-content\/uploads\/2016\/07\/Resita-de-altadata-_006-95x95.jpg\" alt=\"Resita de altadata _006\" width=\"95\" height=\"95\" \/><\/a> <a href=\"http:\/\/semndecarte.metarsis.ro\/wp-content\/uploads\/2016\/07\/Resita-de-altadata-_010.jpg\" rel=\"lightbox[10035]\"><img loading=\"lazy\" class=\"alignleft size-thumbnail wp-image-10040\" src=\"http:\/\/semndecarte.metarsis.ro\/wp-content\/uploads\/2016\/07\/Resita-de-altadata-_010-95x95.jpg\" alt=\"Resita de altadata _010\" width=\"95\" height=\"95\" \/><\/a> <a href=\"http:\/\/semndecarte.metarsis.ro\/wp-content\/uploads\/2016\/07\/Resita-de-altadata-_018.jpg\" rel=\"lightbox[10035]\"><img loading=\"lazy\" class=\"alignleft size-thumbnail wp-image-10041\" src=\"http:\/\/semndecarte.metarsis.ro\/wp-content\/uploads\/2016\/07\/Resita-de-altadata-_018-95x95.jpg\" alt=\"Resita de altadata _018\" width=\"95\" height=\"95\" \/><\/a> <a href=\"http:\/\/semndecarte.metarsis.ro\/wp-content\/uploads\/2016\/07\/Resita-de-altadata-_023.jpg\" rel=\"lightbox[10035]\"><img loading=\"lazy\" class=\"alignleft size-thumbnail wp-image-10042\" src=\"http:\/\/semndecarte.metarsis.ro\/wp-content\/uploads\/2016\/07\/Resita-de-altadata-_023-95x95.jpg\" alt=\"Resita de altadata _023\" width=\"95\" height=\"95\" \/><\/a> <a href=\"http:\/\/semndecarte.metarsis.ro\/wp-content\/uploads\/2016\/07\/Resita-de-altadata-_024.jpg\" rel=\"lightbox[10035]\"><img loading=\"lazy\" class=\"alignleft size-thumbnail wp-image-10043\" src=\"http:\/\/semndecarte.metarsis.ro\/wp-content\/uploads\/2016\/07\/Resita-de-altadata-_024-95x95.jpg\" alt=\"Resita de altadata _024\" width=\"95\" height=\"95\" \/><\/a> <a href=\"http:\/\/semndecarte.metarsis.ro\/wp-content\/uploads\/2016\/07\/Resita-de-altadata-_025.jpg\" rel=\"lightbox[10035]\"><img loading=\"lazy\" class=\"alignleft size-thumbnail wp-image-10044\" src=\"http:\/\/semndecarte.metarsis.ro\/wp-content\/uploads\/2016\/07\/Resita-de-altadata-_025-95x95.jpg\" alt=\"Resita de altadata _025\" width=\"95\" height=\"95\" \/><\/a> <a href=\"http:\/\/semndecarte.metarsis.ro\/wp-content\/uploads\/2016\/07\/Resita-de-altadata-_036.jpg\" rel=\"lightbox[10035]\"><img loading=\"lazy\" class=\"alignleft size-thumbnail wp-image-10045\" src=\"http:\/\/semndecarte.metarsis.ro\/wp-content\/uploads\/2016\/07\/Resita-de-altadata-_036-95x95.jpg\" alt=\"Resita de altadata _036\" width=\"95\" height=\"95\" \/><\/a> <a href=\"http:\/\/semndecarte.metarsis.ro\/wp-content\/uploads\/2016\/07\/Resita-de-altadata-_058.jpg\" rel=\"lightbox[10035]\"><img loading=\"lazy\" class=\"alignleft size-thumbnail wp-image-10048\" src=\"http:\/\/semndecarte.metarsis.ro\/wp-content\/uploads\/2016\/07\/Resita-de-altadata-_058-95x95.jpg\" alt=\"Resita de altadata _058\" width=\"95\" height=\"95\" \/><\/a> <a href=\"http:\/\/semndecarte.metarsis.ro\/wp-content\/uploads\/2016\/07\/Resita-de-altadata-_068.jpg\" rel=\"lightbox[10035]\"><img loading=\"lazy\" class=\"alignleft size-thumbnail wp-image-10049\" src=\"http:\/\/semndecarte.metarsis.ro\/wp-content\/uploads\/2016\/07\/Resita-de-altadata-_068-95x95.jpg\" alt=\"Resita de altadata _068\" width=\"95\" height=\"95\" \/><\/a> \u00cen ultimele zile am vorbit mult cu prilejul acestor manifest\u0103ri. M\u0103 bucur c\u0103 ast\u0103zi sunte\u021bi aici la o penultim\u0103 manifestare dedicat\u0103 celor 245 de ani, manifest\u0103ri pe care am \u00eencercat s\u0103 le organizez \u00eempreun\u0103 cu Prim\u0103ria municipiului Re\u0219i\u021ba \u0219i profit de ocazie pentru a v\u0103 invita la o ultim\u0103 manifestare care va avea loc m\u00e2ine sear\u0103 la Biserica Romano-Catolic\u0103\u00a0<em>Maria Z\u0103pezii<\/em>\u00a0de la orele 18:15- un concert extraordinar de org\u0103 \u0219i c\u00e2ntec clasic. \u00cempreun\u0103 cu Societatea pentru Cultur\u0103 Metarsis \u0219i Lucian DUCA ne-am g\u00e2ndit \u0219i la o astfel de expozi\u021bie- o retrospenctiv\u0103 \u00een imagini a Re\u0219i\u021bei. \u00cenainte de vernisaj Lucian DUCA a fost \u00eentrebat de ce nu a scris pe fiecare imagine locurile de unde sunt luate iar el a raspuns c\u0103 aceasta este rolul expozi\u021biei ca fiecare s\u0103-\u0219i pun\u0103 mintea la contribu\u021bie \u0219i s\u0103-\u0219i reaminteasc\u0103 Re\u0219i\u021ba de alt\u0103dat\u0103. <a href=\"http:\/\/semndecarte.metarsis.ro\/wp-content\/uploads\/2016\/07\/afis.jpg\" rel=\"lightbox[10035]\"><img loading=\"lazy\" class=\"size-large wp-image-10086 alignright\" src=\"http:\/\/semndecarte.metarsis.ro\/wp-content\/uploads\/2016\/07\/afis-116x163.jpg\" alt=\"afis\" width=\"116\" height=\"163\" srcset=\"https:\/\/semndecarte.metarsis.ro\/wp-content\/uploads\/2016\/07\/afis-116x163.jpg 116w, https:\/\/semndecarte.metarsis.ro\/wp-content\/uploads\/2016\/07\/afis-114x160.jpg 114w, https:\/\/semndecarte.metarsis.ro\/wp-content\/uploads\/2016\/07\/afis.jpg 425w\" sizes=\"(max-width: 116px) 100vw, 116px\" \/><\/a>Bine\u00een\u021beles c\u0103 cei care au tr\u0103it \u00een anii respectivi o vor face\u201d a spus\u00a0<strong>Erwin Josef \u021aigla<\/strong>. \u201d Expozi\u021bia este o selec\u021bie de vederi vechi din colec\u021bia regretatului Arsenie Boariu, prieten vechi trecut la cele ve\u0219nice. \u00cempreun\u0103 am realizat, cu treisprezece ani \u00een urm\u0103, o frumoas\u0103 lucrare, <em>Istorie ilustrat\u0103 a\u00a0Banatului Montan 1890- 1948<\/em>, trei volume pe suport CD, consultant \u015ftiin\u0163ific fiind prof. dr. Rudolf Gr\u00e4f- ast\u0103zi prorector al Universit\u0103\u0163ii Babe\u015f Bolyai din Cluj- care cuprind nu numai zona Re\u0219i\u021bei ci \u0219i celelalte zone importante ale banatului de Munte. \u00cen expozi\u0163ie sunt 33 de fotografii vechi fixate pe suport canvas- a\u0219a rezist\u00e2nd mai bine timpului- dedicate\u00a0unor cl\u0103diri istorice \u0219i de patrimoniu care, iat\u0103, nu mai sunt \u00een picioare. Inten\u021bionez s\u0103 m\u0103resc aceast\u0103 expozi\u021bie cu \u00eenc\u0103 33 de lucr\u0103ri -partea industrial\u0103 a Re\u0219i\u021bei \u0219i sper s\u0103 vin \u00een fa\u021ba Dumneavoastr\u0103 cu expozi\u021bia \u00eentregit\u0103 peste 5 ani, la aniversarea de 250 de ani de foc nestins la Re\u0219i\u021ba. Expozi\u0163ia nu este a mea, apar\u0163ine re\u015fi\u0163enilor a\u015fa c\u0103 bucra\u0163i-v\u0103 de ea!\u201d a spus\u00a0<strong>Lucian DUCA<\/strong>.<\/p>\n<p style=\"text-align: justify;\"><a href=\"http:\/\/semndecarte.metarsis.ro\/wp-content\/uploads\/2016\/07\/Resita-de-altadata-_092.jpg\" rel=\"lightbox[10035]\"><img loading=\"lazy\" class=\"alignleft size-thumbnail wp-image-10051\" src=\"http:\/\/semndecarte.metarsis.ro\/wp-content\/uploads\/2016\/07\/Resita-de-altadata-_092-95x95.jpg\" alt=\"Resita de altadata _092\" width=\"95\" height=\"95\" \/><\/a> <a href=\"http:\/\/semndecarte.metarsis.ro\/wp-content\/uploads\/2016\/07\/Resita-de-altadata-_080.jpg\" rel=\"lightbox[10035]\"><img loading=\"lazy\" class=\"alignleft size-thumbnail wp-image-10052\" src=\"http:\/\/semndecarte.metarsis.ro\/wp-content\/uploads\/2016\/07\/Resita-de-altadata-_080-95x95.jpg\" alt=\"Resita de altadata _080\" width=\"95\" height=\"95\" \/><\/a> <a href=\"http:\/\/semndecarte.metarsis.ro\/wp-content\/uploads\/2016\/07\/Resita-de-altadata-_081.jpg\" rel=\"lightbox[10035]\"><img loading=\"lazy\" class=\"alignleft size-thumbnail wp-image-10053\" src=\"http:\/\/semndecarte.metarsis.ro\/wp-content\/uploads\/2016\/07\/Resita-de-altadata-_081-95x95.jpg\" alt=\"Resita de altadata _081\" width=\"95\" height=\"95\" \/><\/a> <a href=\"http:\/\/semndecarte.metarsis.ro\/wp-content\/uploads\/2016\/07\/Resita-de-altadata-_083.jpg\" rel=\"lightbox[10035]\"><img loading=\"lazy\" class=\"alignleft size-thumbnail wp-image-10054\" src=\"http:\/\/semndecarte.metarsis.ro\/wp-content\/uploads\/2016\/07\/Resita-de-altadata-_083-95x95.jpg\" alt=\"Resita de altadata _083\" width=\"95\" height=\"95\" \/><\/a> <a href=\"http:\/\/semndecarte.metarsis.ro\/wp-content\/uploads\/2016\/07\/Resita-de-altadata-_086.jpg\" rel=\"lightbox[10035]\"><img loading=\"lazy\" class=\"alignleft size-thumbnail wp-image-10055\" src=\"http:\/\/semndecarte.metarsis.ro\/wp-content\/uploads\/2016\/07\/Resita-de-altadata-_086-95x95.jpg\" alt=\"Resita de altadata _086\" width=\"95\" height=\"95\" \/><\/a> <a href=\"http:\/\/semndecarte.metarsis.ro\/wp-content\/uploads\/2016\/07\/Resita-de-altadata-_087.jpg\" rel=\"lightbox[10035]\"><img loading=\"lazy\" class=\"alignleft size-thumbnail wp-image-10056\" src=\"http:\/\/semndecarte.metarsis.ro\/wp-content\/uploads\/2016\/07\/Resita-de-altadata-_087-95x95.jpg\" alt=\"Resita de altadata _087\" width=\"95\" height=\"95\" \/><\/a> <a href=\"http:\/\/semndecarte.metarsis.ro\/wp-content\/uploads\/2016\/07\/Resita-de-altadata-_088.jpg\" rel=\"lightbox[10035]\"><img loading=\"lazy\" class=\"alignleft size-thumbnail wp-image-10057\" src=\"http:\/\/semndecarte.metarsis.ro\/wp-content\/uploads\/2016\/07\/Resita-de-altadata-_088-95x95.jpg\" alt=\"Resita de altadata _088\" width=\"95\" height=\"95\" \/><\/a> <a href=\"http:\/\/semndecarte.metarsis.ro\/wp-content\/uploads\/2016\/07\/Resita-de-altadata-_089.jpg\" rel=\"lightbox[10035]\"><img loading=\"lazy\" class=\"alignleft size-thumbnail wp-image-10058\" src=\"http:\/\/semndecarte.metarsis.ro\/wp-content\/uploads\/2016\/07\/Resita-de-altadata-_089-95x95.jpg\" alt=\"Resita de altadata _089\" width=\"95\" height=\"95\" \/><\/a> <a href=\"http:\/\/semndecarte.metarsis.ro\/wp-content\/uploads\/2016\/07\/Resita-de-altadata-_090.jpg\" rel=\"lightbox[10035]\"><img loading=\"lazy\" class=\"alignleft size-thumbnail wp-image-10059\" src=\"http:\/\/semndecarte.metarsis.ro\/wp-content\/uploads\/2016\/07\/Resita-de-altadata-_090-95x95.jpg\" alt=\"Resita de altadata _090\" width=\"95\" height=\"95\" \/><\/a> <a href=\"http:\/\/semndecarte.metarsis.ro\/wp-content\/uploads\/2016\/07\/Resita-de-altadata-_091.jpg\" rel=\"lightbox[10035]\"><img loading=\"lazy\" class=\"alignleft size-thumbnail wp-image-10060\" src=\"http:\/\/semndecarte.metarsis.ro\/wp-content\/uploads\/2016\/07\/Resita-de-altadata-_091-95x95.jpg\" alt=\"Resita de altadata _091\" width=\"95\" height=\"95\" \/><\/a>O expozi\u021bie-document\u00a0 ce readuce \u00een memoria colectiv\u0103 o parte din patrimoniul imobil social, cultural, ecumenic \u0219i industrial al ora\u0219ului de pe B\u00e2rzava, file de istorie ce stau m\u0103rturie a valorilor b\u0103n\u0103\u021bene m\u0103rturisite \u00eentregii lumi, o istorie pe care trebuie s\u0103 ne-o asum\u0103m colectiv, ca mare familie unit\u0103, a\u0219a cum, \u00een particular, ne asum\u0103m familia restr\u00e2ns\u0103, cu bune \u0219i cu rele. Pentru c\u0103 f\u0103r\u0103 aceste recunoa\u0219teri: \u201d\u2026orice cultur\u0103 \u015fi civiliza\u0163ie se afl\u0103 \u00een pericol de moarte\u201d, spunea p\u0103rintele Nicolae Delarohia- Steinhardt.<\/p>\n<p style=\"text-align: justify;\"><a href=\"http:\/\/semndecarte.metarsis.ro\/wp-content\/uploads\/2016\/07\/Resita-de-altadata-_119.jpg\" rel=\"lightbox[10035]\"><img loading=\"lazy\" class=\"alignleft size-thumbnail wp-image-10061\" src=\"http:\/\/semndecarte.metarsis.ro\/wp-content\/uploads\/2016\/07\/Resita-de-altadata-_119-95x95.jpg\" alt=\"Resita de altadata _119\" width=\"95\" height=\"95\" \/><\/a> <a href=\"http:\/\/semndecarte.metarsis.ro\/wp-content\/uploads\/2016\/07\/Resita-de-altadata-_093.jpg\" rel=\"lightbox[10035]\"><img loading=\"lazy\" class=\"alignleft size-thumbnail wp-image-10062\" src=\"http:\/\/semndecarte.metarsis.ro\/wp-content\/uploads\/2016\/07\/Resita-de-altadata-_093-95x95.jpg\" alt=\"Resita de altadata _093\" width=\"95\" height=\"95\" \/><\/a> <a href=\"http:\/\/semndecarte.metarsis.ro\/wp-content\/uploads\/2016\/07\/Resita-de-altadata-_098.jpg\" rel=\"lightbox[10035]\"><img loading=\"lazy\" class=\"alignleft size-thumbnail wp-image-10063\" src=\"http:\/\/semndecarte.metarsis.ro\/wp-content\/uploads\/2016\/07\/Resita-de-altadata-_098-95x95.jpg\" alt=\"Resita de altadata _098\" width=\"95\" height=\"95\" \/><\/a> <a href=\"http:\/\/semndecarte.metarsis.ro\/wp-content\/uploads\/2016\/07\/Resita-de-altadata-_103.jpg\" rel=\"lightbox[10035]\"><img loading=\"lazy\" class=\"alignleft size-thumbnail wp-image-10064\" src=\"http:\/\/semndecarte.metarsis.ro\/wp-content\/uploads\/2016\/07\/Resita-de-altadata-_103-95x95.jpg\" alt=\"Resita de altadata _103\" width=\"95\" height=\"95\" \/><\/a> <a href=\"http:\/\/semndecarte.metarsis.ro\/wp-content\/uploads\/2016\/07\/Resita-de-altadata-_104.jpg\" rel=\"lightbox[10035]\"><img loading=\"lazy\" class=\"alignleft size-thumbnail wp-image-10065\" src=\"http:\/\/semndecarte.metarsis.ro\/wp-content\/uploads\/2016\/07\/Resita-de-altadata-_104-95x95.jpg\" alt=\"Resita de altadata _104\" width=\"95\" height=\"95\" \/><\/a> <a href=\"http:\/\/semndecarte.metarsis.ro\/wp-content\/uploads\/2016\/07\/Resita-de-altadata-_105.jpg\" rel=\"lightbox[10035]\"><img loading=\"lazy\" class=\"alignleft size-thumbnail wp-image-10066\" src=\"http:\/\/semndecarte.metarsis.ro\/wp-content\/uploads\/2016\/07\/Resita-de-altadata-_105-95x95.jpg\" alt=\"Resita de altadata _105\" width=\"95\" height=\"95\" \/><\/a> <a href=\"http:\/\/semndecarte.metarsis.ro\/wp-content\/uploads\/2016\/07\/Resita-de-altadata-_112.jpg\" rel=\"lightbox[10035]\"><img loading=\"lazy\" class=\"alignleft size-thumbnail wp-image-10067\" src=\"http:\/\/semndecarte.metarsis.ro\/wp-content\/uploads\/2016\/07\/Resita-de-altadata-_112-95x95.jpg\" alt=\"Resita de altadata _112\" width=\"95\" height=\"95\" \/><\/a> <a href=\"http:\/\/semndecarte.metarsis.ro\/wp-content\/uploads\/2016\/07\/Resita-de-altadata-_115.jpg\" rel=\"lightbox[10035]\"><img loading=\"lazy\" class=\"alignleft size-thumbnail wp-image-10068\" src=\"http:\/\/semndecarte.metarsis.ro\/wp-content\/uploads\/2016\/07\/Resita-de-altadata-_115-95x95.jpg\" alt=\"Resita de altadata _115\" width=\"95\" height=\"95\" \/><\/a> <a href=\"http:\/\/semndecarte.metarsis.ro\/wp-content\/uploads\/2016\/07\/Resita-de-altadata-_116.jpg\" rel=\"lightbox[10035]\"><img loading=\"lazy\" class=\"alignleft size-thumbnail wp-image-10069\" src=\"http:\/\/semndecarte.metarsis.ro\/wp-content\/uploads\/2016\/07\/Resita-de-altadata-_116-95x95.jpg\" alt=\"Resita de altadata _116\" width=\"95\" height=\"95\" \/><\/a> <a href=\"http:\/\/semndecarte.metarsis.ro\/wp-content\/uploads\/2016\/07\/Resita-de-altadata-_118.jpg\" rel=\"lightbox[10035]\"><img loading=\"lazy\" class=\"alignleft size-thumbnail wp-image-10070\" src=\"http:\/\/semndecarte.metarsis.ro\/wp-content\/uploads\/2016\/07\/Resita-de-altadata-_118-95x95.jpg\" alt=\"Resita de altadata _118\" width=\"95\" height=\"95\" \/><\/a>Cel mai t\u00e2n\u0103r participant la vernisaj- premier\u0103 absolut\u0103- a fost o feti\u021b\u0103 de numai o s\u0103pt\u0103m\u00e2n\u0103, surioara ei f\u0103c\u0103nd parte din ansamblul de dansuri germane \u201eEnzian\u201c, copiii instrui\u021bi de Marianne \u0219i \u201ctata Nelu\u201d Florea dans\u00e2nd emo\u021biona\u021bi.\u00a0 Semn c\u0103 via\u021ba merge mai departe iar prin t\u00e2n\u0103ra genera\u021bie, Re\u0219i\u021ba va tr\u0103i ren\u0103sc\u00e2nd din propria cenu\u0219\u0103, ca pas\u0103rea Phoenix\u2026<\/p>\n<p style=\"text-align: justify;\">Au mai c\u00e2ntat:\u00a0Vincenzo Cerra, ansamblul \u201eBanater Bergland\u201c, \u201eDuo Gassenheimer\u201c \u0219i \u00a0corul \u201eFranz St\u00fcrmer\u201c .<\/p>\n<p style=\"text-align: justify;\"><a href=\"http:\/\/semndecarte.metarsis.ro\/wp-content\/uploads\/2016\/07\/Resita-de-odinioara-_023.jpg\" rel=\"lightbox[10035]\"><img loading=\"lazy\" class=\"alignleft size-thumbnail wp-image-10071\" src=\"http:\/\/semndecarte.metarsis.ro\/wp-content\/uploads\/2016\/07\/Resita-de-odinioara-_023-95x95.jpg\" alt=\"Resita de odinioara _023\" width=\"95\" height=\"95\" \/><\/a> <a href=\"http:\/\/semndecarte.metarsis.ro\/wp-content\/uploads\/2016\/07\/Resita-de-altadata-_120.jpg\" rel=\"lightbox[10035]\"><img loading=\"lazy\" class=\"alignleft size-thumbnail wp-image-10072\" src=\"http:\/\/semndecarte.metarsis.ro\/wp-content\/uploads\/2016\/07\/Resita-de-altadata-_120-95x95.jpg\" alt=\"Resita de altadata _120\" width=\"95\" height=\"95\" \/><\/a> <a href=\"http:\/\/semndecarte.metarsis.ro\/wp-content\/uploads\/2016\/07\/Resita-de-odinioara-_002.jpg\" rel=\"lightbox[10035]\"><img loading=\"lazy\" class=\"alignleft size-thumbnail wp-image-10073\" src=\"http:\/\/semndecarte.metarsis.ro\/wp-content\/uploads\/2016\/07\/Resita-de-odinioara-_002-95x95.jpg\" alt=\"Resita de odinioara _002\" width=\"95\" height=\"95\" \/><\/a> <a href=\"http:\/\/semndecarte.metarsis.ro\/wp-content\/uploads\/2016\/07\/Resita-de-odinioara-_003.jpg\" rel=\"lightbox[10035]\"><img loading=\"lazy\" class=\"alignleft size-thumbnail wp-image-10074\" src=\"http:\/\/semndecarte.metarsis.ro\/wp-content\/uploads\/2016\/07\/Resita-de-odinioara-_003-95x95.jpg\" alt=\"Resita de odinioara _003\" width=\"95\" height=\"95\" \/><\/a> <a href=\"http:\/\/semndecarte.metarsis.ro\/wp-content\/uploads\/2016\/07\/Resita-de-odinioara-_004.jpg\" rel=\"lightbox[10035]\"><img loading=\"lazy\" class=\"alignleft size-thumbnail wp-image-10075\" src=\"http:\/\/semndecarte.metarsis.ro\/wp-content\/uploads\/2016\/07\/Resita-de-odinioara-_004-95x95.jpg\" alt=\"Resita de odinioara _004\" width=\"95\" height=\"95\" \/><\/a> <a href=\"http:\/\/semndecarte.metarsis.ro\/wp-content\/uploads\/2016\/07\/Resita-de-odinioara-_006.jpg\" rel=\"lightbox[10035]\"><img loading=\"lazy\" class=\"alignleft size-thumbnail wp-image-10076\" src=\"http:\/\/semndecarte.metarsis.ro\/wp-content\/uploads\/2016\/07\/Resita-de-odinioara-_006-95x95.jpg\" alt=\"Resita de odinioara _006\" width=\"95\" height=\"95\" \/><\/a> <a href=\"http:\/\/semndecarte.metarsis.ro\/wp-content\/uploads\/2016\/07\/Resita-de-odinioara-_007.jpg\" rel=\"lightbox[10035]\"><img loading=\"lazy\" class=\"alignleft size-thumbnail wp-image-10077\" src=\"http:\/\/semndecarte.metarsis.ro\/wp-content\/uploads\/2016\/07\/Resita-de-odinioara-_007-95x95.jpg\" alt=\"Resita de odinioara _007\" width=\"95\" height=\"95\" \/><\/a> <a href=\"http:\/\/semndecarte.metarsis.ro\/wp-content\/uploads\/2016\/07\/Resita-de-odinioara-_011.jpg\" rel=\"lightbox[10035]\"><img loading=\"lazy\" class=\"alignleft size-thumbnail wp-image-10078\" src=\"http:\/\/semndecarte.metarsis.ro\/wp-content\/uploads\/2016\/07\/Resita-de-odinioara-_011-95x95.jpg\" alt=\"Resita de odinioara _011\" width=\"95\" height=\"95\" \/><\/a> <a href=\"http:\/\/semndecarte.metarsis.ro\/wp-content\/uploads\/2016\/07\/Resita-de-odinioara-_012.jpg\" rel=\"lightbox[10035]\"><img loading=\"lazy\" class=\"alignleft size-thumbnail wp-image-10079\" src=\"http:\/\/semndecarte.metarsis.ro\/wp-content\/uploads\/2016\/07\/Resita-de-odinioara-_012-95x95.jpg\" alt=\"Resita de odinioara _012\" width=\"95\" height=\"95\" \/><\/a> <a href=\"http:\/\/semndecarte.metarsis.ro\/wp-content\/uploads\/2016\/07\/Resita-de-odinioara-_014.jpg\" rel=\"lightbox[10035]\"><img loading=\"lazy\" class=\"alignleft size-thumbnail wp-image-10080\" src=\"http:\/\/semndecarte.metarsis.ro\/wp-content\/uploads\/2016\/07\/Resita-de-odinioara-_014-95x95.jpg\" alt=\"Resita de odinioara _014\" width=\"95\" height=\"95\" \/><\/a> <a href=\"http:\/\/semndecarte.metarsis.ro\/wp-content\/uploads\/2016\/07\/Resita-de-odinioara-_015.jpg\" rel=\"lightbox[10035]\"><img loading=\"lazy\" class=\"alignleft size-thumbnail wp-image-10081\" src=\"http:\/\/semndecarte.metarsis.ro\/wp-content\/uploads\/2016\/07\/Resita-de-odinioara-_015-95x95.jpg\" alt=\"Resita de odinioara _015\" width=\"95\" height=\"95\" \/><\/a> <a href=\"http:\/\/semndecarte.metarsis.ro\/wp-content\/uploads\/2016\/07\/Resita-de-odinioara-_017.jpg\" rel=\"lightbox[10035]\"><img loading=\"lazy\" class=\"alignleft size-thumbnail wp-image-10082\" src=\"http:\/\/semndecarte.metarsis.ro\/wp-content\/uploads\/2016\/07\/Resita-de-odinioara-_017-95x95.jpg\" alt=\"Resita de odinioara _017\" width=\"95\" height=\"95\" \/><\/a> <a href=\"http:\/\/semndecarte.metarsis.ro\/wp-content\/uploads\/2016\/07\/Resita-de-odinioara-_018.jpg\" rel=\"lightbox[10035]\"><img loading=\"lazy\" class=\"alignleft size-thumbnail wp-image-10083\" src=\"http:\/\/semndecarte.metarsis.ro\/wp-content\/uploads\/2016\/07\/Resita-de-odinioara-_018-95x95.jpg\" alt=\"Resita de odinioara _018\" width=\"95\" height=\"95\" \/><\/a> <a href=\"http:\/\/semndecarte.metarsis.ro\/wp-content\/uploads\/2016\/07\/Resita-de-odinioara-_019.jpg\" rel=\"lightbox[10035]\"><img loading=\"lazy\" class=\"alignleft size-thumbnail wp-image-10084\" src=\"http:\/\/semndecarte.metarsis.ro\/wp-content\/uploads\/2016\/07\/Resita-de-odinioara-_019-95x95.jpg\" alt=\"Resita de odinioara _019\" width=\"95\" height=\"95\" \/><\/a> <a href=\"http:\/\/semndecarte.metarsis.ro\/wp-content\/uploads\/2016\/07\/Resita-de-odinioara-_022.jpg\" rel=\"lightbox[10035]\"><img loading=\"lazy\" class=\"alignleft size-thumbnail wp-image-10085\" src=\"http:\/\/semndecarte.metarsis.ro\/wp-content\/uploads\/2016\/07\/Resita-de-odinioara-_022-95x95.jpg\" alt=\"Resita de odinioara _022\" width=\"95\" height=\"95\" \/><\/a>Eveniment organizat de Forumul Democratic al Germanilor din Banatul Montan, Asocia\u021bia German\u0103 de Cultur\u0103 \u0219i Educa\u021bie a Adul\u021bilor Re\u0219i\u021ba \u00een parteneriat cu Societatea pentru Cultur\u0103 \u201dMetarsis\u201d-activit\u0103\u021bi \u0219i servicii de cultur\u0103 urban\u0103 \u0219i art\u0103 contemporan\u0103 \u0219i libr\u0103ria Semn de Carte.<\/p>\n","protected":false},"excerpt":{"rendered":"<p>S\u00e2mb\u0103t\u0103 seara, 2 iulie 2016, am hoin\u0103rit, al\u0103turi de Lucian DUCA, prin Re\u0219i\u021ba de alt\u0103dat\u0103. Expozi\u021bia de fotografie veche- printuri pe p\u00e2nz\u0103 canvas selec\u021bionate \u015fi \u00eengrijite atent de protagonist- g\u0103zduit\u0103 de sala expozi\u021bional\u0103 a Centrului Social \u201eFr\u00e9d\u00e9ric Ozanam\u201d al Asocia\u0163iei Caritative \u201eSf\u00e2ntul Vincen\u021biu de Paul\u201d din Re\u0219i\u021ba a fost deschisa de Erwin Josef \u021aigla, promoter cultural, pre\u0219edinte al Forumului Democratic al Germanilor din Cara\u015f-Severin \u2013organizatorul principal al evenimentelor Re\u0219i\u021ba\/Reschitza \u2013 245 ani\/ Jahre. \u201d<\/p>\n","protected":false},"author":1,"featured_media":0,"comment_status":"open","ping_status":"open","sticky":false,"template":"","format":"standard","meta":[],"categories":[7],"tags":[263,241],"_links":{"self":[{"href":"https:\/\/semndecarte.metarsis.ro\/index.php?rest_route=\/wp\/v2\/posts\/10035"}],"collection":[{"href":"https:\/\/semndecarte.metarsis.ro\/index.php?rest_route=\/wp\/v2\/posts"}],"about":[{"href":"https:\/\/semndecarte.metarsis.ro\/index.php?rest_route=\/wp\/v2\/types\/post"}],"author":[{"embeddable":true,"href":"https:\/\/semndecarte.metarsis.ro\/index.php?rest_route=\/wp\/v2\/users\/1"}],"replies":[{"embeddable":true,"href":"https:\/\/semndecarte.metarsis.ro\/index.php?rest_route=%2Fwp%2Fv2%2Fcomments&post=10035"}],"version-history":[{"count":0,"href":"https:\/\/semndecarte.metarsis.ro\/index.php?rest_route=\/wp\/v2\/posts\/10035\/revisions"}],"wp:attachment":[{"href":"https:\/\/semndecarte.metarsis.ro\/index.php?rest_route=%2Fwp%2Fv2%2Fmedia&parent=10035"}],"wp:term":[{"taxonomy":"category","embeddable":true,"href":"https:\/\/semndecarte.metarsis.ro\/index.php?rest_route=%2Fwp%2Fv2%2Fcategories&post=10035"},{"taxonomy":"post_tag","embeddable":true,"href":"https:\/\/semndecarte.metarsis.ro\/index.php?rest_route=%2Fwp%2Fv2%2Ftags&post=10035"}],"curies":[{"name":"wp","href":"https:\/\/api.w.org\/{rel}","templated":true}]}}