{"id":10000,"date":"2016-07-02T11:25:51","date_gmt":"2016-07-02T09:25:51","guid":{"rendered":"http:\/\/semndecarte.metarsis.ro\/?p=10000"},"modified":"2016-07-02T19:10:39","modified_gmt":"2016-07-02T17:10:39","slug":"resitareschitza-245-jahre","status":"publish","type":"post","link":"https:\/\/semndecarte.metarsis.ro\/?p=10000","title":{"rendered":"Re\u0219i\u021ba\/Reschitza &#8211; 245 Jahre"},"content":{"rendered":"<p style=\"text-align: justify;\"><strong>Liturghii\/ Heilige Messe<\/strong><\/p>\n<p style=\"text-align: justify;\"><strong><a href=\"http:\/\/semndecarte.metarsis.ro\/wp-content\/uploads\/2016\/07\/MARIA-SCHNEE-KIRCHE-ORGEL.jpg\" rel=\"lightbox[10000]\"><img loading=\"lazy\" class=\"alignleft size-full wp-image-10001\" src=\"http:\/\/semndecarte.metarsis.ro\/wp-content\/uploads\/2016\/07\/MARIA-SCHNEE-KIRCHE-ORGEL.jpg\" alt=\"MARIA SCHNEE-KIRCHE - ORGEL\" width=\"520\" height=\"200\" srcset=\"https:\/\/semndecarte.metarsis.ro\/wp-content\/uploads\/2016\/07\/MARIA-SCHNEE-KIRCHE-ORGEL.jpg 520w, https:\/\/semndecarte.metarsis.ro\/wp-content\/uploads\/2016\/07\/MARIA-SCHNEE-KIRCHE-ORGEL-160x62.jpg 160w, https:\/\/semndecarte.metarsis.ro\/wp-content\/uploads\/2016\/07\/MARIA-SCHNEE-KIRCHE-ORGEL-163x63.jpg 163w\" sizes=\"(max-width: 520px) 100vw, 520px\" \/><\/a>Concert de orga\/ Festliches Orgelkonzert<\/strong><\/p>\n<p style=\"text-align: justify;\">Duminica, 3 iulie 2016, ziua \u00een care, acum 245 de ani s-au aprins focurile \u00een cele dou\u0103 furnale \u201eFranziskus\u201d \u0219i \u201eJosephus\u201d d\u00e2nd start dezvolt\u0103rii Re\u0219i\u021bei, va fi marcat\u0103 \u00een Biserica Romano-Catolic\u0103 \u201dMaria Z\u0103pezii\u201d din Re\u0219i\u021ba. Diminea\u021ba vor avea loc 3 liturghii : ora 09:00 \u00een limba maghiar\u0103, ora 10:00 \u00een limba german\u0103, ora 11:30 \u00een limba rom\u00e2n\u0103, servicii divine de mul\u021bumire \u0219i pomenire a predecesorilor, \u00eentru ve\u0219nic\u0103 pomenire.<\/p>\n<p style=\"text-align: justify;\">Incep\u00e2nd cu ora 18:15 Concertul de org\u0103 va aduce laolalt\u0103 nume importante ale muzicii culte: Cristian Ro\u0219og\u0103- org\u0103, Georg Col\u021ba- tenor, Lucian Furda (Cluj) -vioar\u0103, Remus Ailenei (Iasi)- fagot, George Gassenheimer- vioar\u0103 \u0219i Eduard Gentile Ailenei (contrabas). Programul, extrem de generos, va cuprinde lucr\u0103ri de Massenet, Kreutzer, Stradella, Bottesini, Chiriac, Franck, Vivaldi, Schubert, Beethoven.<!--more--><\/p>\n<p style=\"text-align: justify;\"><strong>NIHIL SINE DEO<\/strong><\/p>\n<p style=\"text-align: justify;\">3 Juli 2016\u00a0 \u00a0Projekt \u201eRe\u0219i\u021ba\/Reschitza &#8211; 245 Jahre\u201c:<\/p>\n<p style=\"text-align: justify;\"><strong>9:00 Uhr<\/strong>, R\u00f6misch-Katholische \u201eMaria Schnee\u201c-Kirche:<\/p>\n<p style=\"text-align: justify;\">Heilige Messe\u00a0<strong>in<\/strong>\u00a0<strong>ungarischer Sprache<\/strong>, in deren Rahmen f\u00fcr Reschitza und ihre ehemaligen und jetzigen Bewohner gebetet wird.<\/p>\n<p style=\"text-align: justify;\"><strong>10:00 Uhr<\/strong>, R\u00f6misch-Katholische \u201eMaria Schnee\u201c-Kirche:\u00a0Heilige Messe\u00a0<strong>in<\/strong>\u00a0<strong>deutscher Sprache<\/strong>, in deren Rahmen f\u00fcr Reschitza und ihre ehemaligen und jetzigen Bewohner gebetet wird.<\/p>\n<p style=\"text-align: justify;\"><strong>11:30 Uhr<\/strong>, R\u00f6misch-Katholische \u201eMaria Schnee\u201c-Kirche:\u00a0Heilige Messe\u00a0<strong>in<\/strong>\u00a0<strong>rum\u00e4nischer Sprache<\/strong>, in deren Rahmen f\u00fcr Reschitza und ihre ehemaligen und jetzigen Bewohner gebetet wird.<\/p>\n<p style=\"text-align: justify;\"><strong>18:15 Uhr<\/strong>, R\u00f6misch-Katholische \u201eMaria Schnee\u201c-Kirche:\u00a0<strong>Festliches Orgelkonzert<\/strong>.<\/p>\n<p style=\"text-align: justify;\">Evenimente cuprinse \u00een proiectul \u201eRe\u0219i\u021ba \/ Reschitza \u2013 245 Jahre\u201c sub egida Forumului Democratic al Germanilor din Banatul Montan, cu sprijinul Parohiei Romano-Catolice \u201dMaria Z\u0103pezii\u201d Re\u0219i\u021ba, \u0219i sus\u021binerea\u00a0 Societ\u0103\u021bii pentru Cultur\u0103 Metarsis \u0219i al libr\u0103ria Semn de Carte.<\/p>\n","protected":false},"excerpt":{"rendered":"<p>Duminica, 3 iulie 2016, ziua \u00een care, acum 245 de ani s-au aprins focurile \u00een cele dou\u0103 furnale \u201eFranziskus\u201d \u0219i \u201eJosephus\u201d d\u00e2nd start dezvolt\u0103rii Re\u0219i\u021bei, va fi marcat\u0103 \u00een Biserica Romano-Catolic\u0103 \u201dMaria Z\u0103pezii\u201d din Re\u0219i\u021ba. Diminea\u021ba vor avea loc 3 liturghii : ora 09:00 \u00een limba maghiar\u0103, ora 10:00 \u00een limba german\u0103, ora 11:30 \u00een limba rom\u00e2n\u0103, servicii divine de mul\u021bumire \u0219i pomenire a predecesorilor, \u00eentru ve\u0219nic\u0103 pomenire.<\/p>\n","protected":false},"author":1,"featured_media":0,"comment_status":"open","ping_status":"open","sticky":false,"template":"","format":"standard","meta":[],"categories":[3],"tags":[600],"_links":{"self":[{"href":"https:\/\/semndecarte.metarsis.ro\/index.php?rest_route=\/wp\/v2\/posts\/10000"}],"collection":[{"href":"https:\/\/semndecarte.metarsis.ro\/index.php?rest_route=\/wp\/v2\/posts"}],"about":[{"href":"https:\/\/semndecarte.metarsis.ro\/index.php?rest_route=\/wp\/v2\/types\/post"}],"author":[{"embeddable":true,"href":"https:\/\/semndecarte.metarsis.ro\/index.php?rest_route=\/wp\/v2\/users\/1"}],"replies":[{"embeddable":true,"href":"https:\/\/semndecarte.metarsis.ro\/index.php?rest_route=%2Fwp%2Fv2%2Fcomments&post=10000"}],"version-history":[{"count":0,"href":"https:\/\/semndecarte.metarsis.ro\/index.php?rest_route=\/wp\/v2\/posts\/10000\/revisions"}],"wp:attachment":[{"href":"https:\/\/semndecarte.metarsis.ro\/index.php?rest_route=%2Fwp%2Fv2%2Fmedia&parent=10000"}],"wp:term":[{"taxonomy":"category","embeddable":true,"href":"https:\/\/semndecarte.metarsis.ro\/index.php?rest_route=%2Fwp%2Fv2%2Fcategories&post=10000"},{"taxonomy":"post_tag","embeddable":true,"href":"https:\/\/semndecarte.metarsis.ro\/index.php?rest_route=%2Fwp%2Fv2%2Ftags&post=10000"}],"curies":[{"name":"wp","href":"https:\/\/api.w.org\/{rel}","templated":true}]}}