{"id":8471,"date":"2014-05-06T17:41:34","date_gmt":"2014-05-06T15:41:34","guid":{"rendered":"http:\/\/semndecarte.metarsis.ro\/?p=8471"},"modified":"2014-05-06T17:41:34","modified_gmt":"2014-05-06T15:41:34","slug":"f-i-s-p-editia-i","status":"publish","type":"post","link":"http:\/\/semndecarte.metarsis.ro\/?p=8471","title":{"rendered":"F.I.S.P. edi\u021bia I"},"content":{"rendered":"<p><strong><span style=\"font-size: 13px; line-height: 1.3;\"><a href=\"http:\/\/semndecarte.metarsis.ro\/wp-content\/uploads\/2014\/05\/Logo-festival-mail.jpg\" rel=\"lightbox[8471]\"><img loading=\"lazy\" class=\"alignleft size-full wp-image-8473\" title=\"Logo festival mail\" src=\"http:\/\/semndecarte.metarsis.ro\/wp-content\/uploads\/2014\/05\/Logo-festival-mail.jpg\" alt=\"\" width=\"519\" height=\"147\" srcset=\"http:\/\/semndecarte.metarsis.ro\/wp-content\/uploads\/2014\/05\/Logo-festival-mail.jpg 519w, http:\/\/semndecarte.metarsis.ro\/wp-content\/uploads\/2014\/05\/Logo-festival-mail-160x45.jpg 160w, http:\/\/semndecarte.metarsis.ro\/wp-content\/uploads\/2014\/05\/Logo-festival-mail-163x46.jpg 163w\" sizes=\"(max-width: 519px) 100vw, 519px\" \/><\/a>Concert extraordinar de pian \u0219i expo \u2013Ziua Europei<\/span><\/strong><\/p>\n<p style=\"text-align: justify;\">Vineri, 9 mai 2014, orele 19:00 \u00een sala \u201cLira\u201d a Liceului de Arte \u201cSabin P\u0103u\u021ba\u201d din Re\u0219i\u021ba, va avea loc deschiderea oficial\u0103 a FESTIVALULUI INTERNA\u021aIONAL SABIN PAUTZA DE INTERPRETARE PIANISTIC\u0102 \u0218I COMPOZI\u021aIE (FISP)-editia I (9-11 mai 2014) printr-un concert extraordinar de pian dedicat Zilei Europei. \u00cen premier\u0103 rom\u00e2neasc\u0103 prof. dr. Corina R\u0103ducanu \u0219i prof. dr. Eugen Dumitrescu (Bucure\u0219ti)\u00a0 vor interpreta INTEGRALA\u00a0 lucr\u0103rilor de pian la patru m\u00e2ini de MAURICE RAVEL.<span style=\"font-size: 13px; line-height: 1.3;\">\u00a0<\/span><\/p>\n<p style=\"text-align: justify;\">Va fi vernisat\u0103 expozi\u021bia \u00a0\u201cDinu Lipatti \u2013 laureat al Premiului Na\u021bional de Compozi\u021bie George Enescu\u201d- realizat\u0103 de Cristina Andrei, muzeograf, manager al Muzeului Na\u021bional \u201cGeorge Enescu\u201d din Bucure\u0219ti \u0219i Olga Grigorescu, consultant \u0219tiin\u021bific, prezentat\u0103 de dr. Irina Ni\u021bu, asistent cercet\u0103tor \u00a0al aceela\u0219i prestigioase Institu\u021bii.<span style=\"font-size: 13px; line-height: 1.3;\">\u00a0<!--more--><\/span><\/p>\n<p style=\"text-align: justify;\">Festivalul- Concurs \u201cSabin P\u0103utza\u201d cu desf\u0103\u0219urare 9-11 mai 2014 \u00ee\u0219i propune promovarea valorilor pianistice (interpretare pianistic\u0103 \u0219i compozi\u021bie muzical\u0103) \u00een r\u00e2ndul tinerei genera\u021bii precum \u0219i \u00eent\u00e2lnirea tinerilor muzicieni cu maestrul SABIN P\u0102UTZA- personalitate distinct\u0103 a muzicii contemporane, considerat de critica de specialitate drept \u201cLeonard Bernstein al Rom\u00e2niei\u201d.<span style=\"font-size: 13px; line-height: 1.3;\">\u00a0<\/span><\/p>\n<p style=\"text-align: justify;\">Expozi\u021bia \u00a0prezint\u0103 materiale \u015fi documente \u00een maniera de colaj pe printuri \u0219i \u00a0ofer\u0103 informa\u0163ii vechi \u015fi noi, cunoscute sau mai pu\u0163in cunoscute, despre genialul pianist \u015fi remarcabilul compozitor\u00a0Dinu Lipatti\u00a0(1917-1950).<span style=\"font-size: 13px; line-height: 1.3;\">\u00a0<\/span><\/p>\n<p style=\"text-align: justify;\">Societatea pentru Cultur\u0103 Metarsis, \u00een parteneriat cu Liceul de Arte \u201cSabin P\u0103u\u021ba\u201d, \u0218coala\u00a0Popular\u0103 de\u00a0Arte\u00a0 \u201eIon Rom\u00e2nu\u201d- Re\u0219i\u021ba, Asocia\u021bia Klavier Art \u0219i Muzeul Na\u021bional \u201cGeorge Enescu\u201d Bucure\u0219ti cu sprijinul Prim\u0103riei Municipiului Re\u0219i\u021ba, Rotary Club Re\u0219i\u021ba, Raiffeisen Bank Re\u0219i\u021ba,\u00a0 Piperiu Publica\u021bii \u0219i libr\u0103ria Semn de Carte.<\/p>\n<p style=\"text-align: justify;\">Parteneri media: Banat TV, Vest TV, Jurnal de Cara\u0219-Severin, Reper 24, Asocia\u021bia Radio Semenic, Argument CS, Info CS \u0219i Express de Banat.<\/p>\n","protected":false},"excerpt":{"rendered":"<p>Vineri, 9 mai 2014, orele 19:00 \u00een sala \u201cLira\u201d a Liceului de Arte \u201cSabin P\u0103u\u021ba\u201d din Re\u0219i\u021ba, va avea loc deschiderea oficial\u0103 a FESTIVALULUI INTERNA\u021aIONAL SABIN PAUTZA DE INTERPRETARE PIANISTIC\u0102 \u0218I COMPOZI\u021aIE (FISP)-editia I (9-11 mai 2014) printr-un concert extraordinar de pian dedicat Zilei Europei. \u00cen premier\u0103 rom\u00e2neasc\u0103 prof. dr. Corina R\u0103ducanu \u0219i prof. dr. Eugen Dumitrescu (Bucure\u0219ti)  vor interpreta INTEGRALA  lucr\u0103rilor de pian la patru m\u00e2ini de MAURICE RAVEL. <\/p>\n","protected":false},"author":1,"featured_media":0,"comment_status":"open","ping_status":"open","sticky":false,"template":"","format":"standard","meta":[],"categories":[3],"tags":[399],"_links":{"self":[{"href":"http:\/\/semndecarte.metarsis.ro\/index.php?rest_route=\/wp\/v2\/posts\/8471"}],"collection":[{"href":"http:\/\/semndecarte.metarsis.ro\/index.php?rest_route=\/wp\/v2\/posts"}],"about":[{"href":"http:\/\/semndecarte.metarsis.ro\/index.php?rest_route=\/wp\/v2\/types\/post"}],"author":[{"embeddable":true,"href":"http:\/\/semndecarte.metarsis.ro\/index.php?rest_route=\/wp\/v2\/users\/1"}],"replies":[{"embeddable":true,"href":"http:\/\/semndecarte.metarsis.ro\/index.php?rest_route=%2Fwp%2Fv2%2Fcomments&post=8471"}],"version-history":[{"count":0,"href":"http:\/\/semndecarte.metarsis.ro\/index.php?rest_route=\/wp\/v2\/posts\/8471\/revisions"}],"wp:attachment":[{"href":"http:\/\/semndecarte.metarsis.ro\/index.php?rest_route=%2Fwp%2Fv2%2Fmedia&parent=8471"}],"wp:term":[{"taxonomy":"category","embeddable":true,"href":"http:\/\/semndecarte.metarsis.ro\/index.php?rest_route=%2Fwp%2Fv2%2Fcategories&post=8471"},{"taxonomy":"post_tag","embeddable":true,"href":"http:\/\/semndecarte.metarsis.ro\/index.php?rest_route=%2Fwp%2Fv2%2Ftags&post=8471"}],"curies":[{"name":"wp","href":"https:\/\/api.w.org\/{rel}","templated":true}]}}